{"id":29068,"date":"2011-03-06T10:05:53","date_gmt":"2011-03-06T08:05:53","guid":{"rendered":"http:\/\/www.korhanyilmaz.com\/?p=29068"},"modified":"2011-03-06T10:05:53","modified_gmt":"2011-03-06T08:05:53","slug":"2009dan-beri-dinleniyormus","status":"publish","type":"post","link":"http:\/\/www.korhanyilmaz.com\/?p=29068","title":{"rendered":"2009&#8217;dan beri dinleniyormu\u015f"},"content":{"rendered":"<p style=\"text-align: center;\"><a href=\"http:\/\/www.korhanyilmaz.com\/wp-content\/uploads\/2011\/03\/124.jpg\"  class=\"lightview\"><img loading=\"lazy\" decoding=\"async\" class=\"aligncenter size-full wp-image-29069\" src=\"http:\/\/www.korhanyilmaz.com\/wp-content\/uploads\/2011\/03\/124.jpg\" alt=\"\" width=\"429\" height=\"158\" \/><\/a><\/p>\n<p style=\"text-align: justify;\">Bu sabaha kar\u015f\u0131 tutuklanan POSTA gazetesi yazar\u0131 ve Milliyet muhabiri Nedim \u015eener&#8217;e 2009 y\u0131l\u0131ndan bu yana teknik takip yap\u0131ld\u0131\u011f\u0131 ortaya \u00e7\u0131kt\u0131.<\/p>\n<p style=\"text-align: justify;\">Bu sabaha kar\u015f\u0131 gazeteci Ahmet \u015e\u0131k ile birlikte tutuklanan gazeteci-yazar Nedim \u015eener\u2019e emniyet ve savc\u0131l\u0131kta 50 soru y\u00f6neltildi. Hakk\u0131nda 2009\u2019dan itibaren teknik takip yap\u0131ld\u0131\u011f\u0131 ortaya \u00e7\u0131kan \u015eener\u2019e, k\u00f6\u015fe yaz\u0131lar\u0131nda yer alan g\u00f6r\u00fc\u015fleri ile \u00e7e\u015fitli TV programlar\u0131nda yapt\u0131\u011f\u0131 konu\u015fmalarla ilgili sorular soruldu. <!--more--><\/p>\n<p style=\"text-align: justify;\">Ergenekon soru\u015fturmas\u0131n\u0131n son dalgas\u0131nda g\u00f6zalt\u0131na al\u0131nan, sonra da tutuklanan POSTA yazar\u0131 ve Milliyet muhabiri Nedim \u015eener\u2019e emniyet ve savc\u0131l\u0131kta 50 soru y\u00f6neltildi. Emniyette susma hakk\u0131n\u0131 kullanarak sorulara cevap vermeyen \u015eener hakk\u0131nda 2009\u2019dan itibaren teknik takip yap\u0131ld\u0131\u011f\u0131 ortaya \u00e7\u0131kt\u0131. Ayr\u0131ca 6 May\u0131s 2009\u2019da \u201cM. Y\u0131lmaz\u201d isimli bir ki\u015fi taraf\u0131ndan emniyete ihbar nitelikli bir e-posta g\u00f6nderildi\u011fi, bu e-postada \u015eener\u2019in \u201cErgenekon\u2019un propaganda biriminde \u00e7ok gizli bir g\u00f6revli oldu\u011fu\u201d iddias\u0131n\u0131n yer ald\u0131\u011f\u0131 da anla\u015f\u0131ld\u0131. Soru\u015fturma kapsam\u0131nda telefonlar\u0131 dinlenen \u015eener\u2019in gazetedeki k\u00f6\u015fe yaz\u0131lar\u0131nda yer alan g\u00f6r\u00fc\u015fleri ve \u00e7e\u015fitli televizyon programlar\u0131nda yapt\u0131\u011f\u0131 konu\u015fmalara ili\u015fkin olarak da kendisine sorular y\u00f6neltildi\u011fi \u00f6\u011frenildi.<\/p>\n<p style=\"text-align: justify;\"><strong>Su\u00e7lama: \u2018ET\u00d6 \u00fcyeli\u011fi\u2019 <\/strong><\/p>\n<p style=\"text-align: justify;\">\u015eener\u2019e Organize Su\u00e7lar \u015eube M\u00fcd\u00fcrl\u00fc\u011f\u00fc\u2019nde \u201cErgenekon ter\u00f6r \u00f6rg\u00fct\u00fcne \u00fcye olmak\u201d su\u00e7lamas\u0131yla y\u00f6neltilen 50 soru aras\u0131nda meslekta\u015flar\u0131yla yapt\u0131\u011f\u0131 telefon g\u00f6r\u00fc\u015fmelerine dair sorular\u0131n da yer ald\u0131\u011f\u0131 \u00f6\u011frenildi. \u015eener\u2019e Ergenekon soru\u015fturmas\u0131 kapsam\u0131nda daha \u00f6nce tutuklanan ve haklar\u0131nda dava a\u00e7\u0131lan san\u0131klardan kimleri tan\u0131d\u0131\u011f\u0131, daha \u00f6nce tutuklanan OdaTv sitesi y\u00f6neticisi Bar\u0131\u015f Terko\u011flu ile yapt\u0131\u011f\u0131 bir telefon g\u00f6r\u00fc\u015fmesi ve OdaTv\u2019nin sahibi Soner Yal\u00e7\u0131n da soruldu.<\/p>\n<p style=\"text-align: justify;\">SORU: 16 \u015eubat 2009\u2019da Bar\u0131\u015f Terko\u011flu ile yapt\u0131\u011f\u0131n\u0131z telefon g\u00f6r\u00fc\u015fmesinde Bar\u0131\u015f\u2019\u0131n, \u201cTamam o zaman biz sizinle hani hem \u015f\u00f6yle bir tan\u0131\u015fm\u0131\u015f olduk\u201d dedi\u011fi, sizin \u201cSoner abiyede selam s\u00f6yleyin ne zaman isterseniz\u201d dedi\u011finiz tespit edilmi\u015ftir. G\u00f6r\u00fc\u015fmenin i\u00e7eri\u011finden OdaTv ve Soner Yal\u00e7\u0131n\u2019la samimi bir irtibat\u0131n\u0131z oldu\u011fu anla\u015f\u0131lmaktad\u0131r. G\u00f6r\u00fc\u015fmenin i\u00e7eri\u011fini a\u00e7\u0131klay\u0131n\u0131z.<\/p>\n<p style=\"text-align: justify;\">OdaTv internet sitesine y\u00f6nelik soru\u015fturmada bir bilgisayarda bulunan \u201cUlusal Medya 2010\u201d ba\u015fl\u0131kl\u0131 dok\u00fcman ve i\u00e7eri\u011fi de sorulan \u015eener\u2019in Emniyet M\u00fcd\u00fcr\u00fc Hanefi Avc\u0131 ve eski Emniyet \u0130stihbarat Daire Ba\u015fkan\u0131 Sabri Uzun\u2019la yapt\u0131\u011f\u0131 haber konulu telefon g\u00f6r\u00fc\u015fmelerinin yan\u0131 s\u0131ra Avc\u0131\u2019n\u0131n \u201cHali\u00e7\u2019te Ya\u015fayan Simonlar\u201d adl\u0131 kitapta \u015eener\u2019in \u201cyazd\u0131\u011f\u0131 k\u0131s\u0131mlar\u201d bulunup bulunmad\u0131\u011f\u0131 da soruldu.<\/p>\n<p style=\"text-align: justify;\">SORU:\u201cHali\u00e7\u2019te Ya\u015fayan Simonlar\u201d isimli kitab\u0131n yaz\u0131lmas\u0131 ile ilgili sizin ne t\u00fcr \u00e7al\u0131\u015fmalar\u0131n\u0131z oldu. Hanefi Avc\u0131 ile nas\u0131l bir i\u015fbirli\u011fi yapt\u0131n\u0131z?<\/p>\n<p style=\"text-align: justify;\">SORU:Sabri Uzun ile aran\u0131zda kar\u015f\u0131l\u0131kl\u0131 \u00e7ok samimi bir ili\u015fkinizin oldu\u011fu anla\u015f\u0131lm\u0131\u015ft\u0131r. Aran\u0131zdaki bu samimi ve yak\u0131n ili\u015fkinin, Hali\u00e7\u2019te Ya\u015fayan Simonlar kitab\u0131na benzer yapt\u0131\u011f\u0131n\u0131z kitap \u00e7al\u0131\u015fmas\u0131n\u0131n Sabri Uzun ismi ile \u00e7\u0131kart\u0131lmaya \u00e7al\u0131\u015fmas\u0131ndaki rol\u00fc nedir?<\/p>\n<p style=\"text-align: justify;\"><strong>Avc\u0131\u2019n\u0131n kitab\u0131ndaki \u00e7eli\u015fkiler <\/strong><\/p>\n<p style=\"text-align: justify;\">\u015eener\u2019e, Avc\u0131\u2019n\u0131n kitab\u0131n\u0131n ikinci b\u00f6l\u00fcm\u00fcnde Hrant Dink cinayetiyle ilgili karanl\u0131kta kalan hi\u00e7bir yan olmad\u0131\u011f\u0131n\u0131n yaz\u0131l\u0131 oldu\u011fu, fakat kendisinin kat\u0131ld\u0131\u011f\u0131 televizyon programlar\u0131nda, yazd\u0131\u011f\u0131 yaz\u0131larda ve kat\u0131ld\u0131\u011f\u0131 televizyon programlar\u0131nda tam aksi y\u00f6nde g\u00f6r\u00fc\u015f beyan etti\u011fi ifade edildi. Sorguda \u015eener\u2019in buna ra\u011fmen kat\u0131ld\u0131\u011f\u0131 televizyon programlar\u0131nda kitab\u0131 savundu\u011fu anlat\u0131ld\u0131.<\/p>\n<p style=\"text-align: justify;\">SORU: Kitab\u0131n i\u00e7erisinde sizin fikirlerinize ayk\u0131r\u0131 g\u00f6r\u00fc\u015fler oldu\u011fu halde kitab\u0131n \u015fiddetli savunucular\u0131ndan olman\u0131z OdaTv\u2019de ele ge\u00e7irilen notlarla birlikte de\u011ferlendirildi\u011finde, bu kitab\u0131n ikinci k\u0131sm\u0131n\u0131n yaz\u0131m a\u015famas\u0131nda ciddi \u00e7al\u0131\u015fmalar\u0131n\u0131z\u0131n oldu\u011funu g\u00f6stermektedir. Bu durumu nas\u0131l a\u00e7\u0131klayacaks\u0131n\u0131z?<\/p>\n<p style=\"text-align: justify;\">\u015eener\u2019e kat\u0131ld\u0131\u011f\u0131 baz\u0131 televizyon programlar\u0131nda Ergenekon davas\u0131, Hanefi Avc\u0131\u2019n\u0131n kitab\u0131 ve Hrant Dink cinayetiyle ilgili yapt\u0131\u011f\u0131 baz\u0131 konu\u015fmalar\u0131 da soruldu. \u015eener\u2019in \u00fc\u00e7 ayr\u0131 haber kanal\u0131nda kat\u0131ld\u0131\u011f\u0131 d\u00f6rt farkl\u0131 programda yapt\u0131\u011f\u0131 a\u00e7\u0131klamalar da sorulan sorulara referans olarak g\u00f6sterildi. Birinci Ergenekon davas\u0131n\u0131n tutuklu san\u0131klar\u0131ndan \u0130smail Y\u0131ld\u0131z\u2019a ait hard diskte \u00e7\u0131kan notlarda yer alan \u201cHanefi Avc\u0131\u2019n\u0131n Nedim \u015eener mahlas\u0131yla (takma ad\u0131yla) \u00c7ak\u0131c\u0131 ve Uzanlar hakk\u0131nda kitap yazd\u0131\u011f\u0131\u201d iddias\u0131 hat\u0131rlat\u0131larak, Hanefi Avc\u0131 ile birlikte bir kitap \u00e7al\u0131\u015fmas\u0131 yap\u0131p yapmad\u0131\u011f\u0131, ayr\u0131ca Avc\u0131\u2019n\u0131n da \u00c7ak\u0131c\u0131 ve Uzanlar hakk\u0131nda kitap yaz\u0131p yazmad\u0131\u011f\u0131 soruldu.<\/p>\n<p style=\"text-align: justify;\"><strong>Bilgisayar ve CD\u2019leri neden att\u0131n?<\/strong><\/p>\n<p style=\"text-align: justify;\">\u015eener\u2019e 27 \u015eubat 2011\u2019de milletvekili \u0130lhan Kesici\u2019yle yapt\u0131\u011f\u0131 bir telefon g\u00f6r\u00fc\u015fmesinde, \u201cBir gazeteci evinde tek bir CD tutmaz m\u0131, bilgisayar bulundurmaz m\u0131? Ama bunlar\u0131n hepsini \u00e7\u0131kard\u0131m att\u0131m, evde bir tane Zeki M\u00fcren CD\u2019si bile kalmad\u0131. B\u00fct\u00fcn bilgisayarlar\u0131 att\u0131m\u201d dedi\u011fi hat\u0131rlat\u0131larak, \u201c\u00f6rg\u00fctsel veya illegal bir faaliyeti yoksa evindeki t\u00fcm dijital verileri yok etmesinin sebebi\u201d soruldu. Yine bir ba\u015fka g\u00f6r\u00fc\u015fmede \u015eener\u2019in sabit telefonla konu\u015fmay\u0131 tercih etmesi sorgu s\u0131ras\u0131nda \u201cgizlili\u011fe dikkat etmesi\u201d \u015feklinde de\u011ferlendirildi ve bunun sebebi soruldu.<\/p>\n<p style=\"text-align: justify;\">SORU: Evinizdeki t\u00fcm dijital verileri yok etme sebebiniz nedir? Sabit telefonla konu\u015fmay\u0131 neden tercih ediyordunuz?<\/p>\n<p style=\"text-align: justify;\"><strong>D\u00fcndar\u2019la konu\u015fmalar\u0131 da soruldu <\/strong><\/p>\n<p style=\"text-align: justify;\">Nedim \u015eener\u2019e sorulan sorular aras\u0131nda U\u011fur D\u00fcndar\u2019la yapt\u0131\u011f\u0131 \u00fc\u00e7 telefon g\u00f6r\u00fc\u015fmesi de var. \u015eener ile D\u00fcndar aras\u0131nda 21 Temmuz 2009\u2019da ge\u00e7en ilk g\u00f6r\u00fc\u015fmede D\u00fcndar \u015eener\u2019e kitab\u0131n\u0131 kendisinden habersiz \u00e7\u0131kard\u0131\u011f\u0131 i\u00e7in sitem ediyor. 23 Temmuz 2009\u2019da yap\u0131lan g\u00f6r\u00fc\u015fmede ise D\u00fcndar, kendisinin kat\u0131laca\u011f\u0131 bir \u00f6d\u00fcl t\u00f6renine bir arkada\u015f\u0131n\u0131n da gelece\u011fini, \u015eener\u2019e bir dosyadan bahsede\u011fini ancak \u015eener\u2019in daha sonra bu konuda telefonda kendisine hi\u00e7bir \u015fey s\u00f6ylememesini s\u00f6yl\u00fcyor. \u015eener de \u201cTamam\u201d diyor, D\u00fcndar da \u201cTelefonda katiyyen konu\u015fmayal\u0131m\u201d diye \u015eener\u2019i tekrar uyar\u0131yor. Bu g\u00f6r\u00fc\u015fmeden iki dakika sonra yap\u0131lan ikinci g\u00f6r\u00fc\u015fmede de D\u00fcndar \u015eener\u2019i o konuda sadece kendisiyle de\u011fil hi\u00e7 kimse ile telefon g\u00f6r\u00fc\u015fmemesini s\u00f6yl\u00fcyor.<\/p>\n<p style=\"text-align: justify;\">SORU: G\u00f6r\u00fc\u015fmede gizlili\u011fe dikkat  etmenizin sebebi nedir?<\/p>\n<p style=\"text-align: justify;\"><strong>\u2018Avc\u0131 niye mesaj att\u0131?\u2019 <\/strong><\/p>\n<p style=\"text-align: justify;\">Nedim \u015eener\u2019e, Hanefi Avc\u0131\u2019n\u0131n Devrimci Karargah ter\u00f6r \u00f6rg\u00fct\u00fcne y\u00f6nelik soru\u015fturmada tutukland\u0131ktan sonra kendisine mesaj att\u0131\u011f\u0131 belirtilerek, \u201cE\u015fi ve g\u00f6n\u00fcl ili\u015fkisi oldu\u011fu bayandan hemen sonra ve sadece size mesaj atmas\u0131n\u0131 nas\u0131l de\u011ferlendiriyorsunuz?\u201d sorusu da soruldu.<\/p>\n<p style=\"text-align: justify;\"><strong>\u0130hbar mektubundaki \u201cM.Y\u0131lmaz\u201d en s\u0131k rastlanan isimlerden <\/strong><\/p>\n<p style=\"text-align: justify;\">\u0130\u00e7i\u015fleri Bakanl\u0131\u011f\u0131 N\u00fcfus ve Vatanda\u015fl\u0131k \u0130\u015fleri Genel M\u00fcd\u00fcrl\u00fc\u011f\u00fc\u2019n\u00fcn internet sitesindeki 2008 y\u0131l\u0131nda g\u00fcncellenen bilgilere g\u00f6re, Mehmet ve Mustafa en \u00e7ok kullan\u0131lan ilk be\u015f erkek ismi aras\u0131nda. \u00dclke \u00e7ap\u0131nda en \u00e7ok kullan\u0131lan ilk be\u015f soy ad\u0131ndan biri ise Y\u0131lmaz. Y\u0131lmaz soyad\u0131n\u0131 ta\u015f\u0131yan vatanda\u015f say\u0131s\u0131 ise 1.5 milyon civar\u0131nda.<\/p>\n<p style=\"text-align: justify;\"><strong>\u0130\u015fte CMK\u2019daki h\u00fck\u00fcm<\/strong><\/p>\n<p style=\"text-align: justify;\">Telefon dinleme ya da Ceza Muhakemesi Kanunu\u2019ndaki ad\u0131yla \u201cteknik takip\u201d uygulamas\u0131n\u0131n hangi hallerde ve nas\u0131l yap\u0131laca\u011f\u0131 CMK\u2019n\u0131n 135. maddesinde anlat\u0131l\u0131yor. Buna g\u00f6re \u201cBir su\u00e7 dolay\u0131s\u0131yla yap\u0131lan soru\u015fturmalarda, su\u00e7 i\u015flendi\u011fine ili\u015fkin kuvvetli \u015f\u00fcphe sebeplerinin varl\u0131\u011f\u0131 ve ba\u015fka suretle delil elde edilmesi imk\u00e2n\u0131n\u0131n bulunmamas\u0131 durumunda, h\u00e2kim veya gecikmesinde sak\u0131nca bulunan hallerde Cumhuriyet savc\u0131s\u0131n\u0131n karar\u0131yla \u015f\u00fcpheli veya san\u0131\u011f\u0131n telekom\u00fcnikasyon yoluyla ileti\u015fimi tespit edilebilir, dinlenebilir ve kayda al\u0131nabilir. Cumhuriyet savc\u0131s\u0131 karar\u0131n\u0131 derh\u00e2l h\u00e2kimin onay\u0131na sunar ve h\u00e2kim, karar\u0131n\u0131 en ge\u00e7 yirmid\u00f6rt saat i\u00e7inde verir. S\u00fcrenin dolmas\u0131 veya h\u00e2kim taraf\u0131ndan aksine karar verilmesi halinde tedbir Cumhuriyet savc\u0131s\u0131 taraf\u0131ndan derh\u00e2l kald\u0131r\u0131l\u0131r.\u201d<\/p>\n<p style=\"text-align: justify;\">Yarg\u0131tay 8. Ceza Dairesi\u2019nin 9 \u015eubat 2009\u2019da verdi\u011fi karara g\u00f6re de \u201ci\u00e7eri\u011fi maddi bulgularla desteklenemeyen telefon g\u00f6r\u00fc\u015fmelerine dayal\u0131 ileti\u015fim kay\u0131tlar\u0131\u201d h\u00fckme esas te\u015fkil edecek delil olarak kullan\u0131lam\u0131yor.<\/p>\n<p style=\"text-align: justify;\"><strong>\u0130dil serbest b\u0131rak\u0131ld\u0131 <\/strong><\/p>\n<p style=\"text-align: justify;\">OdaTv internet sitesiyle ba\u011flant\u0131l\u0131 soru\u015fturma kapsam\u0131nda Ankara\u2019da g\u00f6zalt\u0131na al\u0131nan ve sa\u011fl\u0131k sorunlar\u0131 gerek\u00e7esiyle \u0130stanbul\u2019a g\u00f6t\u00fcr\u00fclemeyen OdaTv Ankara Temsilcisi M\u00fcmtaz \u0130dil\u2019in, savc\u0131l\u0131k talimat\u0131yla serbest b\u0131rak\u0131ld\u0131\u011f\u0131 \u00f6\u011frenildi. \u0130dil\u2019in avukat\u0131 \u0130smail \u00c7akmak, \u201cGece saat 00.10 s\u0131ralar\u0131nda gelen talimat uyar\u0131nca serbest b\u0131rak\u0131ld\u0131\u011f\u0131 s\u00f6ylendi ve e\u015fyalar\u0131 da kendisine teslim edildi. Ancak sa\u011fl\u0131k sorunlar\u0131 gerek\u00e7esiyle hastanedeki tedavisi bir s\u00fcre daha devam edecek\u201d dedi. \u0130dil\u2019in, g\u0131rtlak kanseri oldu\u011fu ve yemek borusunun 3\u2019te 2\u2019sinin al\u0131nd\u0131\u011f\u0131 a\u00e7\u0131klanm\u0131\u015ft\u0131. ( Milliyet)<\/p>\n<p style=\"text-align: justify;\"><a href=\"http:\/\/www.posta.com.tr\/turkiye\/HaberDetay\/2009_dan_beri_dinleniyormus.htm?ArticleID=63922&amp;PageIndex=1\" target=\"_blank\"><span style=\"color: #888888;\">Kaynak : Posta Gazetesi<\/span><\/a><\/p>\n","protected":false},"excerpt":{"rendered":"<p style=\"text-align: center;\">\n<p style=\"text-align: justify;\">Bu sabaha kar\u015f\u0131 tutuklanan POSTA gazetesi yazar\u0131 ve Milliyet muhabiri Nedim \u015eener&#8217;e 2009 y\u0131l\u0131ndan bu yana teknik takip yap\u0131ld\u0131\u011f\u0131 ortaya \u00e7\u0131kt\u0131.<\/p>\n<p style=\"text-align: justify;\">Bu sabaha kar\u015f\u0131 gazeteci Ahmet \u015e\u0131k ile birlikte tutuklanan gazeteci-yazar Nedim \u015eener\u2019e emniyet ve savc\u0131l\u0131kta 50 soru y\u00f6neltildi. Hakk\u0131nda 2009\u2019dan itibaren teknik takip yap\u0131ld\u0131\u011f\u0131 ortaya \u00e7\u0131kan \u015eener\u2019e, <\/p>\n","protected":false},"author":1,"featured_media":0,"comment_status":"open","ping_status":"closed","sticky":false,"template":"","format":"standard","meta":{"footnotes":""},"categories":[105],"tags":[],"class_list":["post-29068","post","type-post","status-publish","format-standard","hentry","category-gundem","odd"],"_links":{"self":[{"href":"http:\/\/www.korhanyilmaz.com\/index.php?rest_route=\/wp\/v2\/posts\/29068","targetHints":{"allow":["GET"]}}],"collection":[{"href":"http:\/\/www.korhanyilmaz.com\/index.php?rest_route=\/wp\/v2\/posts"}],"about":[{"href":"http:\/\/www.korhanyilmaz.com\/index.php?rest_route=\/wp\/v2\/types\/post"}],"author":[{"embeddable":true,"href":"http:\/\/www.korhanyilmaz.com\/index.php?rest_route=\/wp\/v2\/users\/1"}],"replies":[{"embeddable":true,"href":"http:\/\/www.korhanyilmaz.com\/index.php?rest_route=%2Fwp%2Fv2%2Fcomments&post=29068"}],"version-history":[{"count":0,"href":"http:\/\/www.korhanyilmaz.com\/index.php?rest_route=\/wp\/v2\/posts\/29068\/revisions"}],"wp:attachment":[{"href":"http:\/\/www.korhanyilmaz.com\/index.php?rest_route=%2Fwp%2Fv2%2Fmedia&parent=29068"}],"wp:term":[{"taxonomy":"category","embeddable":true,"href":"http:\/\/www.korhanyilmaz.com\/index.php?rest_route=%2Fwp%2Fv2%2Fcategories&post=29068"},{"taxonomy":"post_tag","embeddable":true,"href":"http:\/\/www.korhanyilmaz.com\/index.php?rest_route=%2Fwp%2Fv2%2Ftags&post=29068"}],"curies":[{"name":"wp","href":"https:\/\/api.w.org\/{rel}","templated":true}]}}