{"id":29064,"date":"2011-03-06T10:08:46","date_gmt":"2011-03-06T08:08:46","guid":{"rendered":"http:\/\/www.korhanyilmaz.com\/?p=29064"},"modified":"2011-03-06T10:08:46","modified_gmt":"2011-03-06T08:08:46","slug":"61-gazetecinin-gunahi-sizin-boynunuza","status":"publish","type":"post","link":"http:\/\/www.korhanyilmaz.com\/?p=29064","title":{"rendered":"&#8220;61 gazetecinin g\u00fcnah\u0131 sizin boynunuza&#8221;"},"content":{"rendered":"<p style=\"text-align: center;\"><a href=\"http:\/\/www.korhanyilmaz.com\/wp-content\/uploads\/2011\/03\/123.jpg\"  class=\"lightview\"><img loading=\"lazy\" decoding=\"async\" class=\"aligncenter size-full wp-image-29065\" src=\"http:\/\/www.korhanyilmaz.com\/wp-content\/uploads\/2011\/03\/123.jpg\" alt=\"\" width=\"322\" height=\"241\" \/><\/a><\/p>\n<p style=\"text-align: justify;\">Cumhuriyet Halk Partisi (CHP) Genel Ba\u015fkan\u0131 Kemal K\u0131l\u0131\u00e7daro\u011flu, T\u00fcrkiye&#8217;de g\u00f6zalt\u0131na al\u0131nan gazetecilerin sorumlulu\u011funun AB&#8217;de oldu\u011funu savunarak, &#8221;Biz referandum s\u0131ras\u0131nda yarg\u0131 siyasalla\u015facak derken Br\u00fcksel bu reform diyordu. 61 gazetecinin g\u00fcnah\u0131 sizin boynunuza&#8221; dedi.<\/p>\n<p style=\"text-align: justify;\">Bochum- CHP Lideri Kemal K\u0131l\u0131\u00e7daro\u011flu, CHP ve D\u0130SK taraf\u0131ndan Almanya&#8217;n\u0131n Bochum kentinde d\u00fczenlenen &#8221;T\u00fcrkiye&#8217;den G\u00f6\u00e7\u00fcn&#8217;\u00fcn 50. Y\u0131l\u0131nda Emek \u015eenli\u011fi&#8221;nde gurbet\u00e7ilere hitap etti. <!--more--><\/p>\n<p style=\"text-align: justify;\">CHP lideri, T\u00fcrkiye&#8217;de g\u00f6zalt\u0131na al\u0131na gazetecilerle ilgili olarak, \u015funlar\u0131 s\u00f6yledi:<\/p>\n<p style=\"text-align: justify;\">&#8221;Londra&#8217;dan \u0130stanbul&#8217;a d\u00f6n\u00fc\u015fte polis haz\u0131rl\u0131k yap\u0131yordu. Otelde daha uyumadan telefon \u00e7ald\u0131, gazetecilerin evleri ofisleri bas\u0131lm\u0131\u015f. Bu gazeteciler ne yapt\u0131lar. Bir gazetecinin haber emek\u00e7isinin ofisi niye bas\u0131l\u0131r? Evi niye bas\u0131l\u0131r? E\u015fi hastaneden yeni \u00e7\u0131km\u0131\u015f gazetecinin evi hangi gerek\u00e7e ile bas\u0131l\u0131r? Bunun ad\u0131na T\u00fcrkiye&#8217;de ileri demokrasi deniyor. \u015eunu unutmay\u0131n 12 Eyl\u00fcl darbecileri d\u00f6neminde 31 gazeteci hapisteydi. 8 y\u0131ll\u0131k AKP d\u00f6neminde hapiste olan gazeteci say\u0131s\u0131 61. Bunu \u00f6zellikle Avrupal\u0131 dostlar\u0131m\u0131z duysun diye s\u00f6yl\u00fcyorum. AKP demokratt\u0131r diye \u00e7\u0131k\u0131p meydanlarda konu\u015fanlar duysun diye Br\u00fcksel&#8217;de koltuklar\u0131nda oturup CHP&#8217;yi sabah ak\u015fam ele\u015ftirenler duysunlar diye s\u00f6yl\u00fcyorum.&#8221;<\/p>\n<p style=\"text-align: justify;\">T\u00fcrkiye&#8217;de \u015fu ana kadar 2 bin gazetecinin yarg\u0131land\u0131\u011f\u0131n\u0131 ve 4 bin gazeteci hakk\u0131nda soru\u015fturma a\u00e7\u0131ld\u0131\u011f\u0131n\u0131 ifade eden K\u0131l\u0131\u00e7daro\u011flu, s\u00f6zlerini \u015f\u00f6yle s\u00fcrd\u00fcrd\u00fc:<\/p>\n<p style=\"text-align: justify;\">&#8221;12 Eyl\u00fcl \u00fcr\u00fcn\u00fc bir parti, 12 Eyl\u00fcl darbecilerinden hesap m\u0131 sorabilir. Bu \u00fclkenin yeti\u015ftirdi\u011fi halk\u0131 do\u011fru bilgilendirmek i\u00e7in \u00e7al\u0131\u015fan gazetecilerin evini basacaks\u0131n\u0131z, sonra kalkacaks\u0131n\u0131z T\u00fcrkiye&#8217;de ileri demokrasi var diyeceksiniz. Bir de milletin g\u00f6z\u00fcn\u00fcn i\u00e7ine baka baka &#8216;T\u00fcrkiye&#8217;de bas\u0131n \u00f6zg\u00fcrl\u00fc\u011f\u00fc ABD&#8217;den bile daha \u00f6ndedir&#8217; diyeceksiniz. T\u00fcrkiye&#8217;de 8 y\u0131lda \u00e7ok \u015fey de\u011fi\u015fti. Demokrat olanlar i\u00e7in, &#8216;yetmez ama evet&#8217; diyenler i\u00e7in s\u00f6yl\u00fcyorum. Art\u0131k T\u00fcrkiye&#8217;de her ev dinleniyor, sokaktaki vatanda\u015f dinleniyor.&#8221;<\/p>\n<p style=\"text-align: justify;\">T\u00fcrkiye&#8217;de yalan politikadan, talandan b\u0131kt\u0131klar\u0131n\u0131 ve yalan ile talan\u0131 sonlad\u0131r\u0131p halk\u0131n iktidar\u0131n\u0131 kurmaya karar verdiklerini belirten K\u0131l\u0131\u00e7daro\u011flu, halk\u0131 kand\u0131rmayacaklar\u0131n\u0131, kand\u0131ranlardan olmayacaklar\u0131n\u0131 ifade eti.<\/p>\n<p style=\"text-align: justify;\">Sirkeci&#8217;den 50 y\u0131l \u00f6nce trene binip Almanya&#8217;ya al\u0131n teri ile para kazanmak i\u00e7in gelen gurbet\u00e7ilerin bug\u00fcn Almanya&#8217;da yazar, politikac\u0131 m\u00fchendis, mimar ve i\u015fveren olduklar\u0131na dikkati \u00e7eken CHP lideri K\u0131l\u0131\u00e7daro\u011flu, Almanya&#8217;daki T\u00fcrklerin 74 bin i\u015fletme ile 38 milyar avro ciro yapt\u0131\u011f\u0131n\u0131 s\u00f6yledi.<\/p>\n<p style=\"text-align: justify;\"><strong>&#8220;Onurumuzsunuz&#8221; <\/strong><\/p>\n<p style=\"text-align: justify;\">Almanya&#8217;da 45 bin \u00fcniversiteli \u00f6\u011frenci 950 bin T\u00fcrkiye k\u00f6kenli Alman oldu\u011funu bildiren Kemal K\u0131l\u0131\u00e7daro\u011flu, \u015f\u00f6yle konu\u015ftu:<\/p>\n<p style=\"text-align: justify;\">&#8221;Bunlar bizi Almanlarla entegre ediyor. Umudum \u015fu T\u00fcrkiye&#8217;ye kar\u015f\u0131 Almanya Fransa ve Avusturya&#8217;dan farkl\u0131 sesler \u00e7\u0131k\u0131yor T\u00fcrkiye AB \u00fcyesi olmas\u0131n diye. Sizler Almanya&#8217;da yeti\u015fenler Alman yurtta\u015f\u0131 olan T\u00fcrkiye k\u00f6kenliler, sizler bizi AB&#8217;ye ta\u015f\u0131yacak lokomotiflersiniz. Sizler T\u00fcrkiye&#8217;de bizim onurumuzsunuz. Biz sizlerin yazd\u0131\u011f\u0131n\u0131z filmleri izledik\u00e7e yazd\u0131\u011f\u0131n\u0131z kitaplar\u0131 okuduk\u00e7a sizinle iftihar ediyoruz.&#8221;<\/p>\n<p style=\"text-align: justify;\">K\u0131l\u0131\u00e7daro\u011flu, 100 gurbet\u00e7iden 30&#8217;unun Almanya&#8217;da para toplayan holdinglere paras\u0131n\u0131 kapt\u0131rd\u0131\u011f\u0131n\u0131 belirterek, &#8221;Dosyalar\u0131 alaca\u011f\u0131m. Almanya&#8217;da hortumlanan para 10 milyar avro. Nas\u0131l oluyor insanlar\u0131n al\u0131n teri inan\u00e7 u\u011fruna nas\u0131l s\u00f6m\u00fcr\u00fcl\u00fcr? \u00c7al\u0131\u015f\u0131p kazanmak bu kadar al\u0131n teri d\u00f6kmek bu kadar kolay m\u0131? Hele hele Almanya&#8217;da para kazanmak kolay m\u0131?&#8221; dedi.<\/p>\n<p style=\"text-align: justify;\">Deniz Feneri davas\u0131na bakan Alman yarg\u0131c\u0131n davay\u0131 &#8221;y\u00fczy\u0131l\u0131n soygunu, Almanya tarihinin en b\u00fcy\u00fck soygunu&#8221; olarak niteledi\u011fini ifade eden K\u0131l\u0131\u00e7daro\u011flu, \u015funlar\u0131 kaydetti:<\/p>\n<p style=\"text-align: justify;\">&#8221;T\u00fcrkiye Cumhuriyetinin en k\u00fc\u00e7\u00fck soygunlar\u0131ndan birisi. Alman yarg\u0131\u00e7lar dediler ki &#8216;Biz Almanya&#8217;dakileri bulduk yarg\u0131 \u00f6n\u00fcne \u00e7\u0131kard\u0131k, mahkum ettik, ama as\u0131l failler T\u00fcrkiye&#8217;de. As\u0131l failler nerede bilenler var m\u0131? As\u0131l failler Recep Bey&#8217;in arkas\u0131nda. Bu faillerden birisi televizyona \u00e7\u0131kt\u0131, &#8216;Benim arkamda Ba\u015fbakan var&#8217; dedi. Bunlar\u0131 \u00e7ocuklar\u0131m\u0131z bile tan\u0131mal\u0131. \u0130sim isim s\u00f6yleyece\u011fiz. Art\u0131k bu \u00fclkede T\u00fcrkiye&#8217;de Almanya&#8217;da Fransa&#8217;da, Holanda&#8217;da, Bel\u00e7ika&#8217;da yurtta\u015flar\u0131m\u0131z soyulmas\u0131n. Al\u0131n terini \u00e7alanlardan hesap soraca\u011f\u0131z ki bir daha al\u0131n teri \u00e7al\u0131nmas\u0131n diye.&#8221;<\/p>\n<p style=\"text-align: justify;\">H\u00fcmanist k\u00fclt\u00fcr\u00fc sevdiklerini bildiren CHP Genel Ba\u015fkan\u0131 Kemal K\u0131l\u0131\u00e7daro\u011flu, Almanya&#8217;n\u0131n vefat eden eski ba\u015fbakanlar\u0131ndan Willy Brand ve B\u00fclent Ecevit&#8217;in evrensel de\u011ferlerinden yararlanmay\u0131 d\u00fc\u015f\u00fcnd\u00fcklerini a\u00e7\u0131klad\u0131.<\/p>\n<p style=\"text-align: justify;\">T\u00fcrkiye&#8217;de yarg\u0131n\u0131n siyasalla\u015ft\u0131\u011f\u0131n\u0131 savunan CHP Genel Ba\u015fkan\u0131, &#8221;Yarg\u0131 sistemi d\u00fc\u015f\u00fcnebiliyor musunuz? Yarg\u0131tay, hakimler tarafs\u0131z davranmad\u0131klar\u0131 i\u00e7in onlar\u0131 tazminata mahkum oldu. 3 tane yarg\u0131\u00e7 var. G\u00f6revlerini b\u0131rak\u0131p gitmediler&#8221; dedi.<\/p>\n<p style=\"text-align: justify;\"><strong>Anayasa Mahkemesi&#8217;ne h\u00fclle ile \u00fcye <\/strong><\/p>\n<p style=\"text-align: justify;\">T\u00fcrkiye&#8217;de h\u00fclle ile Anayasa Mahkemesine \u00fcye atand\u0131\u011f\u0131n\u0131 iddia eden Kemal K\u0131l\u0131\u00e7daro\u011flu s\u00f6zlerini \u015f\u00f6yle s\u00fcrd\u00fcrd\u00fc:<\/p>\n<p style=\"text-align: justify;\">&#8221;H\u00fclle ile yarg\u0131\u00e7 atanabilir mi? Bunlar\u0131 her yerde Almanya&#8217;da, Fransa&#8217;da, Hollanda&#8217;da, ABD&#8217;de Br\u00fcksel&#8217;de, kulaklar\u0131 duymayan Br\u00fcksel&#8217;de s\u00f6yleyin. Bunlar olurken T\u00fcrkiye&#8217;de ba\u015fka \u015feyler de oluyor. T\u00fcrkiye uluslararas\u0131 \u015feffafl\u0131k \u00f6rg\u00fct\u00fcn\u00fcn raporunda r\u00fc\u015fvette bir numara yolsuzluklarda zaten markay\u0131z. AKP markas\u0131 e\u015fittir yolsuzluklar. K\u00f6\u015feyi d\u00f6nenlerin partisi. B\u00fcy\u00fck d\u00fc\u015f\u00fcn\u00fcn diyenler, yani b\u00fcy\u00fck g\u00f6t\u00fcr\u00fcn anlam\u0131nda. Yoksulu d\u00fc\u015f\u00fcnen bir parti olarak aile sigortas\u0131 getirece\u011fiz dedik, Ba\u015fbakan \u00e7\u0131kt\u0131 dedi ki &#8217;12 milyon yoksulun yan\u0131nda bir de kay\u0131td\u0131\u015f\u0131 yoksul var&#8217;. Bu bir itiraft\u0131r. Devletin resmi rakamlar\u0131n\u0131n yoksul say\u0131s\u0131n\u0131 ne kadar az g\u00f6sterdi\u011finin ve ba\u015fbakan\u0131n a\u011fz\u0131ndan \u00e7\u0131kan bir itiraf\u0131d\u0131r.&#8221;<\/p>\n<p style=\"text-align: justify;\">Konu\u015fmas\u0131nda AB&#8217;ye de de\u011finen K\u0131l\u0131\u00e7daro\u011flu, &#8221;G\u00fcc\u00fcm\u00fcz sizsiniz. AB \u00e7a\u011fda\u015fla\u015fma projesidir. O projesinin alt\u0131nda \u0130smet \u0130n\u00f6n\u00fc&#8217;n\u00fcn imzas\u0131 vard\u0131r. O imzaya sonuna kadar sahip \u00e7\u0131kaca\u011f\u0131z. Sarkozy imtiyazl\u0131 ortakl\u0131k \u00f6neriyor, Merkel imtiyazl\u0131 ortakl\u0131k \u00f6neriyor. \u0130ster Merkel ister Sarkoyz AB hakk\u0131m\u0131z\u0131 s\u00f6ke s\u00f6ke alaca\u011f\u0131z&#8221; diye konu\u015ftu.<\/p>\n<p style=\"text-align: justify;\"><a href=\"http:\/\/www.cumhuriyet.com.tr\/?hn=222500&amp;kw=%2261+gazetecinin+g%FCnah%FD+sizin+boynunuza%22\" target=\"_blank\"><span style=\"color: #888888;\">Kaynak : Cumhuriyet Haber Portal\u0131<\/span><\/a><\/p>\n","protected":false},"excerpt":{"rendered":"<p style=\"text-align: center;\">\n<p style=\"text-align: justify;\">Cumhuriyet Halk Partisi (CHP) Genel Ba\u015fkan\u0131 Kemal K\u0131l\u0131\u00e7daro\u011flu, T\u00fcrkiye&#8217;de g\u00f6zalt\u0131na al\u0131nan gazetecilerin sorumlulu\u011funun AB&#8217;de oldu\u011funu savunarak, &#8221;Biz referandum s\u0131ras\u0131nda yarg\u0131 siyasalla\u015facak derken Br\u00fcksel bu reform diyordu. 61 gazetecinin g\u00fcnah\u0131 sizin boynunuza&#8221; dedi.<\/p>\n<p style=\"text-align: justify;\">Bochum- CHP Lideri Kemal K\u0131l\u0131\u00e7daro\u011flu, CHP ve D\u0130SK taraf\u0131ndan Almanya&#8217;n\u0131n Bochum kentinde d\u00fczenlenen &#8221;T\u00fcrkiye&#8217;den G\u00f6\u00e7\u00fcn&#8217;\u00fcn 50. <\/p>\n","protected":false},"author":1,"featured_media":0,"comment_status":"open","ping_status":"closed","sticky":false,"template":"","format":"standard","meta":{"footnotes":""},"categories":[105],"tags":[],"class_list":["post-29064","post","type-post","status-publish","format-standard","hentry","category-gundem","odd"],"_links":{"self":[{"href":"http:\/\/www.korhanyilmaz.com\/index.php?rest_route=\/wp\/v2\/posts\/29064","targetHints":{"allow":["GET"]}}],"collection":[{"href":"http:\/\/www.korhanyilmaz.com\/index.php?rest_route=\/wp\/v2\/posts"}],"about":[{"href":"http:\/\/www.korhanyilmaz.com\/index.php?rest_route=\/wp\/v2\/types\/post"}],"author":[{"embeddable":true,"href":"http:\/\/www.korhanyilmaz.com\/index.php?rest_route=\/wp\/v2\/users\/1"}],"replies":[{"embeddable":true,"href":"http:\/\/www.korhanyilmaz.com\/index.php?rest_route=%2Fwp%2Fv2%2Fcomments&post=29064"}],"version-history":[{"count":0,"href":"http:\/\/www.korhanyilmaz.com\/index.php?rest_route=\/wp\/v2\/posts\/29064\/revisions"}],"wp:attachment":[{"href":"http:\/\/www.korhanyilmaz.com\/index.php?rest_route=%2Fwp%2Fv2%2Fmedia&parent=29064"}],"wp:term":[{"taxonomy":"category","embeddable":true,"href":"http:\/\/www.korhanyilmaz.com\/index.php?rest_route=%2Fwp%2Fv2%2Fcategories&post=29064"},{"taxonomy":"post_tag","embeddable":true,"href":"http:\/\/www.korhanyilmaz.com\/index.php?rest_route=%2Fwp%2Fv2%2Ftags&post=29064"}],"curies":[{"name":"wp","href":"https:\/\/api.w.org\/{rel}","templated":true}]}}