{"id":29058,"date":"2011-03-05T16:35:09","date_gmt":"2011-03-05T14:35:09","guid":{"rendered":"http:\/\/www.korhanyilmaz.com\/?p=29058"},"modified":"2011-03-05T16:35:09","modified_gmt":"2011-03-05T14:35:09","slug":"saadet-partisi-yeni-baskani-kamalak","status":"publish","type":"post","link":"http:\/\/www.korhanyilmaz.com\/?p=29058","title":{"rendered":"Saadet Partisi yeni ba\u015fkan\u0131 Kamalak"},"content":{"rendered":"<div id=\"attachment_29059\" style=\"width: 352px\" class=\"wp-caption aligncenter\"><a title=\"Mustafa Kamalak\" href=\"http:\/\/www.korhanyilmaz.com\/wp-content\/uploads\/2011\/03\/122.jpg\"  class=\"lightview\"><img loading=\"lazy\" decoding=\"async\" aria-describedby=\"caption-attachment-29059\" class=\"size-full wp-image-29059\" src=\"http:\/\/www.korhanyilmaz.com\/wp-content\/uploads\/2011\/03\/122.jpg\" alt=\"\" width=\"342\" height=\"214\" \/><\/a><p id=\"caption-attachment-29059\" class=\"wp-caption-text\">Mustafa Kamalak<\/p><\/div>\n<p style=\"text-align: justify;\">Necmettin Erbakan\u2019\u0131n hayat\u0131n\u0131 kaybetmesinin ard\u0131ndan Saadet Partisi\u2019nin yeni lideri Mustafa Kamalak oldu.<\/p>\n<p style=\"text-align: justify;\">ANKARA-Saadet Partisi&#8217;nde yap\u0131lacak olan kongreye kadar Genel Ba\u015fkanl\u0131\u011f\u0131na Mustafa Kamalak se\u00e7ildi.<!--more--><\/p>\n<p style=\"text-align: justify;\">Saadet Partisi genel merkez binas\u0131n\u0131n \u00f6n\u00fcnde partisinin Genel \u0130dare Kurulu (G\u0130K) toplant\u0131s\u0131n\u0131n ard\u0131ndan bas\u0131na a\u00e7\u0131klama yapan Kamalak, sabah saat 10.00&#8217;dan itibaren arkada\u015flar\u0131 ile toplant\u0131 halinde olduklar\u0131n\u0131 s\u00f6yledi.<\/p>\n<p style=\"text-align: justify;\">Kamalak, 27 \u015eubat 2011 tarihinde genel ba\u015fkanlar\u0131 Necmettin Erbakan&#8217;\u0131n \u00f6l\u00fcm\u00fc sonras\u0131nda, \u0130stanbul&#8217;da yap\u0131lan cenaze merasiminin ard\u0131ndan Ankara&#8217;ya d\u00f6ner d\u00f6nmez partisinin Ba\u015fkanl\u0131k Divan\u0131&#8217;n\u0131n topland\u0131\u011f\u0131n\u0131 belirtti.<\/p>\n<p style=\"text-align: justify;\">Ba\u015fkanl\u0131k Divan\u0131 toplant\u0131s\u0131nda G\u0130K&#8217;in toplanmas\u0131 karar\u0131 al\u0131nd\u0131\u011f\u0131n\u0131 ifade eden Kamalak, G\u0130K toplant\u0131s\u0131n\u0131 da bug\u00fcn ger\u00e7ekle\u015ftirdiklerini kaydetti.<\/p>\n<p style=\"text-align: justify;\">Toplant\u0131n\u0131n ard\u0131ndan, yap\u0131lacak kongreye kadar Genel Ba\u015fkanl\u0131k g\u00f6revinin kendisine verildi\u011fini bildiren Kamalak, &#8221;Kongreye kadar, m\u00fczakereler sonucunda Saadet Partisi Genel Ba\u015fkanl\u0131\u011f\u0131&#8217;na se\u00e7ildim&#8221; dedi.<\/p>\n<p style=\"text-align: justify;\">Kongreye kadar Saadet Partisi genel ba\u015fkanl\u0131\u011f\u0131na se\u00e7ilen Mustafa Kamalak, di\u011fer partilerle ittifak g\u00f6r\u00fc\u015fmelerine ili\u015fkin, &#8221;B\u00fct\u00fcn i\u015flerimiz hocam\u0131zdan emanet oldu\u011fu \u00fczere daha h\u0131zl\u0131 bir \u015fekilde aksatmadan hatta daha da ileri g\u00f6t\u00fcr\u00fclerek s\u00fcrd\u00fcr\u00fclecektir. Burada \u00f6l\u00e7\u00fc milletimizin menfaatidir&#8221; dedi.<\/p>\n<p style=\"text-align: justify;\">Saadet Partisi&#8217;nde 7 saat s\u00fcren Genel \u0130dari Kurulu (G\u0130K) toplant\u0131s\u0131n\u0131n ard\u0131ndan parti genel merkezi \u00f6n\u00fcnde bas\u0131n a\u00e7\u0131klamas\u0131 yapan Kamalak, &#8221;G\u0130K toplant\u0131s\u0131nda yap\u0131lan m\u00fczakereler sonucunda bu g\u00f6rev bana tevdi edildi&#8221; dedi.<\/p>\n<p style=\"text-align: justify;\">Saadet Partisi&#8217;nin her bir \u00fcyesinin sadece bir partiyi de\u011fil, T\u00fcrkiye&#8217;yi de\u011fil, d\u00fcnyay\u0131 y\u00f6netebilecek nitelikte oldu\u011funu savunan Kamalak, &#8221;Ancak yap\u0131lan m\u00fczakereler sonucunda bu g\u00f6rev bana tevdi edildi Allah utand\u0131rmas\u0131n&#8221; ifadelerini kulland\u0131.<\/p>\n<p style=\"text-align: justify;\">12 Haziranda yap\u0131lacak se\u00e7imlerin \u00f6nemine dikkati \u00e7eken Kamalak, s\u00f6zlerini \u015f\u00f6yle s\u00fcrd\u00fcrd\u00fc:<\/p>\n<p style=\"text-align: justify;\">&#8221;Milli g\u00f6r\u00fc\u015f mutlaka iktidar olacakt\u0131r. \u00c7\u00fcnk\u00fc T\u00fcrkiye&#8217;nin sorunlar\u0131n\u0131 \u00e7\u00f6zecek alternatif parti de\u011fil, tek \u00e7aredir milli g\u00f6r\u00fc\u015f. Hocam\u0131z\u0131n vefat\u0131n\u0131n ard\u0131ndan &#8216;milli g\u00f6r\u00fc\u015fte bo\u015fluk mu olacak&#8217; \u015feklinde yorumlar g\u00fcndeme getirilmeye \u00e7al\u0131\u015f\u0131l\u0131yor. \u015eundan emin olun, y\u00fcce milletimiz var olduk\u00e7a milli g\u00f6r\u00fc\u015f var olacakt\u0131r. \u00c7\u00fcnk\u00fc milli g\u00f6r\u00fc\u015f milletimizin g\u00f6r\u00fc\u015f\u00fcd\u00fcr, ruhudur ve bizzat kendisidir.&#8221;<\/p>\n<p style=\"text-align: justify;\"><strong>SORULAR<\/strong><\/p>\n<p style=\"text-align: justify;\">A\u00e7\u0131klamadan sonra gazetecilerin sorular\u0131n\u0131 cevapland\u0131ran Mustafa Kamalak, &#8221;Genel ba\u015fkanl\u0131k g\u00f6revine ne kadarl\u0131k bir s\u00fcre i\u00e7in se\u00e7ildiniz&#8221; \u015feklindeki soruya &#8221;Biz bir te\u015fkilat\u0131z, partiyiz. Milli g\u00f6r\u00fc\u015f\u00fcz. \u00d6n\u00fcm\u00fczdeki a\u015famalarda hem Ba\u015fkanl\u0131k Divan\u0131 hem de Genel \u0130dare Kurulumuz T\u00fcrkiye&#8217;nin lehine olan neyse onu yapacakt\u0131r&#8221; cevab\u0131n\u0131 verdi.<\/p>\n<p style=\"text-align: justify;\">Kamalak, 12 Hazirana kadar Saadet Partisi&#8217;nde kongre olup olmayaca\u011f\u0131 y\u00f6n\u00fcndeki soruyu da &#8221;Onar\u0131n hepsini de\u011ferlendiririz&#8221; diye yan\u0131tlad\u0131.<\/p>\n<p style=\"text-align: justify;\">&#8221;Kongre se\u00e7imden sonraya m\u0131 kald\u0131&#8221; \u015feklindeki soru \u00fczerine Kamalak, &#8221;Bu sadece benim yetkimde olan bir \u015fey de\u011fil. Biz bir te\u015fkilat\u0131z, yetkili organlar\u0131m\u0131z var. Bu konular\u0131 enine boyuna ba\u015fkanl\u0131k divan\u0131 ve genel idari kurulunda de\u011ferlendiririz&#8221; diye konu\u015ftu.<\/p>\n<p style=\"text-align: justify;\">Kamalak, di\u011fer partilerle y\u00fcr\u00fct\u00fcld\u00fc\u011f\u00fc belirtilen ittifak g\u00f6r\u00fc\u015fmelerine ili\u015fkin de &#8221;Biz b\u00fct\u00fcn insanlar\u0131 karde\u015f bildi\u011fimiz gibi partileri de karde\u015f biliyoruz. T\u00fcrkiye&#8217;nin menfaati neyi gerektiriyorsa onu yapar\u0131z&#8221; dedi.<\/p>\n<p style=\"text-align: justify;\">Merhum Genel Ba\u015fkan Necmettin Erbakan&#8217;\u0131n s\u00fcrd\u00fcrd\u00fc\u011f\u00fc ittifak g\u00f6r\u00fc\u015fmelerine devam edip etmeyeceklerini soran gazeteceye Kamalak, &#8221;B\u00fct\u00fcn i\u015flerimiz hocam\u0131zdan emanet oldu\u011fu \u00fczere daha h\u0131zl\u0131 bir \u015fekilde aksatmadan hatta daha da ileri g\u00f6t\u00fcr\u00fclerek s\u00fcrd\u00fcr\u00fclecektir. Burada \u00f6l\u00e7\u00fc, milletimizin menfaatidir&#8221; yan\u0131t\u0131n\u0131 verdi.<\/p>\n<p style=\"text-align: justify;\"><strong>MUSTAFA KAMALAK K\u0130MD\u0130R?<\/strong><\/p>\n<p style=\"text-align: justify;\">1948 y\u0131l\u0131nda Kahramanmara\u015f&#8217;ta do\u011fan Kamalak, Ankara \u00dcniversitesi Siyasal Bilgiler Fak\u00fcltesi ve Ankara \u00dcniversitesi Hukuk Fak\u00fcltesi&#8217;ni bitirdi. Sivas Cumhuriyet \u00dcniversitesi \u0130ktisadi ve \u0130dari Bilimler Fak\u00fcltesi \u00d6\u011fretim \u00dcyeli\u011fi ve Kurucu Dekanl\u0131\u011f\u0131 ile 20. ve 21. D\u00f6nem Kahramanmara\u015f Milletvekilli\u011fi yapt\u0131. Saadet Partisi Genel Ba\u015fkan Yard\u0131mc\u0131l\u0131\u011f\u0131 da yapan Kamalak, Erbakan&#8217;\u0131n vefat\u0131 sonra\u0131s Saadet Partisi Genel Ba\u015fkanl\u0131\u011f\u0131&#8217;na se\u00e7ildi. Kamalak, evli ve 2 \u00e7ocuk babas\u0131&#8230;<\/p>\n<p style=\"text-align: justify;\"><a href=\"http:\/\/www.gazeteport.com.tr\/SIYASET\/NEWS\/GP_864217\" target=\"_blank\"><span style=\"color: #888888;\">Kaynak : GAZETEPORT<\/span><\/a><\/p>\n","protected":false},"excerpt":{"rendered":"<p id=\"caption-attachment-29059\" class=\"wp-caption-text\">Mustafa Kamalak<\/p>\n<p style=\"text-align: justify;\">Necmettin Erbakan\u2019\u0131n hayat\u0131n\u0131 kaybetmesinin ard\u0131ndan Saadet Partisi\u2019nin yeni lideri Mustafa Kamalak oldu.<\/p>\n<p style=\"text-align: justify;\">ANKARA-Saadet Partisi&#8217;nde yap\u0131lacak olan kongreye kadar Genel Ba\u015fkanl\u0131\u011f\u0131na Mustafa Kamalak se\u00e7ildi.<\/p>\n","protected":false},"author":1,"featured_media":0,"comment_status":"open","ping_status":"closed","sticky":false,"template":"","format":"standard","meta":{"footnotes":""},"categories":[105],"tags":[],"class_list":["post-29058","post","type-post","status-publish","format-standard","hentry","category-gundem","odd"],"_links":{"self":[{"href":"http:\/\/www.korhanyilmaz.com\/index.php?rest_route=\/wp\/v2\/posts\/29058","targetHints":{"allow":["GET"]}}],"collection":[{"href":"http:\/\/www.korhanyilmaz.com\/index.php?rest_route=\/wp\/v2\/posts"}],"about":[{"href":"http:\/\/www.korhanyilmaz.com\/index.php?rest_route=\/wp\/v2\/types\/post"}],"author":[{"embeddable":true,"href":"http:\/\/www.korhanyilmaz.com\/index.php?rest_route=\/wp\/v2\/users\/1"}],"replies":[{"embeddable":true,"href":"http:\/\/www.korhanyilmaz.com\/index.php?rest_route=%2Fwp%2Fv2%2Fcomments&post=29058"}],"version-history":[{"count":0,"href":"http:\/\/www.korhanyilmaz.com\/index.php?rest_route=\/wp\/v2\/posts\/29058\/revisions"}],"wp:attachment":[{"href":"http:\/\/www.korhanyilmaz.com\/index.php?rest_route=%2Fwp%2Fv2%2Fmedia&parent=29058"}],"wp:term":[{"taxonomy":"category","embeddable":true,"href":"http:\/\/www.korhanyilmaz.com\/index.php?rest_route=%2Fwp%2Fv2%2Fcategories&post=29058"},{"taxonomy":"post_tag","embeddable":true,"href":"http:\/\/www.korhanyilmaz.com\/index.php?rest_route=%2Fwp%2Fv2%2Ftags&post=29058"}],"curies":[{"name":"wp","href":"https:\/\/api.w.org\/{rel}","templated":true}]}}