{"id":29051,"date":"2011-03-06T11:31:35","date_gmt":"2011-03-06T09:31:35","guid":{"rendered":"http:\/\/www.korhanyilmaz.com\/?p=29051"},"modified":"2011-03-06T11:31:35","modified_gmt":"2011-03-06T09:31:35","slug":"bu-sorunun-cevabini-siz-bulacaksiniz","status":"publish","type":"post","link":"http:\/\/www.korhanyilmaz.com\/?p=29051","title":{"rendered":"&#8220;Bu sorunun cevab\u0131n\u0131 siz bulacaks\u0131n\u0131z&#8221;"},"content":{"rendered":"<p style=\"text-align: center;\"><a href=\"http:\/\/www.korhanyilmaz.com\/wp-content\/uploads\/2011\/03\/118.jpg\"  class=\"lightview\"><img loading=\"lazy\" decoding=\"async\" class=\"aligncenter size-full wp-image-29052\" src=\"http:\/\/www.korhanyilmaz.com\/wp-content\/uploads\/2011\/03\/118.jpg\" alt=\"\" width=\"414\" height=\"220\" \/><\/a><\/p>\n<p style=\"text-align: justify;\">Ergenekon&#8217;un son dalgas\u0131nda tutuklanan gazeteci Ahmet \u015e\u0131k&#8217;a, savc\u0131 Zekeriya \u00d6z, Soner Yal\u00e7\u0131n&#8217;\u0131n bilgisayar\u0131nda \u00e7\u0131kan kitab\u0131n\u0131 sordu.<\/p>\n<p style=\"text-align: justify;\">\u0130STANBUL- Ergenekon soru\u015fturmas\u0131 kapsam\u0131nda tutuklanan gazeteci Ahmet \u015e\u0131k, Savc\u0131 Zekeriya \u00d6z, daha \u00f6nce tutuklanan Soner Yal\u00e7\u0131n ve Odatv ile ilgili sorular soruldu.\u00a0 <!--more--><\/p>\n<p style=\"text-align: justify;\">Yay\u0131nlanmam\u0131\u015f kitab\u0131n\u0131n Odatv\u2019nin bilgisayarlar\u0131ndan \u00e7\u0131kmas\u0131 ile ilgili \u201cKitab\u0131n\u0131z neden oradayd\u0131?&#8221; sorusu y\u00f6neltilen Ahmet \u015e\u0131k\u2019\u0131n, \u201cKitab\u0131m\u0131n orada nas\u0131l bulundu\u011fundan haberim yok. Ben kitab\u0131m\u0131 sadece avukatlar\u0131ma, yay\u0131nevine ve birka\u00e7 dostuma vermi\u015ftim. Kitab\u0131m\u0131n oraya nas\u0131l gitti\u011fini ayd\u0131nlatacak olan sizsiniz. Ben bilmiyorum&#8221; dedi\u011fi \u00f6\u011frenildi.<\/p>\n<p style=\"text-align: justify;\"><strong>&#8220;ULUSAL MEDYA 2010 ADLI BELGEDEN HABER\u0130M YOK&#8221;<\/strong><\/p>\n<p style=\"text-align: justify;\">Odatv\u2019nin bilgisayarlar\u0131ndan \u00e7\u0131kt\u0131\u011f\u0131 iddia edilen ve medyadaki yap\u0131lanmaya dair bilgilerin oldu\u011fu &#8220;Ulusal Medya 2010&#8221; adl\u0131 belgede Ahmet \u015e\u0131k\u2019a soruldu. &#8220;Medyadaki yeni yap\u0131lanmada g\u00f6rev alacak m\u0131yd\u0131n\u0131z?&#8221; sorusuna Ahmet \u015e\u0131k, &#8220;Bu belgeden haberim yok&#8221; yan\u0131t\u0131n\u0131 verdi\u011fi belirtildi.<\/p>\n<p style=\"text-align: justify;\">Yine odatv\u2019den \u00e7\u0131kt\u0131\u011f\u0131 \u00f6ne s\u00fcr\u00fclen \u201c\u015e\u0131k-Sabri Kitap&#8221; ba\u015fl\u0131kl\u0131 belgede yer alan \u201cSabri&#8217;nin kitap konusunda \u00e7ekincesi var; ikna etmeye \u00e7al\u0131\u015fal\u0131m. Kitap se\u00e7imden \u00f6nce yeti\u015fmeli. Nedim, Ahmet \u015e\u0131k konusunda g\u00f6r\u00fc\u015fs\u00fcn. Kitaba \u00e7al\u0131\u015f\u0131rken cesur olun. Nedim&#8217;i kutlar\u0131m, Ahmet&#8217;i \u00e7al\u0131\u015ft\u0131rs\u0131n&#8221; ifadeleri de \u015e\u0131k\u2019a soruldu. \u015e\u0131k, bu belgeden de haberi olmad\u0131\u011f\u0131n\u0131 s\u00f6yledi.<\/p>\n<p style=\"text-align: justify;\"><strong>YAL\u00c7IN K\u00dc\u00c7\u00dcK VE M\u00dcYESSER YILDIZ ADL\u0130YEYEDE<\/strong><\/p>\n<p style=\"text-align: justify;\">&#8221;Ergenekon&#8221; soru\u015fturmas\u0131n\u0131 y\u00fcr\u00fcten savc\u0131lardan Zekeriya \u00d6z&#8217;\u00fcn talebi \u00fczerine \u0130stanbul N\u00f6bet\u00e7i 10. A\u011f\u0131r Ceza Mahkemesi karar\u0131yla g\u00f6zalt\u0131na al\u0131nan Yal\u00e7\u0131n K\u00fc\u00e7\u00fck ile M\u00fcyesser Y\u0131ld\u0131z&#8217;\u0131n \u0130stanbul Emniyet M\u00fcd\u00fcrl\u00fc\u011f\u00fcndeki i\u015flemleri tamamland\u0131.<\/p>\n<p style=\"text-align: justify;\">Be\u015fikta\u015f&#8217;taki \u0130stanbul Adliyesine getirilerek, savc\u0131 ve hakimlerin giri\u015f \u00e7\u0131k\u0131\u015f yapt\u0131\u011f\u0131 kap\u0131dan adliye binas\u0131na al\u0131nan K\u00fc\u00e7\u00fck ve Y\u0131ld\u0131z&#8217;\u0131n soru\u015fturmay\u0131 y\u00fcr\u00fcten savc\u0131larca ifadesinin al\u0131nmas\u0131 bekleniyor.<\/p>\n<p style=\"text-align: justify;\"><strong>GAZETEC\u0130LERDEN PROTESTO<\/strong><\/p>\n<p style=\"text-align: justify;\"><strong><br \/>\n<\/strong><\/p>\n<p style=\"text-align: justify;\">Nedim \u015eener ve Ahmet \u015e\u0131k&#8217;\u0131n tutuklanmas\u0131n\u0131 protesto eden meslekta\u015flar\u0131, Be\u015fikta\u015f Adliyesi \u00f6n\u00fcnde oturma eylemi yaparak yolu trafi\u011fe kapatt\u0131.<\/p>\n<p style=\"text-align: justify;\">Gazeteciler, \u015eener ve \u015e\u0131k&#8217;\u0131n sorgular\u0131 s\u00fcresince Be\u015fikta\u015f Adliyesi \u00f6n\u00fcnde sabaha kadar bekleyerek meslekta\u015flar\u0131na destek verdiler. Nedim \u015eener ve Ahmet \u015e\u0131k&#8217;\u0131n adliyeden \u00c7evik Kuvvet ekipleri e\u015fli\u011finde \u00e7\u0131k\u0131\u015f\u0131 s\u0131ras\u0131nda sloganlar atan gazeteciler, meslekta\u015flar\u0131n\u0131 Metris Cezaevine g\u00f6t\u00fcren arac\u0131n ayr\u0131lmas\u0131n\u0131n ard\u0131ndan yola oturarak, \u00c7\u0131ra\u011fan Caddesi&#8217;ni trafi\u011fe kapatt\u0131.<\/p>\n<p style=\"text-align: justify;\">Olay\u0131 izlemekle g\u00f6revli gazeteciler de ellerindeki foto\u011fraf makinalar\u0131 ve kameralar\u0131n\u0131 b\u0131rakarak bir s\u00fcre eyleme destek verdi. Gazeteciler, daha sonra olays\u0131z da\u011f\u0131ld\u0131.<\/p>\n<p style=\"text-align: justify;\"><a href=\"http:\/\/www.gazeteport.com.tr\/GUNCEL\/NEWS\/GP_864419\" target=\"_blank\"><span style=\"color: #888888;\">Kaynak : GAZETEPORT<\/span><\/a><\/p>\n","protected":false},"excerpt":{"rendered":"<p style=\"text-align: center;\">\n<p style=\"text-align: justify;\">Ergenekon&#8217;un son dalgas\u0131nda tutuklanan gazeteci Ahmet \u015e\u0131k&#8217;a, savc\u0131 Zekeriya \u00d6z, Soner Yal\u00e7\u0131n&#8217;\u0131n bilgisayar\u0131nda \u00e7\u0131kan kitab\u0131n\u0131 sordu.<\/p>\n<p style=\"text-align: justify;\">\u0130STANBUL- Ergenekon soru\u015fturmas\u0131 kapsam\u0131nda tutuklanan gazeteci Ahmet \u015e\u0131k, Savc\u0131 Zekeriya \u00d6z, daha \u00f6nce tutuklanan Soner Yal\u00e7\u0131n ve Odatv ile ilgili sorular soruldu. <\/p>\n","protected":false},"author":1,"featured_media":0,"comment_status":"open","ping_status":"closed","sticky":false,"template":"","format":"standard","meta":{"footnotes":""},"categories":[105],"tags":[],"class_list":["post-29051","post","type-post","status-publish","format-standard","hentry","category-gundem","odd"],"_links":{"self":[{"href":"http:\/\/www.korhanyilmaz.com\/index.php?rest_route=\/wp\/v2\/posts\/29051","targetHints":{"allow":["GET"]}}],"collection":[{"href":"http:\/\/www.korhanyilmaz.com\/index.php?rest_route=\/wp\/v2\/posts"}],"about":[{"href":"http:\/\/www.korhanyilmaz.com\/index.php?rest_route=\/wp\/v2\/types\/post"}],"author":[{"embeddable":true,"href":"http:\/\/www.korhanyilmaz.com\/index.php?rest_route=\/wp\/v2\/users\/1"}],"replies":[{"embeddable":true,"href":"http:\/\/www.korhanyilmaz.com\/index.php?rest_route=%2Fwp%2Fv2%2Fcomments&post=29051"}],"version-history":[{"count":0,"href":"http:\/\/www.korhanyilmaz.com\/index.php?rest_route=\/wp\/v2\/posts\/29051\/revisions"}],"wp:attachment":[{"href":"http:\/\/www.korhanyilmaz.com\/index.php?rest_route=%2Fwp%2Fv2%2Fmedia&parent=29051"}],"wp:term":[{"taxonomy":"category","embeddable":true,"href":"http:\/\/www.korhanyilmaz.com\/index.php?rest_route=%2Fwp%2Fv2%2Fcategories&post=29051"},{"taxonomy":"post_tag","embeddable":true,"href":"http:\/\/www.korhanyilmaz.com\/index.php?rest_route=%2Fwp%2Fv2%2Ftags&post=29051"}],"curies":[{"name":"wp","href":"https:\/\/api.w.org\/{rel}","templated":true}]}}