{"id":29047,"date":"2011-03-06T09:03:54","date_gmt":"2011-03-06T07:03:54","guid":{"rendered":"http:\/\/www.korhanyilmaz.com\/?p=29047"},"modified":"2011-03-06T09:03:54","modified_gmt":"2011-03-06T07:03:54","slug":"cumhurbaskani-gul-kaygi-duyuyorum","status":"publish","type":"post","link":"http:\/\/www.korhanyilmaz.com\/?p=29047","title":{"rendered":"Cumhurba\u015fkan\u0131 G\u00fcl: &#8220;Kayg\u0131 duyuyorum&#8221;"},"content":{"rendered":"<p style=\"text-align: center;\"><a href=\"http:\/\/www.korhanyilmaz.com\/wp-content\/uploads\/2011\/03\/117.jpg\"  class=\"lightview\"><img loading=\"lazy\" decoding=\"async\" class=\"aligncenter size-full wp-image-29048\" src=\"http:\/\/www.korhanyilmaz.com\/wp-content\/uploads\/2011\/03\/117.jpg\" alt=\"\" width=\"307\" height=\"236\" \/><\/a><\/p>\n<p style=\"text-align: justify;\">Cumhurba\u015fkan\u0131 Abdullah G\u00fcl, son Ergenekon soru\u015fturmas\u0131nda gazetecilerin tutuklanmas\u0131yla sonu\u00e7lanan g\u00f6zalt\u0131larla ilgili olarak &#8220;Kamu vicdan\u0131nda kabul g\u00f6rmeyen baz\u0131 geli\u015fmeler oluyor. Bu hal, T\u00fcrkiye&#8217;nin geldi\u011fi ve herkes taraf\u0131ndan takdir edilen g\u00f6r\u00fcnt\u00fcs\u00fcn\u00fc g\u00f6lgelemektedir. Bundan kayg\u0131 duyuyorum&#8221; diye konu\u015ftu.<!--more--><\/p>\n<p style=\"text-align: justify;\">Cumhurba\u015fkan\u0131 Abdullah G\u00fcl, Milliyet gazetesi Ankara temsilcisi Fikret Bila&#8217;n\u0131n sorular\u0131n\u0131 yan\u0131tlad\u0131.<\/p>\n<p style=\"text-align: justify;\">Hakim ve savc\u0131lar\u0131n i\u015fine kar\u0131\u015fmas\u0131n\u0131n s\u00f6zkonusu olamayaca\u011f\u0131n\u0131 belirten G\u00fcl, son geli\u015fmelerin kamu vicdan\u0131nda kabul g\u00f6rmedi\u011fini s\u00f6yledi:<\/p>\n<p style=\"text-align: justify;\">&#8220;Yarg\u0131n\u0131n, hakim ve savc\u0131lar\u0131n i\u015fine kar\u0131\u015fmam s\u00f6zkonusu olamaz. Ancak olup bitenleri takip etti\u011fimde intibam \u015fu ki; kamu vicdan\u0131nda kabul g\u00f6rmeyen baz\u0131 geli\u015fmeler oluyor. Bu hal,  T\u00fcrkiye&#8217;nin geldi\u011fi ve herkes taraf\u0131ndan takdir edilen g\u00f6r\u00fcnt\u00fcs\u00fcn\u00fc g\u00f6lgelemektedir. Bundan kayg\u0131 duyuyorum.&#8221;<\/p>\n<p style=\"text-align: justify;\">Cumhurba\u015fkan\u0131 G\u00fcl, hakim ve savc\u0131lardan daha titiz davranmalar\u0131n\u0131 istedi:<\/p>\n<p style=\"text-align: justify;\">&#8220;Savc\u0131lardan ve mahkemelerden sorumluluklar\u0131n\u0131 yerine getirirken daha titiz davranmalar\u0131n\u0131, insanlar\u0131n ve kurumlar\u0131n onur ve hukuklar\u0131n\u0131n zedelenmesine yol a\u00e7mayacak \u015fekilde davranmalar\u0131n\u0131 beklemekteyim.&#8221;<\/p>\n<p style=\"text-align: justify;\">Cumhurba\u015fkan\u0131 G\u00fcl, geli\u015fmeleri T\u00fcrkiye&#8217;nin d\u0131\u015far\u0131daki imaj\u0131 a\u00e7\u0131s\u0131ndan da de\u011ferlendirdi. Tart\u0131\u015fmalara ve uluslararas\u0131 tepkilere yol a\u00e7an uygulamalar\u0131n kamu vicdan\u0131na s\u0131\u011fmad\u0131\u011f\u0131 ve T\u00fcrkiye&#8217;nin g\u00f6r\u00fcnt\u00fcs\u00fcn\u00fc de g\u00f6lgeledi\u011fi saptamas\u0131nda bulundu.<\/p>\n<p style=\"text-align: justify;\"><a href=\"http:\/\/www.cnnturk.com\/2011\/turkiye\/03\/06\/cumhurbaskani.gul.kaygi.duyuyorum\/609037.0\/index.html\"><span style=\"color: #888888;\">CNN T\u00dcRK<\/span><\/a><\/p>\n","protected":false},"excerpt":{"rendered":"<p style=\"text-align: center;\">\n<p style=\"text-align: justify;\">Cumhurba\u015fkan\u0131 Abdullah G\u00fcl, son Ergenekon soru\u015fturmas\u0131nda gazetecilerin tutuklanmas\u0131yla sonu\u00e7lanan g\u00f6zalt\u0131larla ilgili olarak &#8220;Kamu vicdan\u0131nda kabul g\u00f6rmeyen baz\u0131 geli\u015fmeler oluyor. Bu hal, T\u00fcrkiye&#8217;nin geldi\u011fi ve herkes taraf\u0131ndan takdir edilen g\u00f6r\u00fcnt\u00fcs\u00fcn\u00fc g\u00f6lgelemektedir. Bundan kayg\u0131 duyuyorum&#8221; diye konu\u015ftu.<\/p>\n","protected":false},"author":1,"featured_media":0,"comment_status":"open","ping_status":"closed","sticky":false,"template":"","format":"standard","meta":{"footnotes":""},"categories":[105],"tags":[],"class_list":["post-29047","post","type-post","status-publish","format-standard","hentry","category-gundem","odd"],"_links":{"self":[{"href":"http:\/\/www.korhanyilmaz.com\/index.php?rest_route=\/wp\/v2\/posts\/29047","targetHints":{"allow":["GET"]}}],"collection":[{"href":"http:\/\/www.korhanyilmaz.com\/index.php?rest_route=\/wp\/v2\/posts"}],"about":[{"href":"http:\/\/www.korhanyilmaz.com\/index.php?rest_route=\/wp\/v2\/types\/post"}],"author":[{"embeddable":true,"href":"http:\/\/www.korhanyilmaz.com\/index.php?rest_route=\/wp\/v2\/users\/1"}],"replies":[{"embeddable":true,"href":"http:\/\/www.korhanyilmaz.com\/index.php?rest_route=%2Fwp%2Fv2%2Fcomments&post=29047"}],"version-history":[{"count":0,"href":"http:\/\/www.korhanyilmaz.com\/index.php?rest_route=\/wp\/v2\/posts\/29047\/revisions"}],"wp:attachment":[{"href":"http:\/\/www.korhanyilmaz.com\/index.php?rest_route=%2Fwp%2Fv2%2Fmedia&parent=29047"}],"wp:term":[{"taxonomy":"category","embeddable":true,"href":"http:\/\/www.korhanyilmaz.com\/index.php?rest_route=%2Fwp%2Fv2%2Fcategories&post=29047"},{"taxonomy":"post_tag","embeddable":true,"href":"http:\/\/www.korhanyilmaz.com\/index.php?rest_route=%2Fwp%2Fv2%2Ftags&post=29047"}],"curies":[{"name":"wp","href":"https:\/\/api.w.org\/{rel}","templated":true}]}}