{"id":29043,"date":"2011-03-06T10:23:09","date_gmt":"2011-03-06T08:23:09","guid":{"rendered":"http:\/\/www.korhanyilmaz.com\/?p=29043"},"modified":"2011-03-06T10:23:09","modified_gmt":"2011-03-06T08:23:09","slug":"saadet-bbp-tp-ve-dp-ittifak-yolunda","status":"publish","type":"post","link":"http:\/\/www.korhanyilmaz.com\/?p=29043","title":{"rendered":"Saadet, BBP, TP ve DP ittifak yolunda"},"content":{"rendered":"<p style=\"text-align: justify;\"><a href=\"http:\/\/www.korhanyilmaz.com\/wp-content\/uploads\/2011\/03\/116.jpg\"  class=\"lightview\"><img loading=\"lazy\" decoding=\"async\" class=\"aligncenter size-full wp-image-29044\" src=\"http:\/\/www.korhanyilmaz.com\/wp-content\/uploads\/2011\/03\/116.jpg\" alt=\"\" width=\"292\" height=\"223\" \/><\/a><\/p>\n<p style=\"text-align: justify;\">Demokrat Parti Genel Ba\u015fkan\u0131 Nam\u0131k Kemal Zeybek, 12 Haziran&#8217;da yap\u0131lacak genel se\u00e7im \u00f6ncesi ittifak aray\u0131\u015flar\u0131na ili\u015fkin, Saadet Partisi, B\u00fcy\u00fck Birlik Partisi (BBP), T\u00fcrkiye Partisi (TP) ve Demokrat Parti (DP) aras\u0131nda ittifak g\u00f6r\u00fc\u015fmelerinin s\u00fcrd\u00fc\u011f\u00fcn\u00fc s\u00f6yledi. <!--more--><\/p>\n<p style=\"text-align: justify;\">Zeybek, AA muhabirine yapt\u0131\u011f\u0131 a\u00e7\u0131klamada, Saadet Partisi&#8217;nin merhum genel ba\u015fkan\u0131 Necmettin Erbakan ile vefat\u0131 \u00f6ncesinde bir araya gelmek \u00fczere g\u00f6r\u00fc\u015fme yapt\u0131klar\u0131n\u0131 belirtti.<\/p>\n<p style=\"text-align: justify;\">Erbakan&#8217;\u0131n tedavi g\u00f6rd\u00fc\u011f\u00fc hastaneden 28 \u015eubat&#8217;ta taburcu olmas\u0131 beklendi\u011fini, g\u00f6r\u00fc\u015fmenin de bu nedenle bu tarihte ger\u00e7ekle\u015fmesinin kararla\u015ft\u0131r\u0131ld\u0131\u011f\u0131n\u0131 anlatan Zeybek, &#8220;G\u00f6r\u00fc\u015fme iste\u011fi merhum Erbakan&#8217;dan gelmi\u015fti. Kendisi de bu tarihte taburcu olmay\u0131 \u00fcmit ediyordu. Ama ba\u015fka t\u00fcrl\u00fc taburcu oldu. Taburcu olaca\u011f\u0131n\u0131 g\u00f6rm\u00fc\u015f demek ki de\u011ferli hocam\u0131z. Muhtemelen o g\u00fcn hocam\u0131z ittifak konusunu g\u00f6r\u00fc\u015fecekti&#8221; dedi.<\/p>\n<p style=\"text-align: justify;\">Se\u00e7im ittifak\u0131 konusunda Demokrat Parti ile Saadet Partisi y\u00f6neticileri aras\u0131nda g\u00f6r\u00fc\u015fmeler yap\u0131ld\u0131\u011f\u0131n\u0131 ifade eden Zeybek, s\u00f6zlerini \u015f\u00f6yle s\u00fcrd\u00fcrd\u00fc:<\/p>\n<p style=\"text-align: justify;\">&#8220;Saadet Partisi&#8217;ndeki y\u00f6netici arkada\u015flar\u0131m\u0131z, &#8216;Bu ittifak\u0131n ba\u015fbakan aday\u0131 olarak Nam\u0131k Kemal Zeybek&#8217;i ilan edelim&#8217; g\u00f6r\u00fc\u015f\u00fcn\u00fc g\u00fcndeme getirdiler. Bunu g\u00fcndeme getiren Saadet Partisi ve onunla birlikte hareket eden T\u00fcrkiye Partisi. Bu arada arkada\u015flar\u0131m\u0131z\u0131n g\u00f6r\u00fc\u015fmesinde BBP y\u00f6neticileri de bulundu. Bu ak\u015fam itibariyle netle\u015fmi\u015f, a\u00e7\u0131kl\u0131\u011fa kavu\u015fmu\u015f bir durum yok. Ama Saadet Partisi, BBP, T\u00fcrkiye Partisi ve Demokrat Partisi aras\u0131ndaki ittifak g\u00f6r\u00fc\u015fmeleri devam ediyor.&#8221;<\/p>\n<p style=\"text-align: justify;\"><strong>&#8220;Buradan bir ba\u015fka Ba\u015fbakan da \u00e7\u0131kabilir&#8221; <\/strong><\/p>\n<p style=\"text-align: justify;\">Nam\u0131k Kemal Zeybek, g\u00f6r\u00fc\u015fleri birbirine yak\u0131n olan siyasi partiler aras\u0131nda se\u00e7im ittifak\u0131 yap\u0131lmas\u0131n\u0131n \u00f6teden beri demokratik hayatta rastlanan bir durum oldu\u011funu belirterek, bu t\u00fcr ittifaklardan \u00e7o\u011funlukla sa\u011fl\u0131kl\u0131 sonu\u00e7lar al\u0131nd\u0131\u011f\u0131na dikkati \u00e7ekti.<\/p>\n<p style=\"text-align: justify;\">Zeybek, \u015funlan\u0131 kaydetti:<\/p>\n<p style=\"text-align: justify;\">&#8220;T\u00fcrkiye&#8217;nin siyasi dokusu itibariyle b\u00f6yle bir ittifak\u0131 ben de yararl\u0131 g\u00f6r\u00fcyorum. &#8216;Biz bu ittifakla hemen birinci parti oluruz, tek ba\u015f\u0131m\u0131za iktidara geliriz&#8217;&#8230; Bir \u015fey s\u00f6ylemem ben. Ben olabildi\u011fince ger\u00e7ek\u00e7i konu\u015fmay\u0131 se\u00e7en bir insan\u0131m, beni tan\u0131yanlar bilirler ve baz\u0131lar\u0131 bunu reel politikaya ayk\u0131r\u0131 bulsalar da neye inan\u0131rsam onu s\u00f6ylerim.<\/p>\n<p style=\"text-align: justify;\">Bu ittifak\u0131n sonucunda olu\u015facak b\u00fcy\u00fck enerji birikimiyle Allah izin verirse, Allah yazm\u0131\u015fsa biz h\u00fck\u00fcmeti kurabilecek g\u00fcce ula\u015fabilice\u011fimizi d\u00fc\u015f\u00fcn\u00fcyoruz. Ama bunu do\u011fru anlamak laz\u0131m. H\u00fck\u00fcmet kurmak derken; &#8216;Art\u0131k koalisyonlar T\u00fcrkiye&#8217;de g\u00f6r\u00fcl\u00fcyor, dolay\u0131s\u0131yla koalisyon ortaklar\u0131n\u0131n kim olaca\u011f\u0131na biz karar verece\u011fiz&#8217; demektir. Duruma, da\u011f\u0131l\u0131ma g\u00f6re buradan bir ba\u015fbakan da \u00e7\u0131kabilir. DP olarak bundan sonraki se\u00e7imde, geli\u015fmelerin g\u00f6sterdi\u011fi do\u011frultuyu de\u011ferlendirerek tek ba\u015f\u0131na iktidara gelme umudu ta\u015f\u0131yoruz.&#8221;<\/p>\n<p style=\"text-align: justify;\"><a href=\"http:\/\/www.cnnturk.com\/2011\/turkiye\/03\/06\/saadet.bbp.tp.ve.dp.ittifak.yolunda\/609044.0\/index.html\" target=\"_blank\"><span style=\"color: #888888;\">CNN T\u00dcRK<\/span><\/a><\/p>\n","protected":false},"excerpt":{"rendered":"<p style=\"text-align: justify;\">\n<p style=\"text-align: justify;\">Demokrat Parti Genel Ba\u015fkan\u0131 Nam\u0131k Kemal Zeybek, 12 Haziran&#8217;da yap\u0131lacak genel se\u00e7im \u00f6ncesi ittifak aray\u0131\u015flar\u0131na ili\u015fkin, Saadet Partisi, B\u00fcy\u00fck Birlik Partisi (BBP), T\u00fcrkiye Partisi (TP) ve Demokrat Parti (DP) aras\u0131nda ittifak g\u00f6r\u00fc\u015fmelerinin s\u00fcrd\u00fc\u011f\u00fcn\u00fc s\u00f6yledi. <\/p>\n","protected":false},"author":1,"featured_media":0,"comment_status":"open","ping_status":"closed","sticky":false,"template":"","format":"standard","meta":{"footnotes":""},"categories":[105],"tags":[],"class_list":["post-29043","post","type-post","status-publish","format-standard","hentry","category-gundem","odd"],"_links":{"self":[{"href":"http:\/\/www.korhanyilmaz.com\/index.php?rest_route=\/wp\/v2\/posts\/29043","targetHints":{"allow":["GET"]}}],"collection":[{"href":"http:\/\/www.korhanyilmaz.com\/index.php?rest_route=\/wp\/v2\/posts"}],"about":[{"href":"http:\/\/www.korhanyilmaz.com\/index.php?rest_route=\/wp\/v2\/types\/post"}],"author":[{"embeddable":true,"href":"http:\/\/www.korhanyilmaz.com\/index.php?rest_route=\/wp\/v2\/users\/1"}],"replies":[{"embeddable":true,"href":"http:\/\/www.korhanyilmaz.com\/index.php?rest_route=%2Fwp%2Fv2%2Fcomments&post=29043"}],"version-history":[{"count":0,"href":"http:\/\/www.korhanyilmaz.com\/index.php?rest_route=\/wp\/v2\/posts\/29043\/revisions"}],"wp:attachment":[{"href":"http:\/\/www.korhanyilmaz.com\/index.php?rest_route=%2Fwp%2Fv2%2Fmedia&parent=29043"}],"wp:term":[{"taxonomy":"category","embeddable":true,"href":"http:\/\/www.korhanyilmaz.com\/index.php?rest_route=%2Fwp%2Fv2%2Fcategories&post=29043"},{"taxonomy":"post_tag","embeddable":true,"href":"http:\/\/www.korhanyilmaz.com\/index.php?rest_route=%2Fwp%2Fv2%2Ftags&post=29043"}],"curies":[{"name":"wp","href":"https:\/\/api.w.org\/{rel}","templated":true}]}}