{"id":29037,"date":"2011-03-05T10:44:36","date_gmt":"2011-03-05T08:44:36","guid":{"rendered":"http:\/\/www.korhanyilmaz.com\/?p=29037"},"modified":"2011-03-05T10:44:36","modified_gmt":"2011-03-05T08:44:36","slug":"mitteki-kostebek-kozinoglulu-mu","status":"publish","type":"post","link":"http:\/\/www.korhanyilmaz.com\/?p=29037","title":{"rendered":"M\u0130T&#8217;teki k\u00f6stebek Kozino\u011flu&#8217;lu mu?"},"content":{"rendered":"<p style=\"text-align: justify;\"><a href=\"http:\/\/www.korhanyilmaz.com\/wp-content\/uploads\/2011\/03\/115.jpg\"  class=\"lightview\"><img loading=\"lazy\" decoding=\"async\" class=\"aligncenter size-full wp-image-29038\" src=\"http:\/\/www.korhanyilmaz.com\/wp-content\/uploads\/2011\/03\/115.jpg\" alt=\"\" width=\"449\" height=\"231\" \/><\/a><\/p>\n<p style=\"text-align: justify;\">Emniyet Genel M\u00fcd\u00fcr\u00fc K\u00f6ksal ile M\u0130T M\u00fcste\u015far\u0131 Fidan&#8217;\u0131n bulu\u015fmas\u0131nda g\u00fcndem, &#8216;Odatv&#8217;de ele ge\u00e7irildi\u011fi ileri s\u00fcr\u00fclen gizli M\u0130T belgeleri&#8217;ydi.<\/p>\n<p style=\"text-align: justify;\">ANKARA &#8211; M\u0130T belgelerinin Odatv&#8217;ye Ka\u015fif Kozino\u011flu taraf\u0131ndan servis edildi\u011fi iddia ediliyor. Ergenekon operasyonunda M\u0130T \u00e7i Kozino\u011flu nun Ankara&#8217;daki evi de aranm\u0131\u015ft\u0131. <!--more--><\/p>\n<p style=\"text-align: justify;\">Emniyet Genel M\u00fcd\u00fcr\u00fc O\u011fuz Kaan K\u00f6ksal\u2019\u0131n Milli \u0130stihbarat Te\u015fkilat\u0131 (M\u0130T) M\u00fcste\u015far\u0131 Hakan Fidan\u2019la bulu\u015farak Soner Yal\u00e7\u0131n\u2019a ait internet sitesi Odatv\u2019de ele ge\u00e7irilen M\u0130T belgeleri hakk\u0131nda bilgi verdi\u011fi \u00f6\u011frenildi. K\u00f6ksal\u2019\u0131n Fidan\u2019a kendisi hakk\u0131ndaki baz\u0131 bilgilerin Odatv\u2019ye hakk\u0131nda \u00f6nceki g\u00fcn yakalama karar\u0131 \u00e7\u0131kar\u0131lan M\u0130T mensubu Ka\u015fif Kozino\u011flu taraf\u0131ndan servis edildi\u011fi bilgisini verdi\u011fi ileri s\u00fcr\u00fcld\u00fc.<\/p>\n<p style=\"text-align: justify;\">\u2018Ergenekon\u2019un medya yap\u0131lanmas\u0131\u2019na y\u00f6nelik Odatv\u2019ye ge\u00e7en ay d\u00fczenlenen bask\u0131nda M\u0130T\u2019e ait oldu\u011fu belirlenen ve kozmik odalarda tutulmas\u0131 gereken baz\u0131 bilgi ve belgelere ula\u015f\u0131lm\u0131\u015ft\u0131. \u0130ddiaya g\u00f6re bu belgeler, bask\u0131n\u0131n ard\u0131ndan tutuklanan Soner Yal\u00e7\u0131n\u2019a M\u0130T Asya Masas\u0131 \u015eefi Ka\u015fif Kozino\u011flu taraf\u0131ndan verildi.<\/p>\n<p style=\"text-align: justify;\"><strong>M\u0130T belgeleri teyit etti<\/strong><\/p>\n<p style=\"text-align: justify;\">Radikal Gazetesinden Salih Ayd\u0131n&#8217;\u0131n haberine g\u00f6re; M\u0130T, bulunan baz\u0131 belgelerin kurumlar\u0131na ait oldu\u011funu teyit etti. M\u0130T\u2019in bu belgeler \u2018bizimdir\u2019 demesi \u00fczerine \u0130stanbul Cumhuriyet Ba\u015fsavc\u0131l\u0131\u011f\u0131, Kozino\u011flu\u2019nun yakalanmas\u0131 ve evinde arama yap\u0131lmas\u0131na karar verdi. \u00d6nceki g\u00fcn Kozino\u011flu\u2019nun Ankara\u2019daki evine giden polis ekipleri, kendisini bulamad\u0131 ancak evinde arama yapt\u0131.<\/p>\n<p style=\"text-align: justify;\">Soru\u015fturma kapsam\u0131nda d\u00fczenlenen operasyonun ard\u0131ndan M\u0130T M\u00fcste\u015far\u0131 Hakan Fidan ile Emniyet Genel M\u00fcd\u00fcr\u00fc O\u011fuz Kaan K\u00f6ksal, ge\u00e7en g\u00fcnlerde Ankara\u2019da bir araya geldi. Fidan\u2019\u0131n K\u00f6ksal\u2019dan Odatv\u2019de bulunan M\u0130T belgeleri hakk\u0131nda bilgi ald\u0131\u011f\u0131 \u00f6\u011frenildi.<\/p>\n<p style=\"text-align: justify;\">Emniyet Genel M\u00fcd\u00fcrl\u00fc\u011f\u00fc kaynaklar\u0131 Fidan-K\u00f6ksal g\u00f6r\u00fc\u015fmesini \u201c\u00c7e\u015fitli konularda s\u00fcrekli g\u00f6r\u00fc\u015f\u00fcyorlar\u201d diyerek do\u011frulad\u0131; ancak g\u00f6r\u00fc\u015fmenin i\u00e7eri\u011fiyle ilgili bilgi vermedi.<\/p>\n<p style=\"text-align: justify;\"><strong>\u2018Fidan\u2019\u0131 y\u0131pratma\u2019 iddias\u0131<\/strong><\/p>\n<p style=\"text-align: justify;\">Hakan Fidan\u2019\u0131n M\u0130T M\u00fcste\u015farl\u0131\u011f\u0131\u2019na atanmas\u0131n\u0131n ard\u0131ndan Odatv\u2019de, karde\u015fi Mustafa Fidan\u2019\u0131n Fethullah G\u00fclen\u2019in yard\u0131mc\u0131s\u0131 oldu\u011fu \u015feklinde haberler \u00e7\u0131km\u0131\u015ft\u0131. Bu haberler \u00fczerine M\u0130T, Odatv\u2019ye bir tekzip metni g\u00f6ndermi\u015f, Odatv de bu tekzip metnini yay\u0131mlam\u0131\u015ft\u0131. Tekzip metninde Fidan, Mustafa ad\u0131nda bir karde\u015finin olmad\u0131\u011f\u0131n\u0131, kendi karde\u015finin ise ABD\u2019ye hi\u00e7 gitmedi\u011fini belirtmi\u015fti. Soner Yal\u00e7\u0131n\u2019\u0131n, Ka\u015fif Kozino\u011flu\u2019nun y\u00f6nlendirmesiyle kurumun ba\u015f\u0131na yeni atanan Hakan Fidan\u2019\u0131 y\u0131pratmak i\u00e7in bu haberleri yay\u0131mlad\u0131\u011f\u0131 iddia ediliyor.<\/p>\n<p style=\"text-align: justify;\"><strong>Polisin g\u00f6zalt\u0131larla ilgili 6 ayr\u0131 iddias\u0131<\/strong><\/p>\n<p style=\"text-align: justify;\"><strong>1<\/strong>&#8211; <span style=\"text-decoration: underline;\">\u2018Oda TV PKK\u2019n\u0131n s\u00f6zc\u00fcs\u00fc\u2019:<\/span> Polisin iddias\u0131na g\u00f6re, Oda TV\u2019nin PKK ile ilgili yay\u0131n politikas\u0131n\u0131 Prof. Dr. Yal\u00e7\u0131n K\u00fc\u00e7\u00fck olu\u015fturuyordu. Oda TV, PKK ter\u00f6r \u00f6rg\u00fct\u00fcne yak\u0131nl\u0131\u011f\u0131 ile bilinen haber ajanslar\u0131ndan bir\u00e7ok haberi kullanarak PKK\u2019n\u0131n s\u00f6zc\u00fcl\u00fc\u011f\u00fcn\u00fc yap\u0131yordu. \u0130lk operasyonlarda ele ge\u00e7irilen ve Yal\u00e7\u0131n K\u00fc\u00e7\u00fck taraf\u0131ndan site y\u00f6neticilerine yaz\u0131ld\u0131\u011f\u0131 ileri s\u00fcr\u00fclen bir bilgi notunda, \u201c\u00d6rg\u00fct\u00fcn \u00d6calan\u2019\u0131n kontrol\u00fcnde oldu\u011funu s\u00fcrekli vurgula. \u00d6rg\u00fct\u00fc zay\u0131f g\u00f6sterecek yay\u0131nlardan uzak dur\u201d gibi maddeler yer al\u0131yordu.<\/p>\n<p style=\"text-align: justify;\"><strong>2<\/strong>&#8211; <span style=\"text-decoration: underline;\">\u2018Ergenekon savunma merkezi\u2019:<\/span> Polisin iddias\u0131na g\u00f6re Ergenekon gibi davalar\u0131n san\u0131klar\u0131n\u0131n savunmas\u0131nda Oda TV merkez \u00fcss\u00fc g\u00f6revi g\u00f6r\u00fcyordu. Polisin operasyonlarda ele ge\u00e7irdi\u011fini iddia etti\u011fi belgelere g\u00f6re Ergenekon san\u0131klar\u0131 aras\u0131ndaki uygulanan \u00e7ifte standart nedeniyle rahats\u0131z olanlar vard\u0131 ve bu san\u0131klar\u0131n itiraf\u00e7\u0131 olmalar\u0131ndan korkuluyordu.<\/p>\n<p style=\"text-align: justify;\"><strong>3<\/strong>&#8211; <span style=\"text-decoration: underline;\">\u2018Cemaat b\u00f6l\u00fcm\u00fcn\u00fc Yal\u00e7\u0131n yazd\u0131\u2019:<\/span> Polisin iddias\u0131na g\u00f6re Devrimci Karargah davas\u0131n\u0131n tutuklu san\u0131\u011f\u0131 Hanefi Avc\u0131\u2019n\u0131n \u201cHali\u00e7\u2019teki Simonlar-D\u00fcn Devlet Bug\u00fcn Cemaat\u201d isimli kitab\u0131ndaki cemaat b\u00f6l\u00fcm\u00fcn\u00fc Soner Yal\u00e7\u0131n yazd\u0131. Ele ge\u00e7irildi\u011fi \u00f6ne s\u00fcr\u00fclen bir belgede \u201cHanefi Avc\u0131\u2019n\u0131n kitab\u0131 ne durumda, referandum \u00f6ncesi yeti\u015ftirilmeli, Nedim\u2019i s\u0131k\u0131\u015ft\u0131r\u0131n h\u0131zland\u0131rs\u0131n\u201d \u015feklinde notlar bulundu.<\/p>\n<p style=\"text-align: justify;\"><strong>4<\/strong>&#8211; <span style=\"text-decoration: underline;\">\u2018\u015eener ba\u011flant\u0131lar\u0131n\u0131 kulland\u0131\u2019:<\/span> Polisin ele ge\u00e7irdi\u011fini \u00f6ne s\u00fcrd\u00fc\u011f\u00fc notlar aras\u0131nda, Do\u011fu Perin\u00e7ek\u2019in, Hanefi Avc\u0131\u2019n\u0131n a\u011fz\u0131ndan Ergenekon\u2019un bo\u015f bir dava olarak anlat\u0131lmas\u0131n\u0131 istedi\u011fi ve \u201cNedim\u2019in emniyet ba\u011flant\u0131lar\u0131 \u00f6nemli, Nedim ile Hanefi\u2019nin Dink konusundaki g\u00f6r\u00fc\u015f ayr\u0131l\u0131klar\u0131 g\u00fcndem yap\u0131lmamal\u0131\u201d diye uyar\u0131 ve telkinlerin bulundu\u011fu ileri s\u00fcr\u00fcld\u00fc.<\/p>\n<p style=\"text-align: justify;\"><strong>5<\/strong>&#8211; <span style=\"text-decoration: underline;\">\u2018Uzun\u2019un kitab\u0131n\u0131 da yaz\u0131yorlard\u0131\u2019:<\/span> Polisin iddias\u0131na g\u00f6re Emniyet \u0130stihbarat Daire eski Ba\u015fkan\u0131 Sabri Uzun\u2019un yazaca\u011f\u0131 iddia edilen kitab\u0131n tasla\u011f\u0131 da Oda TV bask\u0131n\u0131nda ele ge\u00e7irildi. \u0130ddiaya g\u00f6re kitab\u0131n yaz\u0131m\u0131na gazeteci Ahmet \u015e\u0131k \u00f6nc\u00fcl\u00fck ediyordu ve kitab\u0131n se\u00e7imler \u00f6ncesine yeti\u015ftirilerek AK Parti\u2019nin y\u0131prat\u0131lmas\u0131 hedefleniyordu.<\/p>\n<p style=\"text-align: justify;\"><strong>6<\/strong>&#8211; <span style=\"text-decoration: underline;\">\u2018Baykal\u2019a komplo kuruldu\u2019:<\/span> Polis, Halk TV\u2019nin devri i\u00e7in Deniz Baykal\u2019a komplo kurulaca\u011f\u0131n\u0131 ve bu komplo i\u00e7in Oda TV\u2019nin Ankara muhabiri \u0130klim Bayraktar\u2019\u0131n kullan\u0131ld\u0131\u011f\u0131n\u0131 \u00f6ne s\u00fcrd\u00fc. \u0130ddiaya g\u00f6re, Deniz Baykal\u2019\u0131 arayan Bayraktar, her telefon konu\u015fmas\u0131n\u0131n ard\u0131ndan Yal\u00e7\u0131n\u2019a bilgi veriyordu. Bayraktar, \u00e7evresindeki insanlara da Baykal\u2019\u0131n kendisini taciz etti\u011fini iddia ediyordu. \u0130ddialara g\u00f6re, CHP Genel Ba\u015fkan Yard\u0131mc\u0131s\u0131 G\u00fcrsel Tekin\u2019i de arayan Bayraktar, Deniz Baykal\u2019la aralar\u0131nda bir yak\u0131nla\u015fma oldu\u011funu s\u00f6yledi.<\/p>\n<p style=\"text-align: justify;\"><strong>Kozino\u011flu kimdir?<\/strong><\/p>\n<p style=\"text-align: justify;\">Soru\u015fturma kapsam\u0131nda aranan Ka\u015fif Kozino\u011flu\u2019nun M\u0130T D\u0131\u015f Operasyonlar Daire Ba\u015fkanl\u0131\u011f\u0131\u2019nda Asya Masas\u0131 Sorumlusu oldu\u011fu belirtiliyor. Ka\u015fif Kozino\u011flu, Genelkurmay \u00d6zel Harp Dairesi\u2019nde g\u00f6revliyken polis \u00f6zel harek\u00e2t timlerini e\u011fitmek \u00fczere g\u00f6revlendirildi. Binba\u015f\u0131 r\u00fctbesiyle T\u00fcrk Silahl\u0131 Kuvvetleri\u2019nden emekli oldu ve ard\u0131ndan da M\u0130T\u2019te \u00e7al\u0131\u015fmaya ba\u015flad\u0131.<\/p>\n<p style=\"text-align: justify;\">Kozino\u011flu\u2019nun ad\u0131 Alaattin \u00c7ak\u0131c\u0131 davas\u0131yla da g\u00fcndeme gelmi\u015fti. \u00c7ak\u0131c\u0131\u2019n\u0131n yarg\u0131land\u0131\u011f\u0131 \u00e7ete davas\u0131 Yarg\u0131tay\u2019da g\u00f6r\u00fcld\u00fc\u011f\u00fc s\u0131rada davan\u0131n \u00c7ak\u0131c\u0131\u2019n\u0131n lehine \u00e7\u0131kmas\u0131 i\u00e7in b\u00fcy\u00fck u\u011fra\u015f verdi\u011fi iddia edilmi\u015fti. Kozino\u011flu, d\u00f6nemin Yarg\u0131tay Ba\u015fkan\u0131 Eraslan \u00d6zkaya ile g\u00f6r\u00fc\u015fme yaparak \u00c7ak\u0131c\u0131\u2019n\u0131n lehinde karar \u00e7\u0131karmas\u0131 i\u00e7in bask\u0131 yapt\u0131\u011f\u0131 iddias\u0131 \u00fczerine hakk\u0131nda a\u00e7\u0131lan davada 5 ay hapis cezas\u0131 alm\u0131\u015ft\u0131.<\/p>\n<p style=\"text-align: justify;\"><a href=\"http:\/\/www.gazeteport.com.tr\/GUNCEL\/NEWS\/GP_863976\" target=\"_blank\"><span style=\"color: #888888;\">Kaynak : GAZETEPORT<\/span><\/a><\/p>\n","protected":false},"excerpt":{"rendered":"<p style=\"text-align: justify;\">\n<p style=\"text-align: justify;\">Emniyet Genel M\u00fcd\u00fcr\u00fc K\u00f6ksal ile M\u0130T M\u00fcste\u015far\u0131 Fidan&#8217;\u0131n bulu\u015fmas\u0131nda g\u00fcndem, &#8216;Odatv&#8217;de ele ge\u00e7irildi\u011fi ileri s\u00fcr\u00fclen gizli M\u0130T belgeleri&#8217;ydi.<\/p>\n<p style=\"text-align: justify;\">ANKARA &#8211; M\u0130T belgelerinin Odatv&#8217;ye Ka\u015fif Kozino\u011flu taraf\u0131ndan servis edildi\u011fi iddia ediliyor. Ergenekon operasyonunda M\u0130T \u00e7i Kozino\u011flu nun Ankara&#8217;daki evi de aranm\u0131\u015ft\u0131. <\/p>\n","protected":false},"author":1,"featured_media":0,"comment_status":"open","ping_status":"closed","sticky":false,"template":"","format":"standard","meta":{"footnotes":""},"categories":[105],"tags":[],"class_list":["post-29037","post","type-post","status-publish","format-standard","hentry","category-gundem","odd"],"_links":{"self":[{"href":"http:\/\/www.korhanyilmaz.com\/index.php?rest_route=\/wp\/v2\/posts\/29037","targetHints":{"allow":["GET"]}}],"collection":[{"href":"http:\/\/www.korhanyilmaz.com\/index.php?rest_route=\/wp\/v2\/posts"}],"about":[{"href":"http:\/\/www.korhanyilmaz.com\/index.php?rest_route=\/wp\/v2\/types\/post"}],"author":[{"embeddable":true,"href":"http:\/\/www.korhanyilmaz.com\/index.php?rest_route=\/wp\/v2\/users\/1"}],"replies":[{"embeddable":true,"href":"http:\/\/www.korhanyilmaz.com\/index.php?rest_route=%2Fwp%2Fv2%2Fcomments&post=29037"}],"version-history":[{"count":0,"href":"http:\/\/www.korhanyilmaz.com\/index.php?rest_route=\/wp\/v2\/posts\/29037\/revisions"}],"wp:attachment":[{"href":"http:\/\/www.korhanyilmaz.com\/index.php?rest_route=%2Fwp%2Fv2%2Fmedia&parent=29037"}],"wp:term":[{"taxonomy":"category","embeddable":true,"href":"http:\/\/www.korhanyilmaz.com\/index.php?rest_route=%2Fwp%2Fv2%2Fcategories&post=29037"},{"taxonomy":"post_tag","embeddable":true,"href":"http:\/\/www.korhanyilmaz.com\/index.php?rest_route=%2Fwp%2Fv2%2Ftags&post=29037"}],"curies":[{"name":"wp","href":"https:\/\/api.w.org\/{rel}","templated":true}]}}