{"id":29033,"date":"2011-03-04T07:40:58","date_gmt":"2011-03-04T05:40:58","guid":{"rendered":"http:\/\/www.korhanyilmaz.com\/?p=29033"},"modified":"2011-03-04T07:40:58","modified_gmt":"2011-03-04T05:40:58","slug":"mit%e2%80%99in-kozmik-belgeleri-oda-tv%e2%80%99den-cikti-iddiasi","status":"publish","type":"post","link":"http:\/\/www.korhanyilmaz.com\/?p=29033","title":{"rendered":"&#8220;M\u0130T\u2019in kozmik belgeleri Oda TV\u2019den \u00e7\u0131kt\u0131&#8221; iddias\u0131"},"content":{"rendered":"<p style=\"text-align: center;\"><a href=\"http:\/\/www.korhanyilmaz.com\/wp-content\/uploads\/2011\/03\/114.jpg\"  class=\"lightview\"><img loading=\"lazy\" decoding=\"async\" class=\"aligncenter size-full wp-image-29034\" src=\"http:\/\/www.korhanyilmaz.com\/wp-content\/uploads\/2011\/03\/114.jpg\" alt=\"\" width=\"449\" height=\"231\" \/><\/a><\/p>\n<p style=\"text-align: justify;\">Ergenekon\u2019a M\u0130T de dahil oldu. Oda TV\u2019den \u00e7\u0131kt\u0131\u011f\u0131 \u00f6ne s\u00fcr\u00fclen M\u0130T\u2019in kozmik belgelerinin Soner Yal\u00e7\u0131n\u2019a Ka\u015fif Kozino\u011flu taraf\u0131ndan verildi\u011fi, Hanefi Avc\u0131\u2019n\u0131n kitab\u0131n\u0131n yaz\u0131m\u0131na Soner Yal\u00e7\u0131n ve d\u00fcn g\u00f6zalt\u0131na al\u0131nan gazetecilerden yard\u0131m etti\u011fi \u00f6ne s\u00fcr\u00fcld\u00fc.<!--more--><\/p>\n<p style=\"text-align: justify;\">\u0130STANBUL &#8211; Gazeteci Soner Yal\u00e7\u0131n\u2019\u0131n sahibi oldu\u011fu Oda TV\u2019ye ge\u00e7ti\u011fimiz ay d\u00fczenlenen operasyonda, binlerce CD, dijital veri ve binlerce sayfal\u0131k belgeye el konulmu\u015ftu. Vatan gazetesinin haberine g\u00f6re; operasyonla ilgili ilgin\u00e7 detaylar ve iddialar ortaya at\u0131ld\u0131. Soner Yal\u00e7\u0131n ve iki \u00e7al\u0131\u015fma arkada\u015f\u0131 tutuklanarak cezaevine g\u00f6nderildi. Oda TV\u2019de yap\u0131lan aramalarda M\u0130T\u2019e ait oldu\u011fu belirlenen ve kozmik odalarda tutulmas\u0131 gereken baz\u0131 bilgi ve belgelere de ula\u015f\u0131ld\u0131.<\/p>\n<p style=\"text-align: justify;\"><strong>&#8220;BELGELER\u0130 KOZ\u0130NO\u011eLU VERD\u0130&#8221;<\/strong><\/p>\n<p style=\"text-align: justify;\">\u0130ddiaya g\u00f6re, bu kozmik belgeler Soner Yal\u00e7\u0131n\u2019a M\u0130T Asya Masas\u0131 \u015eefi Ka\u015fif Kozino\u011flu taraf\u0131ndan verildi. Bunun \u00fczerine savc\u0131 \u00d6z, Kozino\u011flu\u2019nun yakalanmas\u0131 ve evinde arama yap\u0131lmas\u0131 talimat\u0131n\u0131 verdi.<\/p>\n<p style=\"text-align: justify;\"><strong>&#8220;KARA VE GR\u0130 PROPAGANDA&#8221;<\/strong><\/p>\n<p style=\"text-align: justify;\">Oda TV\u2019den \u00e7\u0131kan belgelere ve iddialara g\u00f6re, Devrimci Karargah davas\u0131ndan tutuklanan Hanefi Avc\u0131\u2019n\u0131n yazd\u0131\u011f\u0131, \u201cHali\u00e7\u2019teki Simonlar D\u00fcn Devlet Bug\u00fcn Cemaat\u201d isimli kitab\u0131nda yer alan \u201cCemaat\u201d b\u00f6l\u00fcm\u00fcn\u00fc Soner Yal\u00e7\u0131n yazd\u0131. Hanefi Avc\u0131\u2019n\u0131n kitab\u0131n yaz\u0131m\u0131nda gazetecilerden yard\u0131m ald\u0131\u011f\u0131 \u00f6ne s\u00fcr\u00fcld\u00fc. Oda TV\u2019ye ait bilgisayarlar\u0131n bir tanesinde, silinmi\u015f dosya olarak \u201cUlusal Medya 2010\u201d isimli bir belge bulundu. Bu belgede 2011 Haziran ay\u0131nda yap\u0131lmas\u0131 planlanan Milletvekili Genel Se\u00e7imleri\u2019nin hedef al\u0131naca\u011f\u0131, bu se\u00e7im \u00f6ncesinde \u201cKara ve Gri\u201d propaganda yap\u0131lmas\u0131 planland\u0131\u011f\u0131 ileri s\u00fcr\u00fcld\u00fc.<\/p>\n<p style=\"text-align: justify;\"><strong>\u015eIK\u2019I \u0130MAMIN ORDUSU MU YAKTI?<\/strong><\/p>\n<p style=\"text-align: justify;\">Hanefi Avc\u0131\u2019n\u0131n kitab\u0131n\u0131n da, kara propaganda kapsam\u0131nda yay\u0131nland\u0131\u011f\u0131 iddia edildi. Oda TV bask\u0131n\u0131nda yap\u0131lan aramada Ahmet \u015e\u0131k\u2019\u0131n polis-cemaat ili\u015fkilerini ele alan ve bas\u0131m\u0131 hen\u00fcz yap\u0131lmayan kitab\u0131n\u0131n (\u0130mam\u0131n Ordusu) taslaklar\u0131 bulunmu\u015ftu. Ahmet \u015e\u0131k, kitap tasla\u011f\u0131n\u0131 sadece yay\u0131nc\u0131s\u0131 ile avukat\u0131na verdi\u011fini, Oda TV\u2019nin bilgisayar\u0131na nas\u0131l gitti\u011fini bilmedi\u011fini s\u00f6ylemi\u015fti. Bu kitab\u0131n da kara propaganda kapsam\u0131nda \u00e7\u0131kar\u0131lmas\u0131n\u0131n planland\u0131\u011f\u0131, cemaatle ilgili baz\u0131 b\u00f6l\u00fcmlerine Soner Yal\u00e7\u0131n\u2019\u0131n m\u00fcdahale etti\u011fi \u00f6ne s\u00fcr\u00fcld\u00fc.<\/p>\n<p style=\"text-align: justify;\"><strong>&#8220;UZUN\u2019A K\u0130TAP YAZACAKLAR&#8221;<\/strong><\/p>\n<p style=\"text-align: justify;\">Avc\u0131\u2019n\u0131n kitab\u0131n\u0131n ses getirmesi \u00fczerine, Soner Yal\u00e7\u0131n ile Ahmet \u015e\u0131k\u2019\u0131n cemaatle ilgili yeni bir kitap haz\u0131rl\u0131\u011f\u0131 yapt\u0131\u011f\u0131 (\u0130mam\u0131n Ordusu d\u0131\u015f\u0131nda), bu kitab\u0131 da eski \u0130stihbarat Daire Ba\u015fkan\u0131 Sabri Uzun ad\u0131na \u201cHat\u0131ralar\u0131\u201d olarak yay\u0131nlamay\u0131 planlad\u0131\u011f\u0131 iddia edildi. Kara propaganda kapsam\u0131nda, Oda TV\u2019deki belgeler aras\u0131nda, onlarca kitap tasla\u011f\u0131 oldu\u011fu da \u00f6ne s\u00fcr\u00fcld\u00fc.<\/p>\n<p style=\"text-align: justify;\"><strong>&#8220;\u00d6ZEL KURYE&#8221; \u0130DD\u0130ASI<\/strong><\/p>\n<p style=\"text-align: justify;\">Ergenekon kapsam\u0131nda telefonlar\u0131 dinlenen Yal\u00e7\u0131n K\u00fc\u00e7\u00fck\u2019\u00fcn Soner Yal\u00e7\u0131n\u2019\u0131 arayarak toplumda kaos yaratacak nitelikte haber yapmas\u0131n\u0131 istedi\u011fi belirlendi. Bunun \u00fczerine Soner Yal\u00e7\u0131n ve arkada\u015flar\u0131n\u0131n da telefonlar\u0131 dinlemeye al\u0131nd\u0131. Ancak son d\u00f6nemlerde K\u00fc\u00e7\u00fck\u2019\u00fcn telefonla g\u00f6r\u00fc\u015fmeyi, internet \u00fczerinden haberle\u015fmeyi yasaklad\u0131\u011f\u0131, haberle\u015fmek i\u00e7in kendisine ba\u011fl\u0131 olarak \u00e7al\u0131\u015fan \u201cDers grubu\u201d \u00f6\u011frencilerini kurye olarak kulland\u0131\u011f\u0131 iddia edildi.<\/p>\n<p style=\"text-align: justify;\"><strong>BAYKAL&#8217;A VARAN 2 \u015eANTAJI \u0130DD\u0130ASI<\/strong><\/p>\n<p style=\"text-align: justify;\">\u00d6te yandan soru\u015fturmada, ODATV\u2019nin sahibi Soner Yal\u00e7\u0131n\u2019a ait bilgisayar ve fla\u015fdisklerden \u015fok belgeleri \u00e7\u0131kt\u0131\u011f\u0131 ileri s\u00fcr\u00fcld\u00fc. Emniyet M\u00fcd\u00fcrl\u00fc\u011f\u00fcnde yap\u0131lan \u00e7al\u0131\u015fmayla silinen baz\u0131 dosyalar\u0131n yeniden geri getirilmesi sonucunda, \u201cHalk TV\u2019nin al\u0131nmas\u0131yla\u201d proje oldu\u011fu ileri s\u00fcr\u00fcld\u00fc.<\/p>\n<p style=\"text-align: justify;\">Ayr\u0131ca Deniz Baykal ile ilgili bug\u00fcne kadar yay\u0131nlanmam\u0131\u015f bir g\u00f6r\u00fcnt\u00fc daha oldu\u011fu iddia edildi. Bu g\u00f6r\u00fcnt\u00fc kasetinin Halk TV&#8217;nin devrine kar\u015f\u0131 \u00e7\u0131kmas\u0131 halinde Baykal&#8217;a kar\u015f\u0131 kullan\u0131laca\u011f\u0131 da iddia ediliyor.<\/p>\n<p style=\"text-align: justify;\"><a href=\"http:\/\/www.gazeteport.com.tr\/GUNCEL\/NEWS\/GP_863367\" target=\"_blank\"><span style=\"color: #888888;\">Kaynak : GAZETEPORT<\/span><\/a><\/p>\n<p style=\"text-align: justify;\">&nbsp;<\/p>\n","protected":false},"excerpt":{"rendered":"<p style=\"text-align: center;\">\n<p style=\"text-align: justify;\">Ergenekon\u2019a M\u0130T de dahil oldu. Oda TV\u2019den \u00e7\u0131kt\u0131\u011f\u0131 \u00f6ne s\u00fcr\u00fclen M\u0130T\u2019in kozmik belgelerinin Soner Yal\u00e7\u0131n\u2019a Ka\u015fif Kozino\u011flu taraf\u0131ndan verildi\u011fi, Hanefi Avc\u0131\u2019n\u0131n kitab\u0131n\u0131n yaz\u0131m\u0131na Soner Yal\u00e7\u0131n ve d\u00fcn g\u00f6zalt\u0131na al\u0131nan gazetecilerden yard\u0131m etti\u011fi \u00f6ne s\u00fcr\u00fcld\u00fc.<\/p>\n","protected":false},"author":1,"featured_media":0,"comment_status":"open","ping_status":"closed","sticky":false,"template":"","format":"standard","meta":{"footnotes":""},"categories":[105],"tags":[],"class_list":["post-29033","post","type-post","status-publish","format-standard","hentry","category-gundem","odd"],"_links":{"self":[{"href":"http:\/\/www.korhanyilmaz.com\/index.php?rest_route=\/wp\/v2\/posts\/29033","targetHints":{"allow":["GET"]}}],"collection":[{"href":"http:\/\/www.korhanyilmaz.com\/index.php?rest_route=\/wp\/v2\/posts"}],"about":[{"href":"http:\/\/www.korhanyilmaz.com\/index.php?rest_route=\/wp\/v2\/types\/post"}],"author":[{"embeddable":true,"href":"http:\/\/www.korhanyilmaz.com\/index.php?rest_route=\/wp\/v2\/users\/1"}],"replies":[{"embeddable":true,"href":"http:\/\/www.korhanyilmaz.com\/index.php?rest_route=%2Fwp%2Fv2%2Fcomments&post=29033"}],"version-history":[{"count":0,"href":"http:\/\/www.korhanyilmaz.com\/index.php?rest_route=\/wp\/v2\/posts\/29033\/revisions"}],"wp:attachment":[{"href":"http:\/\/www.korhanyilmaz.com\/index.php?rest_route=%2Fwp%2Fv2%2Fmedia&parent=29033"}],"wp:term":[{"taxonomy":"category","embeddable":true,"href":"http:\/\/www.korhanyilmaz.com\/index.php?rest_route=%2Fwp%2Fv2%2Fcategories&post=29033"},{"taxonomy":"post_tag","embeddable":true,"href":"http:\/\/www.korhanyilmaz.com\/index.php?rest_route=%2Fwp%2Fv2%2Ftags&post=29033"}],"curies":[{"name":"wp","href":"https:\/\/api.w.org\/{rel}","templated":true}]}}