{"id":29014,"date":"2011-03-03T20:01:07","date_gmt":"2011-03-03T18:01:07","guid":{"rendered":"http:\/\/www.korhanyilmaz.com\/?p=29014"},"modified":"2011-03-03T20:01:07","modified_gmt":"2011-03-03T18:01:07","slug":"erdogan-bizim-talimatimiz-degil","status":"publish","type":"post","link":"http:\/\/www.korhanyilmaz.com\/?p=29014","title":{"rendered":"Erdo\u011fan: Bizim talimat\u0131m\u0131z de\u011fil"},"content":{"rendered":"<p style=\"text-align: justify;\"><a href=\"http:\/\/www.korhanyilmaz.com\/wp-content\/uploads\/2011\/03\/110.jpg\"  class=\"lightview\"><img loading=\"lazy\" decoding=\"async\" class=\"aligncenter size-full wp-image-29015\" src=\"http:\/\/www.korhanyilmaz.com\/wp-content\/uploads\/2011\/03\/110.jpg\" alt=\"\" width=\"292\" height=\"206\" \/><\/a><\/p>\n<p style=\"text-align: justify;\">Ba\u015fbakan Recep Tayyip Erdo\u011fan, Ergenekon soru\u015fturmas\u0131 kapsam\u0131nda bug\u00fcn ger\u00e7ekle\u015fen g\u00f6zalt\u0131larla ilgili yapt\u0131\u011f\u0131 de\u011ferlendirmede, &#8221;bug\u00fcnk\u00fc g\u00f6zalt\u0131 olay\u0131 her zaman s\u00f6yledi\u011fimiz gibi, bunlar bizim talimat\u0131m\u0131zla olan \u015feyler de\u011fil. Bu, savc\u0131l\u0131\u011f\u0131n talebi \u00fczerine g\u00fcvenlik te\u015fkilat\u0131m\u0131z\u0131n, emniyet te\u015fkilat\u0131m\u0131z\u0131n, o verilen talimat\u0131 yerine getirmesi olay\u0131d\u0131r. Burada, \u015f\u00fcphesiz ki savc\u0131l\u0131k herhalde baz\u0131 bilgilerden, baz\u0131 belgelerden hareketle b\u00f6yle bir ad\u0131m\u0131 at\u0131yor&#8221; dedi.<!--more--><\/p>\n<p style=\"text-align: justify;\">Ba\u015fbakan Erdo\u011fan ile Slovenya Ba\u015fbakan\u0131 Borut Pahor, ba\u015fba\u015fa ve heyetleraras\u0131 g\u00f6r\u00fc\u015fmelerden sonra ortak bas\u0131n toplant\u0131s\u0131 d\u00fczenlediler ve gazetecilerin sorular\u0131n\u0131 yan\u0131tlad\u0131lar.<\/p>\n<p style=\"text-align: justify;\">Ba\u015fbakan Erdo\u011fan, bir gazetecinin, &#8221;Venezuela Devlet Ba\u015fkan\u0131 Hugo Chavez&#8217;in Kaddafi&#8217;ye y\u00f6nelik bir \u00f6nerisi vard\u0131. Uluslararas\u0131 bir komisyon kurulmas\u0131 \u00e7a\u011fr\u0131s\u0131 vard\u0131. Kaddafi buna evet demese de Chavez&#8217;in s\u00f6zc\u00fcs\u00fc bu \u00f6neriyi Kaddafi&#8217;nin kabul etti\u011fini a\u00e7\u0131klad\u0131. T\u00fcrkiye olarak b\u00f6yle bir komisyon kurulmas\u0131na kar\u015f\u0131 tutumunuz nedir?&#8221; sorusuna \u015fu yan\u0131t\u0131 verdi:<\/p>\n<p style=\"text-align: justify;\">&#8221;Bildi\u011fim kadar\u0131yla b\u00f6yle bir talebe, b\u00f6yle bir tespite Arap Birli\u011fi de &#8216;evet&#8217; demi\u015f. Ve tabii bunlar\u0131n detaylar\u0131 filan bizlere ula\u015ft\u0131\u011f\u0131 anda bizim de bu s\u00fcrece katk\u0131da bulunmak i\u00e7in \u015fu ana kadar oldu\u011fu gibi bundan sonra da \u00f6nemli bir gayretimiz olur. \u00c7\u00fcnk\u00fc m\u00fczakere s\u00fcreciyle buradaki s\u0131k\u0131nt\u0131y\u0131 gidermek, burada kan\u0131 durdurmak, burada \u00e7at\u0131\u015fmalar\u0131 durdurmak ve ideal bir \u00e7\u0131k\u0131\u015f yolunu bulmak, \u00f6zellikle Libya halk\u0131n\u0131n talepleri istikametinde, Libya halk\u0131n\u0131n demokratik taleplerini, \u00f6zg\u00fcrl\u00fcklere y\u00f6nelik taleplerini g\u00f6z ard\u0131 etmeksizin b\u00f6yle bir ad\u0131m\u0131n at\u0131lmas\u0131n\u0131 \u00e7ok arzu ederiz. Ama her zaman s\u00f6yledi\u011fim bir \u015fey var. Bug\u00fcn yine s\u00f6yleyece\u011fim; Libya&#8217;ya, Libya&#8217;n\u0131n petrol kuyular\u0131n\u0131 de\u011ferlendirmek \u00fczere bakmamal\u0131y\u0131z. Libya halk\u0131n\u0131n huzuru i\u00e7in, mutlulu\u011fu i\u00e7in bakmal\u0131y\u0131z. Onun demokratik haklar\u0131n\u0131n kazan\u0131m\u0131, \u00f6zg\u00fcrl\u00fckler noktas\u0131ndaki s\u0131k\u0131nt\u0131lar\u0131n\u0131n giderilmesi i\u00e7in bakmal\u0131y\u0131z. Bir de \u015funu \u00e7ok samimi s\u00f6yl\u00fcyorum; Libya Libyal\u0131lar&#8217;\u0131nd\u0131r diye bakmal\u0131y\u0131z.&#8221;<\/p>\n<p style=\"text-align: justify;\"><strong>G\u00d6ZALTILAR<\/strong><\/p>\n<p style=\"text-align: justify;\">Ba\u015fbakan Recep Tayyip Erdo\u011fan, &#8221;Ergenekon soru\u015fturmas\u0131 kapsam\u0131nda bug\u00fcnk\u00fc g\u00f6zalt\u0131lar\u0131 bas\u0131n \u00f6zg\u00fcrl\u00fc\u011f\u00fc kapsam\u0131nda nas\u0131l de\u011ferlendiriyorsunuz?&#8221; \u015feklindeki soruya da \u015fu yan\u0131t\u0131 verdi:<\/p>\n<p style=\"text-align: justify;\">&#8221;Bug\u00fcnk\u00fc g\u00f6zalt\u0131 olay\u0131 her zaman s\u00f6yledi\u011fimiz gibi, bunlar bizim talimat\u0131m\u0131zla olan \u015feyler de\u011fil. Bu, savc\u0131l\u0131\u011f\u0131n talebi \u00fczerine g\u00fcvenlik te\u015fkilat\u0131m\u0131z\u0131n, emniyet te\u015fkilat\u0131m\u0131z\u0131n o verilen talimat\u0131 yerine getirmesi olay\u0131d\u0131r. Burada, \u015f\u00fcphesiz ki savc\u0131l\u0131k herhalde baz\u0131 bilgilerden, baz\u0131 belgelerden hareketle b\u00f6yle bir ad\u0131m\u0131 at\u0131yor. Bunu \u00fczerinde benim zaten herhangi bir de\u011ferlendirmeye girmem, \u015f\u00f6yle mi b\u00f6yle mi, bu t\u00fcr ifadelerde bulunmam bunlar da zaten yanl\u0131\u015f. \u015eu anda emniyet te\u015fkilat\u0131m\u0131z kendisine verilen g\u00f6revi yerine getirmi\u015ftir. Ve bundan sonraki s\u00fcre\u00e7te de savc\u0131l\u0131k haz\u0131rl\u0131k safhas\u0131n\u0131 yerine getirir, ondan sonra da ilgili mahkemeye bunu sevk eder veyahut da sevk etmeden b\u0131rakabilir. Bunlar\u0131n hepsi onlar\u0131n tasarrufudur. Buna tabii bizim kar\u0131\u015fma yetkimiz zaten yok. Benim sadece s\u00f6yleyece\u011fim bir \u015fey var; bu s\u00fcre\u00e7lerin s\u00fcratle neticelendirilmesidir, k\u0131sa zamanda bitirilmesidir. Bu da arzumdur, bunu da \u00f6zellikle ifade etmek isterim.&#8221;<\/p>\n<p style=\"text-align: justify;\"><a href=\"http:\/\/www.gazeteport.com.tr\/SIYASET\/NEWS\/GP_863252\" target=\"_blank\"><span style=\"color: #888888;\">Kaynak : GAZETEPORT<\/span><\/a><\/p>\n","protected":false},"excerpt":{"rendered":"<p style=\"text-align: justify;\">\n<p style=\"text-align: justify;\">Ba\u015fbakan Recep Tayyip Erdo\u011fan, Ergenekon soru\u015fturmas\u0131 kapsam\u0131nda bug\u00fcn ger\u00e7ekle\u015fen g\u00f6zalt\u0131larla ilgili yapt\u0131\u011f\u0131 de\u011ferlendirmede, &#8221;bug\u00fcnk\u00fc g\u00f6zalt\u0131 olay\u0131 her zaman s\u00f6yledi\u011fimiz gibi, bunlar bizim talimat\u0131m\u0131zla olan \u015feyler de\u011fil. Bu, savc\u0131l\u0131\u011f\u0131n talebi \u00fczerine g\u00fcvenlik te\u015fkilat\u0131m\u0131z\u0131n, emniyet te\u015fkilat\u0131m\u0131z\u0131n, o verilen talimat\u0131 yerine getirmesi olay\u0131d\u0131r. Burada, \u015f\u00fcphesiz ki savc\u0131l\u0131k herhalde baz\u0131 bilgilerden, baz\u0131 belgelerden hareketle <\/p>\n","protected":false},"author":1,"featured_media":0,"comment_status":"open","ping_status":"closed","sticky":false,"template":"","format":"standard","meta":{"footnotes":""},"categories":[105],"tags":[],"class_list":["post-29014","post","type-post","status-publish","format-standard","hentry","category-gundem","odd"],"_links":{"self":[{"href":"http:\/\/www.korhanyilmaz.com\/index.php?rest_route=\/wp\/v2\/posts\/29014","targetHints":{"allow":["GET"]}}],"collection":[{"href":"http:\/\/www.korhanyilmaz.com\/index.php?rest_route=\/wp\/v2\/posts"}],"about":[{"href":"http:\/\/www.korhanyilmaz.com\/index.php?rest_route=\/wp\/v2\/types\/post"}],"author":[{"embeddable":true,"href":"http:\/\/www.korhanyilmaz.com\/index.php?rest_route=\/wp\/v2\/users\/1"}],"replies":[{"embeddable":true,"href":"http:\/\/www.korhanyilmaz.com\/index.php?rest_route=%2Fwp%2Fv2%2Fcomments&post=29014"}],"version-history":[{"count":0,"href":"http:\/\/www.korhanyilmaz.com\/index.php?rest_route=\/wp\/v2\/posts\/29014\/revisions"}],"wp:attachment":[{"href":"http:\/\/www.korhanyilmaz.com\/index.php?rest_route=%2Fwp%2Fv2%2Fmedia&parent=29014"}],"wp:term":[{"taxonomy":"category","embeddable":true,"href":"http:\/\/www.korhanyilmaz.com\/index.php?rest_route=%2Fwp%2Fv2%2Fcategories&post=29014"},{"taxonomy":"post_tag","embeddable":true,"href":"http:\/\/www.korhanyilmaz.com\/index.php?rest_route=%2Fwp%2Fv2%2Ftags&post=29014"}],"curies":[{"name":"wp","href":"https:\/\/api.w.org\/{rel}","templated":true}]}}