{"id":29010,"date":"2011-03-03T16:31:00","date_gmt":"2011-03-03T14:31:00","guid":{"rendered":"http:\/\/www.korhanyilmaz.com\/?p=29010"},"modified":"2011-03-03T16:31:00","modified_gmt":"2011-03-03T14:31:00","slug":"kilicdaroglundan-baskina-tepki","status":"publish","type":"post","link":"http:\/\/www.korhanyilmaz.com\/?p=29010","title":{"rendered":"K\u0131l\u0131\u00e7daro\u011flu&#8217;ndan bask\u0131na tepki"},"content":{"rendered":"<p style=\"text-align: justify;\"><a href=\"http:\/\/www.korhanyilmaz.com\/wp-content\/uploads\/2011\/03\/109.jpg\"  class=\"lightview\"><img loading=\"lazy\" decoding=\"async\" class=\"aligncenter size-full wp-image-29011\" src=\"http:\/\/www.korhanyilmaz.com\/wp-content\/uploads\/2011\/03\/109.jpg\" alt=\"\" width=\"360\" height=\"243\" \/><\/a><\/p>\n<p style=\"text-align: justify;\">CHP lideri K\u0131l\u0131\u00e7daro\u011flu, bu sabah Ergenekon kapsam\u0131nda evleri bas\u0131lan gazetecilere destek vererek, &#8220;Bu, T\u00fcrkiye demokrasisinin sorgulanmas\u0131 gerekti\u011fini g\u00f6steriyor&#8221; dedi.<\/p>\n<p style=\"text-align: justify;\">\u0130STANBUL- CHP Genel Ba\u015fkan\u0131 Kemal K\u0131l\u0131\u00e7daro\u011flu, &#8221;E\u011fer somut bir gerek\u00e7e olmadan sabah\u0131n erken saatlerinde gazetecilerin evleri ve \u00e7al\u0131\u015fma ofisleri aran\u0131yorsa, bas\u0131l\u0131yorsa, bu, T\u00fcrkiye&#8217;de demokrasinin sorgulanmas\u0131 gerekti\u011fini g\u00f6steriyor&#8221; dedi. <!--more--><\/p>\n<p style=\"text-align: justify;\">K\u0131l\u0131\u00e7daro\u011flu, \u0130stanbul&#8217;dan Ankara&#8217;ya hareketinden \u00f6nce Atat\u00fcrk Havaliman\u0131&#8217;nda bas\u0131n mensuplar\u0131n\u0131n sorular\u0131n\u0131 yan\u0131tlad\u0131.<\/p>\n<p style=\"text-align: justify;\">&#8221;Ergenekon&#8221; soru\u015fturmas\u0131 kapsam\u0131nda g\u00f6zalt\u0131na al\u0131nan gazetecilerle ilgili sorular \u00fczerine K\u0131l\u0131\u00e7daro\u011flu, \u015funlar\u0131 s\u00f6yledi:<\/p>\n<p style=\"text-align: justify;\"><strong>&#8220;NAMUSLU GAZETEC\u0130L\u0130K YAPMAK G\u0130TT\u0130K\u00c7E ZORLA\u015eIYOR&#8221;<\/strong><\/p>\n<p style=\"text-align: justify;\">&#8221;Tuzun koktu\u011fu s\u00fcreci ya\u015f\u0131yoruz. Art\u0131k T\u00fcrkiye&#8217;de, namuslu gazetecilik yapmak gittik\u00e7e zorla\u015f\u0131yor. Halk\u0131ma \u015funu s\u00f6ylemek isterim; hi\u00e7 bir bask\u0131c\u0131 d\u00fczen ilelebet y\u00fcr\u00fcyemez. AKP bask\u0131 kurduk\u00e7a, toplumun bilin\u00e7lenmesi artacakt\u0131r. Biz hukukun \u00fcst\u00fcnl\u00fc\u011f\u00fcn\u00fc istiyoruz. \u015eu anda g\u00fc\u00e7l\u00fcn\u00fcn hukuku T\u00fcrkiye&#8217;de ge\u00e7erli.<\/p>\n<p style=\"text-align: justify;\">Bug\u00fcn Ankara Baro Ba\u015fkan\u0131&#8217;n\u0131n yapt\u0131\u011f\u0131 bir a\u00e7\u0131klama var, &#8216;Arama kararlar\u0131nda somut bir gerek\u00e7e s\u00f6z konusu de\u011fildir&#8217; diye. E\u011fer somut bir gerek\u00e7e olmadan sabah\u0131n erken saatlerinde gazetecilerin evleri ve \u00e7al\u0131\u015fma ofisleri aran\u0131yorsa, bas\u0131l\u0131yorsa, bu, T\u00fcrkiye&#8217;de demokrasinin sorgulanmas\u0131 gerekti\u011fini g\u00f6steriyor.&#8221;<\/p>\n<p style=\"text-align: justify;\"><strong>&#8221;AKP UZUN S\u00dcRE AYAKTA KALMANIN YOLUNU BASKI \u0130LE  SA\u011eLAMAYI D\u00dc\u015e\u00dcN\u00dcYOR&#8221;<\/strong><\/p>\n<p style=\"text-align: justify;\">CHP Genel Ba\u015fkan\u0131 Kemal K\u0131l\u0131\u00e7daro\u011flu, &#8221;Ergenekon&#8221; soru\u015fturmas\u0131 kapsam\u0131nda \u00e7o\u011funlu\u011funu gazetecilerin olu\u015fturdu\u011fu yeni g\u00f6zalt\u0131lar\u0131 de\u011ferlendirirken, &#8221;E\u011fer, (Ger\u00e7ekler ara\u015ft\u0131r\u0131lmas\u0131n, sadece iktidar\u0131n s\u00f6ylemleriyle gazeteler \u00e7\u0131ks\u0131n, Say\u0131n Ba\u015fbakan&#8217;\u0131n s\u00f6yledikleriyle sadece gazeteciler me\u015fgul olsun) deniliyorsa, o zaman bunun ad\u0131 demokrasi de\u011fildir&#8221; dedi.<\/p>\n<p style=\"text-align: justify;\">H\u00fck\u00fcmetin, bu konuda a\u00e7\u0131klama yapmas\u0131 gerekti\u011fini ifade eden K\u0131l\u0131\u00e7daro\u011flu, \u015f\u00f6yle devam etti:<\/p>\n<p style=\"text-align: justify;\">&#8221;Art\u0131k bu s\u00fcrecin uzun s\u00fcre b\u00f6yle devam etmesi s\u00f6z konusu de\u011fil. G\u00f6zalt\u0131na al\u0131nan, arama yap\u0131lan ki\u015filer, ara\u015ft\u0131rmac\u0131-gazetecilik yapan bu konuda b\u00fct\u00fcn ince ayr\u0131nt\u0131lara ula\u015f\u0131p, toplumu ayd\u0131nlatmaya \u00e7al\u0131\u015fan ki\u015filer. E\u011fer, &#8216;Ger\u00e7ekler ara\u015ft\u0131r\u0131lmas\u0131n, sadece iktidar\u0131n s\u00f6ylemleriyle gazeteler \u00e7\u0131ks\u0131n, Say\u0131n Ba\u015fbakan&#8217;\u0131n s\u00f6yledikleriyle sadece gazeteciler me\u015fgul olsun) deniliyorsa, o zaman bunun ad\u0131 demokrasi de\u011fildir.<\/p>\n<p style=\"text-align: justify;\">Gazetecilik, zor bir g\u00f6revdir. Haberin ayr\u0131nt\u0131lar\u0131na ula\u015fmak i\u00e7in bu insanlar gecesini, g\u00fcnd\u00fcz\u00fcne katar, \u00e7al\u0131\u015f\u0131rlar, \u00e7aba harcarlar. Ama\u00e7 kamuoyunu do\u011fru bilgilendirmektir. Kamuoyunu do\u011fru bilgilendirmek i\u00e7in \u00e7aba harcayan insanlar\u0131 bu \u015fekilde cezaland\u0131r\u0131rsan\u0131z, bask\u0131 alt\u0131na al\u0131rsan\u0131z bu do\u011fru de\u011fildir. O nedenle, H\u00fck\u00fcmetin bu gibi konularda daha duyarl\u0131 olmas\u0131n\u0131 istiyoruz.&#8221;<\/p>\n<p style=\"text-align: justify;\"><strong>&#8221;DEMOKRAS\u0130N\u0130N \u00c7ITASINI Y\u00dcKSELTMEK ZORUNDAYIZ&#8221;<\/strong><\/p>\n<p style=\"text-align: justify;\">Kemal K\u0131l\u0131\u00e7daro\u011flu, gazeteci Mustafa Balbay ve Tuncay \u00d6zkan&#8217;\u0131n Silivri Cezaevi&#8217;nde ayr\u0131 h\u00fccrelere konulmas\u0131na ili\u015fkin de\u011ferlendirmesinin sorulmas\u0131 \u00fczerine, \u015funlar\u0131 s\u00f6yledi:<\/p>\n<p style=\"text-align: justify;\">&#8221;Tuzun koktu\u011fu bir s\u00fcreci ya\u015fad\u0131\u011f\u0131m\u0131z\u0131 s\u00f6ylemi\u015ftim. AKP uzun s\u00fcre ayakta kalman\u0131n yolunu bask\u0131 ile sa\u011flamay\u0131 d\u00fc\u015f\u00fcn\u00fcyor. Bunun somut \u00f6rnekleri \u00e7\u0131kmaya ba\u015flad\u0131. \u00dclkenin i\u015fsizlik, yoksulluk, d\u0131\u015f ticaret a\u00e7\u0131\u011f\u0131 sorunu var. A\u00e7l\u0131ktan \u00f6len insanlar, \u00e7ocuklar var. Bak\u0131n bunlarla art\u0131k kimse ilgilenmemeye ba\u015flad\u0131. Toplumun ilgilendi\u011fi konu ne; H\u00fck\u00fcmet sabah\u0131n k\u00f6r\u00fcnde, gazetecilerin evini basacak, hepimiz ne i\u00e7in bunlar yap\u0131l\u0131yor diye kendimize soraca\u011f\u0131z&#8230; Bu sorunun yan\u0131t\u0131 \u00e7ok a\u00e7\u0131k. Halk\u0131n g\u00fcndemini halk\u0131n elinden almak, iktidar\u0131n yapmak istedi\u011fi budur. Yarg\u0131n\u0131n siyasalla\u015ft\u0131\u011f\u0131n\u0131 biliyoruz. Bu davan\u0131n siyasalla\u015ft\u0131\u011f\u0131n\u0131 da biliyoruz. Kamuoyuna a\u00e7\u0131klanan sorgu tutanaklar\u0131nda sorulan sorular ki\u015finin gazetecilik mesle\u011fiyle ilgili.<\/p>\n<p style=\"text-align: justify;\">Zaten bir gazeteci e\u011fer, o t\u00fcr ara\u015ft\u0131rmalar\u0131 yapmazsa, niye gazeteci oluyor? Bir gazeteci halk\u0131 ayd\u0131nlatmak i\u00e7in \u00e7aba harcamayacaksa, niye gazeteci olur? Buradan \u00f6zellikle iktidar\u0131 destekleyen, iktidar\u0131n her s\u00f6yledi\u011fine &#8216;Evet&#8217; diyen gazeteci arkada\u015flara da bir \u00e7a\u011fr\u0131da bulunmak istiyorum; e\u011fer ger\u00e7ekten gazetecilik yap\u0131yorlarsa, bu olaylar kar\u015f\u0131s\u0131nda duyarl\u0131l\u0131klar\u0131n\u0131 dile getirmeliler. &#8216;Art\u0131k yeter&#8217; demeliler. T\u00fcrkiye&#8217;de demokrasinin \u00e7\u0131tas\u0131n\u0131 y\u00fckseltmek zorunday\u0131z. Hukukun \u00fcst\u00fcnl\u00fc\u011f\u00fcne inan\u0131yorsak, g\u00fc\u00e7l\u00fclerin kendi hukuklar\u0131n\u0131 olu\u015fturmas\u0131na kar\u015f\u0131 \u00e7\u0131kmal\u0131y\u0131z. Kamuoyunu do\u011fru bilgilendirmek i\u00e7in \u00e7aba harcayan insanlar\u0131 bu \u015fekilde cezaland\u0131r\u0131rsan\u0131z, bask\u0131 alt\u0131na al\u0131rsan\u0131z bu do\u011fru de\u011fildir. \u0130ktidar karar alacak, birileri o karar\u0131n gere\u011fini yerine getirecek, bunlar do\u011fru olaylar de\u011fil.&#8221;<\/p>\n<p style=\"text-align: justify;\"><strong>&#8220;BASIN \u00d6ZG\u00dcRL\u00dc\u011e\u00dc YOK OLU\u015eA S\u00dcR\u00dcKLEN\u0130YOR&#8221;<\/strong><\/p>\n<p style=\"text-align: justify;\">CHP Genel Ba\u015fkan Yard\u0131mc\u0131s\u0131 Sezgin Tanr\u0131kulu da, T\u00fcrkiye&#8217;de bas\u0131n, d\u00fc\u015f\u00fcnce ve ifade \u00f6zg\u00fcrl\u00fc\u011f\u00fcn\u00fcn s\u00fcrekli irtifa kaybederek yok olu\u015fa s\u00fcr\u00fcklendi\u011fini s\u00f6yledi.<\/p>\n<p style=\"text-align: justify;\">Tanr\u0131kulu, yapt\u0131\u011f\u0131 yaz\u0131l\u0131 a\u00e7\u0131klamada, T\u00fcrkiye&#8217;de &#8221;AK Parti&#8217;nin yak\u0131n \u00e7evresi d\u0131\u015f\u0131ndaki herkesin &#8216;\u00f6rg\u00fct \u00fcyesi&#8217; olarak damgalanma riskiyle ya\u015fad\u0131\u011f\u0131n\u0131&#8221;belirterek, \u015funlar\u0131 kaydetti:<\/p>\n<p style=\"text-align: justify;\">&#8221;Tam bu noktada T\u00fcrkiye&#8217;de bas\u0131n \u00f6zg\u00fcrl\u00fc\u011f\u00fcn\u00fcn ABD&#8217;den ileri oldu\u011funu s\u00f6yleyen Say\u0131n \u0130\u00e7i\u015fleri Bakan\u0131&#8217;na sormak istiyorum: Bug\u00fcn, &#8216;gazetecilik&#8217; mesle\u011finin emek\u00e7ilerine y\u00f6nelik bu tav\u0131rlar\u0131 nas\u0131l de\u011ferlendiriyorsunuz? Say\u0131n Bakan, acaba ABD ile bir diktat\u00f6rl\u00fck olan, gazete ta\u015f\u0131yan kamyonlar\u0131n devlet\u00e7e yak\u0131ld\u0131\u011f\u0131 Zimbabwe&#8217;yi kar\u0131\u015ft\u0131rm\u0131\u015f olabilir mi?&#8221;<\/p>\n<p style=\"text-align: justify;\">Evlerinde arama yap\u0131lan gazetecilerin, &#8221;AKP iktidar\u0131na ele\u015ftirel bakan ve g\u00fcvenlik g\u00fc\u00e7lerinde cemaat \u00f6rg\u00fctlenmelerini ara\u015ft\u0131ran yay\u0131nlar\u0131 nedeniyle bu muameleye tabi tutulduklar\u0131 y\u00f6n\u00fcnde yayg\u0131n bir kan\u0131n\u0131n var oldu\u011funu&#8221; vurgulayan Tanr\u0131kulu, \u015fu ifadeleri kulland\u0131:<\/p>\n<p style=\"text-align: justify;\">&#8221;Bu son olay, &#8216;\u00f6rg\u00fct \u00fcyeli\u011fi&#8217; su\u00e7lamas\u0131n\u0131n, bir sindirme gerek\u00e7esi olarak kullan\u0131ld\u0131\u011f\u0131 \u015f\u00fcphesini iyice g\u00fc\u00e7lendirmi\u015ftir. Yasa d\u0131\u015f\u0131 yap\u0131lara kar\u015f\u0131 m\u00fccadele, me\u015fru yollarla ve demokratik hukuk devletini yerle\u015ftirme hedefi ile y\u00fcr\u00fct\u00fclmek zorundad\u0131r. Keyfi uygulamalar ve sindirme operasyonlar\u0131, T\u00fcrkiye&#8217;de demokratikle\u015fme ve hukuk devleti olma \u00e7abalar\u0131na a\u011f\u0131r darbe indirmektedir. H\u00fck\u00fcmet, bu uygulamalara &#8216;yarg\u0131 karar\u0131&#8217; deyip sorumluluktan kurtulamaz.&#8221;<\/p>\n<p style=\"text-align: justify;\"><a href=\"http:\/\/www.gazeteport.com.tr\/SIYASET\/NEWS\/GP_863116\" target=\"_blank\"><span style=\"color: #888888;\">Kaynak : GAZETEPORT<\/span><\/a><\/p>\n","protected":false},"excerpt":{"rendered":"<p style=\"text-align: justify;\">\n<p style=\"text-align: justify;\">CHP lideri K\u0131l\u0131\u00e7daro\u011flu, bu sabah Ergenekon kapsam\u0131nda evleri bas\u0131lan gazetecilere destek vererek, &#8220;Bu, T\u00fcrkiye demokrasisinin sorgulanmas\u0131 gerekti\u011fini g\u00f6steriyor&#8221; dedi.<\/p>\n<p style=\"text-align: justify;\">\u0130STANBUL- CHP Genel Ba\u015fkan\u0131 Kemal K\u0131l\u0131\u00e7daro\u011flu, &#8221;E\u011fer somut bir gerek\u00e7e olmadan sabah\u0131n erken saatlerinde gazetecilerin evleri ve \u00e7al\u0131\u015fma ofisleri aran\u0131yorsa, bas\u0131l\u0131yorsa, bu, T\u00fcrkiye&#8217;de demokrasinin sorgulanmas\u0131 gerekti\u011fini g\u00f6steriyor&#8221; dedi. <\/p>\n","protected":false},"author":1,"featured_media":0,"comment_status":"open","ping_status":"closed","sticky":false,"template":"","format":"standard","meta":{"footnotes":""},"categories":[105],"tags":[],"class_list":["post-29010","post","type-post","status-publish","format-standard","hentry","category-gundem","odd"],"_links":{"self":[{"href":"http:\/\/www.korhanyilmaz.com\/index.php?rest_route=\/wp\/v2\/posts\/29010","targetHints":{"allow":["GET"]}}],"collection":[{"href":"http:\/\/www.korhanyilmaz.com\/index.php?rest_route=\/wp\/v2\/posts"}],"about":[{"href":"http:\/\/www.korhanyilmaz.com\/index.php?rest_route=\/wp\/v2\/types\/post"}],"author":[{"embeddable":true,"href":"http:\/\/www.korhanyilmaz.com\/index.php?rest_route=\/wp\/v2\/users\/1"}],"replies":[{"embeddable":true,"href":"http:\/\/www.korhanyilmaz.com\/index.php?rest_route=%2Fwp%2Fv2%2Fcomments&post=29010"}],"version-history":[{"count":0,"href":"http:\/\/www.korhanyilmaz.com\/index.php?rest_route=\/wp\/v2\/posts\/29010\/revisions"}],"wp:attachment":[{"href":"http:\/\/www.korhanyilmaz.com\/index.php?rest_route=%2Fwp%2Fv2%2Fmedia&parent=29010"}],"wp:term":[{"taxonomy":"category","embeddable":true,"href":"http:\/\/www.korhanyilmaz.com\/index.php?rest_route=%2Fwp%2Fv2%2Fcategories&post=29010"},{"taxonomy":"post_tag","embeddable":true,"href":"http:\/\/www.korhanyilmaz.com\/index.php?rest_route=%2Fwp%2Fv2%2Ftags&post=29010"}],"curies":[{"name":"wp","href":"https:\/\/api.w.org\/{rel}","templated":true}]}}