{"id":28996,"date":"2011-03-02T11:54:45","date_gmt":"2011-03-02T09:54:45","guid":{"rendered":"http:\/\/www.korhanyilmaz.com\/?p=28996"},"modified":"2011-03-02T11:54:45","modified_gmt":"2011-03-02T09:54:45","slug":"i-love-you-tayyip","status":"publish","type":"post","link":"http:\/\/www.korhanyilmaz.com\/?p=28996","title":{"rendered":"&#8220;I love you Tayyip&#8221;"},"content":{"rendered":"<p style=\"text-align: center;\"><a href=\"http:\/\/www.korhanyilmaz.com\/wp-content\/uploads\/2011\/03\/100.jpg\"  class=\"lightview\"><img loading=\"lazy\" decoding=\"async\" class=\"aligncenter size-full wp-image-28999\" src=\"http:\/\/www.korhanyilmaz.com\/wp-content\/uploads\/2011\/03\/100.jpg\" alt=\"\" width=\"384\" height=\"198\" \/><\/a><\/p>\n<p style=\"text-align: justify;\">KKTC\u2019de \u2018\u2019Toplumsal Varolu\u015f\u2019\u2019 mitingi ba\u015flad\u0131. Binlerce ki\u015fi \u0130n\u00f6n\u00fc meydan\u0131nda toplan\u0131yor. Rum bas\u0131n\u0131n da ilgi g\u00f6sterdi\u011fi mitingde g\u00f6stericiler \u2018\u2019I Love You Tayyip, Bir verip 5 al\u0131yorsun utanmadan beslenme diyorsun. Ankara elini yakam\u0131zdan \u00e7ek.\u2018\u2019 pankartlar\u0131 a\u00e7t\u0131. Polis &#8220;ampull\u00fc Erdo\u011fan&#8221; posterine m\u00fcdahale etti.<!--more--><\/p>\n<p style=\"text-align: justify;\">B\u00fcy\u00fck tart\u0131\u015fmalar ve gerginliklerle sonu\u00e7lanan 28 Ocak mitinginin ard\u0131ndan, KKTC\u2019de bug\u00fcn de \u2018\u2019Toplumsal Varolu\u015f\u2019\u2019 miting d\u00fczenlendi. B\u00fcy\u00fck b\u00f6l\u00fcm\u00fcn\u00fc kad\u0131nlar\u0131n olu\u015fturdu\u011fu \u00e7\u0131k say\u0131da KKTC\u2019li, \u0130n\u00f6n\u00fc meydan\u0131n\u0131 doldurdu. Meydan Atat\u00fcrk posterleri ile donat\u0131ld\u0131. G\u00f6stericiler ilk mitinge tepki g\u00f6steren Ba\u015fbakan Erdo\u011fan i\u00e7in, kinayeli bi\u00e7imde \u2018\u2019I Love You Tayyip\u2019\u2019 yaz\u0131l\u0131 pankartlar ta\u015f\u0131d\u0131.<\/p>\n<p style=\"text-align: justify;\">G\u00f6stericiler \u015fark\u0131lar s\u00f6yleyerek miting alan\u0131na giderken, ellerindeki &#8220;Beslenmek i\u00e7in de\u011fil, ba\u011flar kopmas\u0131n diye buraday\u0131z. Bir verip 5 al\u0131yorsun utanmadan beslenme diyorsun. Ankara elini yakam\u0131zdan \u00e7ek. Biz K\u0131br\u0131sl\u0131 T\u00fcrk\u00fcz sen kimsin? Ne T\u00fcrkiye\u2019ye rehin, ne Rum\u2019a yama. Bu memleket bizim, biz y\u00f6netece\u011fiz. Herkes i\u00e7in \u00f6zg\u00fcr K\u0131br\u0131s\u2019\u2019 pankartlar\u0131 da dikkat \u00e7ekti. Mitinge Rum bas\u0131n\u0131 da ilgi g\u00f6sterdi. Baz\u0131 g\u00f6stericilerin de beyaz maske takt\u0131klar\u0131 g\u00f6r\u00fcld\u00fc.<\/p>\n<p style=\"text-align: justify;\"><strong>&#8220;AMP\u00dcLL\u00dc ERDO\u011eAN&#8221; POSTER\u0130NE POL\u0130S M\u00dcDAHALES\u0130<\/strong><\/p>\n<p style=\"text-align: justify;\">KKTC\u2019de yap\u0131lan \u2018\u2019Toplumsal Varolu\u015f\u2019\u2019 mitingine, polis m\u00fcdahale etti. Amp\u00fcl ve Ba\u015fbakan Erdo\u011fan\u2019\u0131n karikat\u00fcr\u00fcn\u00fcn bulundu\u011fu \u2018\u2019As\u0131l sen kimsin ?\u2019\u2019 yaz\u0131l\u0131 pankart ile \u2018\u2019\u0130\u015fgalci TC devleti K\u0131br\u0131s\u2019tan defol&#8221; pankart\u0131 topland\u0131. G\u00f6stericiler ile polis aras\u0131nda tart\u0131\u015fmalar ya\u015fand\u0131.  Mitingde \u2018\u2019Ya\u015fas\u0131n ba\u011f\u0131ms\u0131z birle\u015fik K\u0131br\u0131s\u2019\u2019 ve Ankara elini yakam\u0131zdan \u00e7ek\u2019\u2019 pankart\u0131 da ta\u015f\u0131nd\u0131. \u0130n\u00f6n\u00fc meydan\u0131ndaki mitingde \u2018\u2019Sistem tabutun haz\u0131r. Seni \u0130n\u00f6n\u00fc\u2019ye g\u00f6mmeye geldik\u2019\u2019 yaz\u0131l\u0131 bir pankart da dikkat \u00e7ekti\u2026<\/p>\n<p style=\"text-align: justify;\"><strong>GREV VAR<\/strong><\/p>\n<p style=\"text-align: justify;\">KKTC\u2019de miting dolay\u0131s\u0131yla bir\u00e7ok i\u015fyerinde de greve gidildi. \u00d6\u011fretmeler de i\u015f ba\u015f\u0131 yapmad\u0131. \u0130lk mitingde a\u00e7\u0131lan T\u00fcrkiye aleyhtar\u0131 pankartlar nedeniyle, iki \u00fclke aras\u0131nda gerginlikler ya\u015fanm\u0131\u015f ve B\u00fcy\u00fckel\u00e7i de\u011fi\u015fmi\u015fti.<\/p>\n<p style=\"text-align: justify;\">\u0130n\u00f6n\u00fc meydan\u0131nda yap\u0131lan ve Sendikal Platform taraf\u0131ndan  d\u00fczenlenen miting, son ekonomik pakete tepki olarak organize ediliyor. Mitinginde, sendikalar herhangi bir pankart k\u0131s\u0131tlamas\u0131 getirmedi. Sadece k\u00fcf\u00fcr ve hakaret i\u00e7eren pankartlara izin verilmedi. T\u00fcrkiye h\u00fck\u00fcmetini ele\u015ftiren pankartlara bir k\u0131s\u0131tlama uygulanmad\u0131. Mitinge \u2018\u2019Yurtsever Hukuk\u00e7ular\u201d ad\u0131 alt\u0131nda c\u00fcppeleri ile avukatlar da kat\u0131ld\u0131.<\/p>\n<p style=\"text-align: justify;\">KKTC\u2019de 28 Ocak g\u00fcn\u00fc de h\u00fck\u00fcmetin ald\u0131\u011f\u0131 ekonomik tedbirleri protesto etmek amac\u0131yla yap\u0131lan miting,T\u00fcrkiye kar\u015f\u0131t\u0131 pankartlarla g\u00fcndeme gelmi\u015fti. Uygulanan ekonomik politika ve T\u00fcrk yard\u0131m heyeti ba\u015fkan\u0131 Halil \u0130brahim Ak\u00e7a protesto edilirken Ak\u00e7a daha sonra B\u00fcy\u00fckel\u00e7i olarak atanm\u0131\u015f ve tepkiler artm\u0131\u015ft\u0131.<\/p>\n<p style=\"text-align: justify;\"><strong>KIBRIS BAYRAKLARI TOPLANDI<\/strong><\/p>\n<p style=\"text-align: justify;\">KKTC&#8217;deki miting g\u00fcn\u00fcn sonunda olays\u0131z bitti. Mitingdeki konu\u015fmalarda KKTC h\u00fck\u00fcmetinin uygulamaya koydu\u011fu ekonomik tedbirlerin &#8221;Ankara&#8217;n\u0131n dayatmas\u0131&#8221; oldu\u011fu iddia edilerek, &#8221;ekonomik paketin geri \u00e7ekilmesi&#8221; ve UBP h\u00fck\u00fcmetinin istifa etmesi istendi.<\/p>\n<p style=\"text-align: justify;\">K\u0131br\u0131sl\u0131 T\u00fcrklerin K\u0131br\u0131s&#8217;ta federal bir \u00e7\u00f6z\u00fcm istedi\u011fini kaydeden konu\u015fmac\u0131lar, &#8221;K\u0131br\u0131s T\u00fcrk\u00fcn\u00fcn, cami ve k\u00fclliye yap\u0131mlar\u0131 ile k\u00fclt\u00fcr erozyonuna u\u011frat\u0131lmak istendi\u011fini&#8221; de savundular. &#8221;Besleme&#8221; polemi\u011fi ile ilgili yap\u0131lan a\u00e7\u0131klamalar\u0131 ve KKTC Ba\u015fbakan\u0131 \u0130rsen K\u00fc\u00e7\u00fck de ele\u015ftirildi.<\/p>\n<p style=\"text-align: justify;\"><strong>&#8220;TAL\u0130MATLA Y\u00d6NET\u0130LMEYE HAYIR&#8221;<\/strong><\/p>\n<p style=\"text-align: justify;\">Mitinge, mecliste temsil edilen, ana muhalefet Cumhuriyet\u00e7i T\u00fcrk Partisi Genel Ba\u015fkan\u0131 Ferdi Sabit Soyer, Toplumcu Demokrasi Partisi Genel Ba\u015fkan\u0131 Mehmet \u00c7ak\u0131c\u0131 ve Demokrat Parti Genel Ba\u015fkan\u0131 Serdar Denkta\u015f da kat\u0131ld\u0131.  Mitingde &#8221;AKP T\u00fcrkiye de\u011fildir,  Ay\u015fe g\u00fczel Ay\u015fe imzana uy, g\u00f6revini yap,K\u0131br\u0131s K\u0131br\u0131sl\u0131 halk\u0131nd\u0131r, Talimatla y\u00f6netilmeye hay\u0131r, \u0130taat etmiyoruz, gelece\u011fimizi istiyoruz&#8221; pankartlar\u0131 da ta\u015f\u0131nd\u0131. Miting alan\u0131na, b\u00fcy\u00fck boy, T\u00fcrk ve KKTC bayraklar\u0131 da as\u0131ld\u0131. Rum kesimini temsil eden, K\u0131br\u0131s Cumhuriyeti bayraklar\u0131 ise alana sokulmad\u0131. Miting, sanat\u00e7\u0131 Arda G\u00fcnd\u00fcz&#8217;\u00fcn konserinin ard\u0131ndan, olays\u0131z sona erdi.<\/p>\n\n<p style=\"text-align: justify;\"><a href=\"http:\/\/www.gazeteport.com.tr\/SIYASET\/NEWS\/GP_862253\" target=\"_blank\"><span style=\"color: #888888;\">Kaynak : GAZETEPORT<\/span><\/a><\/p>\n","protected":false},"excerpt":{"rendered":"<p style=\"text-align: center;\">\n<p style=\"text-align: justify;\">KKTC\u2019de \u2018\u2019Toplumsal Varolu\u015f\u2019\u2019 mitingi ba\u015flad\u0131. Binlerce ki\u015fi \u0130n\u00f6n\u00fc meydan\u0131nda toplan\u0131yor. Rum bas\u0131n\u0131n da ilgi g\u00f6sterdi\u011fi mitingde g\u00f6stericiler \u2018\u2019I Love You Tayyip, Bir verip 5 al\u0131yorsun utanmadan beslenme diyorsun. Ankara elini yakam\u0131zdan \u00e7ek.\u2018\u2019 pankartlar\u0131 a\u00e7t\u0131. Polis &#8220;ampull\u00fc Erdo\u011fan&#8221; posterine m\u00fcdahale etti.<\/p>\n","protected":false},"author":1,"featured_media":0,"comment_status":"open","ping_status":"closed","sticky":false,"template":"","format":"standard","meta":{"footnotes":""},"categories":[105],"tags":[],"class_list":["post-28996","post","type-post","status-publish","format-standard","hentry","category-gundem","odd"],"_links":{"self":[{"href":"http:\/\/www.korhanyilmaz.com\/index.php?rest_route=\/wp\/v2\/posts\/28996","targetHints":{"allow":["GET"]}}],"collection":[{"href":"http:\/\/www.korhanyilmaz.com\/index.php?rest_route=\/wp\/v2\/posts"}],"about":[{"href":"http:\/\/www.korhanyilmaz.com\/index.php?rest_route=\/wp\/v2\/types\/post"}],"author":[{"embeddable":true,"href":"http:\/\/www.korhanyilmaz.com\/index.php?rest_route=\/wp\/v2\/users\/1"}],"replies":[{"embeddable":true,"href":"http:\/\/www.korhanyilmaz.com\/index.php?rest_route=%2Fwp%2Fv2%2Fcomments&post=28996"}],"version-history":[{"count":0,"href":"http:\/\/www.korhanyilmaz.com\/index.php?rest_route=\/wp\/v2\/posts\/28996\/revisions"}],"wp:attachment":[{"href":"http:\/\/www.korhanyilmaz.com\/index.php?rest_route=%2Fwp%2Fv2%2Fmedia&parent=28996"}],"wp:term":[{"taxonomy":"category","embeddable":true,"href":"http:\/\/www.korhanyilmaz.com\/index.php?rest_route=%2Fwp%2Fv2%2Fcategories&post=28996"},{"taxonomy":"post_tag","embeddable":true,"href":"http:\/\/www.korhanyilmaz.com\/index.php?rest_route=%2Fwp%2Fv2%2Ftags&post=28996"}],"curies":[{"name":"wp","href":"https:\/\/api.w.org\/{rel}","templated":true}]}}