{"id":28991,"date":"2011-03-03T11:15:46","date_gmt":"2011-03-03T09:15:46","guid":{"rendered":"http:\/\/www.korhanyilmaz.com\/?p=28991"},"modified":"2011-03-03T11:15:46","modified_gmt":"2011-03-03T09:15:46","slug":"ahmet-sik-uyarmisti","status":"publish","type":"post","link":"http:\/\/www.korhanyilmaz.com\/?p=28991","title":{"rendered":"Ahmet \u015e\u0131k uyarm\u0131\u015ft\u0131"},"content":{"rendered":"<p style=\"text-align: center;\"><a href=\"http:\/\/www.korhanyilmaz.com\/wp-content\/uploads\/2011\/03\/039.jpg\"  class=\"lightview\"><img loading=\"lazy\" decoding=\"async\" class=\"aligncenter size-full wp-image-28992\" src=\"http:\/\/www.korhanyilmaz.com\/wp-content\/uploads\/2011\/03\/039.jpg\" alt=\"\" width=\"449\" height=\"231\" \/><\/a><\/p>\n<p style=\"text-align: justify;\">Kendisine y\u00f6nelik bir karalama kampanyas\u0131 y\u00fcr\u00fct\u00fcld\u00fc\u011f\u00fcn\u00fc iddia eden Gazeteci Ahmet \u015e\u0131k, OdaTV operasyonunun ard\u0131ndan, Ergenekon ile ili\u015fkilendirilmeye \u00e7al\u0131\u015f\u0131ld\u0131\u011f\u0131n\u0131 s\u00f6ylemi\u015fti.<!--more--><\/p>\n<p style=\"text-align: justify;\">\u0130STANBUL &#8211; Edit\u00f6rl\u00fc\u011f\u00fcn\u00fc yapt\u0131\u011f\u0131 Haber Vesaire&#8217;de OdaTV&#8217;de ele ge\u00e7irildi\u011fi belirtilen belgelerin tesad\u00fcfi olmad\u0131\u011f\u0131n\u0131n alt\u0131n\u0131 \u00e7izen \u015e\u0131k, 16 \u015eubat 2011 tarihinde \u015fu de\u011ferlendirmeyi yapm\u0131\u015ft\u0131:<\/p>\n<p style=\"text-align: justify;\">&#8220;Haz\u0131rlad\u0131\u011f\u0131m kitap son 20-25 y\u0131lda emniyet te\u015fkilat\u0131 i\u00e7inde cemaat \u00f6rg\u00fctlenmesi s\u00fcrecini anlat\u0131yor. Yaz\u0131lanlardan anlad\u0131\u011f\u0131m kadar\u0131yla kitab\u0131m\u0131n bir kopyas\u0131 birilerinin eline ge\u00e7mi\u015f ve orada yaz\u0131lanlar belli ki birilerini fazlas\u0131yla rahats\u0131z etmi\u015f. Bu nedenle beni OdaTV vas\u0131tas\u0131yla Ergenekon \u00f6rg\u00fct\u00fc\u2019yle ili\u015fkilendirmeye \u00e7al\u0131\u015f\u0131yorlar. B\u00f6ylece birilerinin bana bu kitab\u0131 yazd\u0131rd\u0131\u011f\u0131 iddias\u0131 dillendirilerek kitab\u0131n tarafs\u0131zl\u0131\u011f\u0131 ve objektifli\u011fi g\u00f6lgelenmeye, itibars\u0131zla\u015ft\u0131r\u0131lmaya \u00e7al\u0131\u015f\u0131l\u0131yor.&#8221;<\/p>\n<p style=\"text-align: justify;\">Uzun bir s\u00fcredir telefonlar\u0131n\u0131n dinlendi\u011fini ve bu dinleme-izleme faaliyetinin kitap \u00e7al\u0131\u015fmas\u0131yla birlikte daha da yo\u011funla\u015ft\u0131\u011f\u0131n\u0131 vurgulayan \u015e\u0131k, kitab\u0131 haz\u0131rlarken gazete ar\u015fivlerinden, dava dosyalar\u0131ndan, dosyalardaki belgelerden yararland\u0131\u011f\u0131n\u0131 ayr\u0131ca Emin Aslan, Sabri Uzun ve Hanefi Avc\u0131 gibi emniyet i\u00e7inden isimlerle de g\u00f6r\u00fc\u015ft\u00fc\u011f\u00fcn\u00fc, kitap \u00e7al\u0131\u015fmas\u0131 yapan bir gazeteci i\u00e7in de bu g\u00f6r\u00fc\u015fmelerin son derece normal oldu\u011funu s\u00f6yledi.<\/p>\n<p style=\"text-align: justify;\">As\u0131l sorulmas\u0131 gereken konunun &#8220;000Kitap&#8221; ad\u0131yla kaydetti\u011fi kitap dok\u00fcman\u0131n\u0131n, &#8220;nas\u0131l olup da OdaTv\u2019ye veya ba\u015fka bir yere gitti\u011fi&#8221; sorusunda oldu\u011funu s\u00f6yleyen \u015e\u0131k \u015f\u00f6yle devam etti:<\/p>\n<p style=\"text-align: justify;\">&#8220;Soner Yal\u00e7\u0131n ve OdaTV ile de kitab\u0131m i\u00e7in g\u00f6r\u00fc\u015ft\u00fc\u011f\u00fcm emniyet m\u00fcd\u00fcrleriyle de tamamen farkl\u0131 g\u00f6r\u00fc\u015fleri savunan, d\u00fcnya g\u00f6r\u00fc\u015f\u00fc a\u00e7\u0131s\u0131ndan aram\u0131zda hi\u00e7 bir ortak nokta bulunmayan, kendini sosyalist olarak tan\u0131mlayan bir gazetecinin, varl\u0131\u011f\u0131 iddia edilen belgedeki gibi bu insanlar\u0131n y\u00f6nlendirmesiyle bir kitap yazaca\u011f\u0131n\u0131 ileri s\u00fcrmek akla ve mant\u0131\u011fa s\u0131\u011fmaz.&#8221;<\/p>\n<p style=\"text-align: justify;\">Posta gazetesi yazar\u0131 Nedim \u015eener\u2019in de meslekta\u015f olarak tan\u0131d\u0131\u011f\u0131 ve sayg\u0131 duydu\u011fu bir insan oldu\u011fun alt\u0131n\u0131 \u00e7izen \u015e\u0131k, a\u00e7\u0131klamas\u0131nda ayr\u0131ca &#8220;Ancak belgede iddia edildi\u011fi gibi (Ahmet\u2019i \u00e7al\u0131\u015ft\u0131rs\u0131n) gibi bir ili\u015fki olmayaca\u011f\u0131n\u0131, kendilerini tan\u0131yan herkes taraf\u0131ndan bilindi\u011fini&#8221; s\u00f6yledi.<\/p>\n<p style=\"text-align: justify;\"><a href=\"http:\/\/www.gazeteport.com.tr\/GUNCEL\/NEWS\/GP_862846\"><span style=\"color: #888888;\">Kaynak : GAZETEPORT<\/span><\/a><\/p>\n","protected":false},"excerpt":{"rendered":"<p style=\"text-align: center;\">\n<p style=\"text-align: justify;\">Kendisine y\u00f6nelik bir karalama kampanyas\u0131 y\u00fcr\u00fct\u00fcld\u00fc\u011f\u00fcn\u00fc iddia eden Gazeteci Ahmet \u015e\u0131k, OdaTV operasyonunun ard\u0131ndan, Ergenekon ile ili\u015fkilendirilmeye \u00e7al\u0131\u015f\u0131ld\u0131\u011f\u0131n\u0131 s\u00f6ylemi\u015fti.<\/p>\n","protected":false},"author":1,"featured_media":0,"comment_status":"open","ping_status":"closed","sticky":false,"template":"","format":"standard","meta":{"footnotes":""},"categories":[105],"tags":[],"class_list":["post-28991","post","type-post","status-publish","format-standard","hentry","category-gundem","odd"],"_links":{"self":[{"href":"http:\/\/www.korhanyilmaz.com\/index.php?rest_route=\/wp\/v2\/posts\/28991","targetHints":{"allow":["GET"]}}],"collection":[{"href":"http:\/\/www.korhanyilmaz.com\/index.php?rest_route=\/wp\/v2\/posts"}],"about":[{"href":"http:\/\/www.korhanyilmaz.com\/index.php?rest_route=\/wp\/v2\/types\/post"}],"author":[{"embeddable":true,"href":"http:\/\/www.korhanyilmaz.com\/index.php?rest_route=\/wp\/v2\/users\/1"}],"replies":[{"embeddable":true,"href":"http:\/\/www.korhanyilmaz.com\/index.php?rest_route=%2Fwp%2Fv2%2Fcomments&post=28991"}],"version-history":[{"count":0,"href":"http:\/\/www.korhanyilmaz.com\/index.php?rest_route=\/wp\/v2\/posts\/28991\/revisions"}],"wp:attachment":[{"href":"http:\/\/www.korhanyilmaz.com\/index.php?rest_route=%2Fwp%2Fv2%2Fmedia&parent=28991"}],"wp:term":[{"taxonomy":"category","embeddable":true,"href":"http:\/\/www.korhanyilmaz.com\/index.php?rest_route=%2Fwp%2Fv2%2Fcategories&post=28991"},{"taxonomy":"post_tag","embeddable":true,"href":"http:\/\/www.korhanyilmaz.com\/index.php?rest_route=%2Fwp%2Fv2%2Ftags&post=28991"}],"curies":[{"name":"wp","href":"https:\/\/api.w.org\/{rel}","templated":true}]}}