{"id":28981,"date":"2011-03-03T12:35:00","date_gmt":"2011-03-03T10:35:00","guid":{"rendered":"http:\/\/www.korhanyilmaz.com\/?p=28981"},"modified":"2011-03-03T12:35:00","modified_gmt":"2011-03-03T10:35:00","slug":"artik-yeter","status":"publish","type":"post","link":"http:\/\/www.korhanyilmaz.com\/?p=28981","title":{"rendered":"&#8220;Art\u0131k yeter&#8221;"},"content":{"rendered":"<div id=\"attachment_28982\" style=\"width: 369px\" class=\"wp-caption aligncenter\"><a title=\"Ankara Barosu Ba\u015fkan\u0131 Prof. Metin Feyzio\u011flu\" href=\"http:\/\/www.korhanyilmaz.com\/wp-content\/uploads\/2011\/03\/037.jpg\"  class=\"lightview\"><img loading=\"lazy\" decoding=\"async\" aria-describedby=\"caption-attachment-28982\" class=\"size-full wp-image-28982\" src=\"http:\/\/www.korhanyilmaz.com\/wp-content\/uploads\/2011\/03\/037.jpg\" alt=\"\" width=\"359\" height=\"249\" \/><\/a><p id=\"caption-attachment-28982\" class=\"wp-caption-text\">Ankara Barosu Ba\u015fkan\u0131 Prof. Metin Feyzio\u011flu<\/p><\/div>\n<p style=\"text-align: justify;\">Ankara Barosu Ba\u015fkan\u0131 Prof. Metin Feyzio\u011flu, Prof. Dr. Yal\u00e7\u0131n K\u00fc\u00e7\u00fck&#8217;\u00fcn e\u015fine ait ofisinin aranmas\u0131 esnas\u0131nda ofise geldi. &#8216;Araman\u0131n hukuksuz oldu\u011funu&#8217; iddia eden Feyzio\u011flu, &#8221;\u015eu an i\u00e7in aramay\u0131 durdurduk&#8221; dedi ve ekledi: Arama karar\u0131nda somut bir gerek\u00e7e yok. Bu hukuksuzlu\u011fa art\u0131k yeter.<!--more--><\/p>\n<p style=\"text-align: justify;\">ANKARA- Metin Feyzio\u011flu gazetecilere \u015funlar\u0131 s\u00f6yledi:<\/p>\n<p style=\"text-align: justify;\">Bir avukatl\u0131k b\u00fcrosunun b\u00fcrosu ya da konutu BARO bilgilendirmeden aranamaz. Emniyet amirine buran\u0131n bir avukat ofisi ve mesken, oldu\u011funu bildirdik. \u015eu an i\u00e7in Temren K\u00fc\u00e7\u00fck&#8217;\u00fcn ofisindeki arama durduruldu.<\/p>\n<p style=\"text-align: justify;\">Ancak Ankara Emniyeti&#8217;nden araman\u0131n ba\u015flayaca\u011f\u0131 \u015fifahen geldi. Arama karar\u0131nda Temren K\u00fc\u00e7\u00fck&#8217;\u00fcn ismi ge\u00e7miyor. Yal\u00e7\u0131n K\u00fc\u00e7\u00fck&#8217;\u00fcn bu binadaki iki adresi g\u00f6steriliyor.<\/p>\n<p style=\"text-align: justify;\"><strong>ARAMA YAPILAN OF\u0130S K\u00dc\u00c7\u00dcK&#8217;\u00dcN ESK\u0130 E\u015e\u0130NE A\u0130T<\/strong><\/p>\n<p style=\"text-align: justify;\">Avukat Temren K\u00fc\u00e7\u00fck, Yal\u00e7\u0131n K\u00fc\u00e7\u00fck\u2019\u00fcn eski e\u015fidir. 20 y\u0131ld\u0131r ayr\u0131d\u0131rlar. Yal\u00e7\u0131n K\u00fc\u00e7\u00fck ayr\u0131 bir ikamette ya\u015famaktad\u0131r. Hi\u00e7bir gerek\u00e7e g\u00f6stermeden ve ara\u015ft\u0131rma yap\u0131lmadan b\u00f6yle bir \u00f6zensiz karar hukuk tarihinde kendine \u00f6zg\u00fc anlaml\u0131 bir yer edinecektir.<\/p>\n<p style=\"text-align: justify;\"><strong>ARAMA KARARININ SOMUT GEREK\u00c7ES\u0130 YOK<\/strong><\/p>\n<p style=\"text-align: justify;\">Arama karar\u0131n\u0131 kanuna g\u00f6re bir fiil tan\u0131m\u0131 yap\u0131lmas\u0131 zorunludur. Fiil tan\u0131m\u0131 \u00f6yle \u00f6rg\u00fct \u00fcyesi olmak ya da \u015fu su\u00e7u bu su\u00e7u i\u015flemekle olmaz. Meskeni ya da yaz\u0131hanesi aranan ki\u015finin ne yapmakla su\u00e7lu oldu\u011fu belirtilmelidir. Fiil somutla\u015ft\u0131rmas\u0131 yok arama karar\u0131nda. Fiil de\u011fil soyuttur bunlar.<\/p>\n<p style=\"text-align: justify;\">Diyorum ki art\u0131k yeter. Bu hukuksuzlu\u011fa yeter. Bir avukat meslekta\u015f\u0131m\u0131n meskenini koruma \u00e7abas\u0131 i\u00e7indeyim ve hukuka ayk\u0131r\u0131 bir aramaya dur deme \u00e7abas\u0131 i\u00e7indeyim.<\/p>\n<p style=\"text-align: justify;\">Benim ba\u015f\u0131ma gelmedi demeyin. Neden sadece ba\u015f\u0131n\u0131za geldi\u011finde haks\u0131zl\u0131k oluyor. Bir ba\u015fkas\u0131n\u0131n ba\u015f\u0131na haks\u0131zl\u0131k geldi\u011finde e\u011fer buna demokratik tepkinizi ortaya koymuyorsa sizin ba\u015f\u0131n\u0131za geldi\u011finde kim tepkisini koyacak.<\/p>\n<p style=\"text-align: justify;\"><strong>CHP GRUP BA\u015eKANVEK\u0130L\u0130 HAMZA\u00c7EB\u0130<\/strong><\/p>\n<p style=\"text-align: justify;\">CHP Grup Ba\u015fkanvekili Akif Hamza\u00e7ebi, &#8221;Ergenekon&#8221; soru\u015fturmas\u0131 kapsam\u0131nda baz\u0131 gazetecilerin g\u00f6zalt\u0131na al\u0131nmas\u0131n\u0131n tek amac\u0131n\u0131n &#8221;H\u00fck\u00fcmeti ele\u015ftiren sesleri susturmak&#8221; oldu\u011funu belirterek, &#8221;\u015eimdi T\u00fcrkiye&#8217;de bir Muaviye d\u00f6nemi yarat\u0131lmak isteniyor&#8221; dedi.<\/p>\n<p style=\"text-align: justify;\">Hamza\u00e7ebi, d\u00fczenledi\u011fi bas\u0131n toplant\u0131s\u0131nda &#8221;Ergenekon&#8221; soru\u015fturmas\u0131 kapsam\u0131ndaki son g\u00f6zalt\u0131lar\u0131 de\u011ferlendirdi. Hamza\u00e7ebi, Ergenekon soru\u015fturmas\u0131n\u0131n T\u00fcrkiye&#8217;de darbe te\u015febb\u00fcs\u00fc oldu\u011fu gerek\u00e7esiyle ba\u015flad\u0131\u011f\u0131n\u0131, ancak giderek amac\u0131ndan uzakla\u015ft\u0131\u011f\u0131n\u0131 ve &#8221;AKP iktidar\u0131na muhalif olanlar\u0131n seslerinin kesildi\u011fi, onlar\u0131n susturuldu\u011fu&#8221; bir soru\u015fturmaya d\u00f6n\u00fc\u015ft\u00fc\u011f\u00fcn\u00fc savundu.<\/p>\n<p style=\"text-align: justify;\">\u0130ktidar aleyhinde, iktidar\u0131n g\u00f6r\u00fc\u015flerine alternatif olacak ya da onu ele\u015ftirecek \u015fekilde g\u00f6r\u00fc\u015f ortaya koyan her kim varsa, bunlar\u0131n birer birer &#8221;Ergenekon&#8221; soru\u015fturmas\u0131na dahil edilmek suretiyle g\u00f6zalt\u0131na al\u0131nd\u0131\u011f\u0131n\u0131 ileri s\u00fcren Hamza\u00e7ebi, bug\u00fcn yap\u0131lan i\u015flemlerin bunun bir par\u00e7as\u0131 oldu\u011funu s\u00f6yledi.<\/p>\n<p style=\"text-align: justify;\">Baz\u0131 gazetecilerin soru\u015fturma ba\u011flam\u0131nda g\u00f6zalt\u0131na al\u0131nmas\u0131n\u0131n, &#8221;bas\u0131n\u0131n se\u00e7ime gidilen s\u00fcre\u00e7te susturulmas\u0131&#8221; amac\u0131n\u0131 ta\u015f\u0131d\u0131\u011f\u0131n\u0131 ifade eden Hamza\u00e7ebi, \u015f\u00f6yle konu\u015ftu:<\/p>\n<p style=\"text-align: justify;\">&#8221;Bas\u0131n susturulmak istenmektedir. T\u00fcrkiye, bas\u0131n \u00f6zg\u00fcrl\u00fc\u011f\u00fc konusunda uluslararas\u0131 istatistiklerde olduk\u00e7a k\u00f6t\u00fc durumdad\u0131r. S\u0131n\u0131r Tan\u0131mayan Gazeteciler \u00d6rg\u00fct\u00fcn\u00fcn yay\u0131mlam\u0131\u015f oldu\u011fu 2010 y\u0131l\u0131 istatisti\u011finde T\u00fcrkiye, bas\u0131n \u00f6zg\u00fcrl\u00fc\u011f\u00fc s\u0131ras\u0131nda d\u00fcnya \u00fclkeleri aras\u0131nda 138. s\u0131radad\u0131r. T\u00fcrkiye, geriye gitmektedir, Afrika \u00fclkelerinden Zimbabve, Kongo&#8217;dan, Asya ve Ortado\u011fu \u00fclkelerinden \u00e7ok daha geri bir konumdad\u0131r. Bu t\u00fcr g\u00f6zalt\u0131lar, soru\u015fturmalar oldu\u011fu s\u00fcrece T\u00fcrkiye&#8217;de bas\u0131n \u00f6zg\u00fcrl\u00fc\u011f\u00fc \u00e7ok daha geriye gidecektir.&#8221;<\/p>\n<p style=\"text-align: justify;\"><strong>&#8221;M\u0130LLET\u0130M\u0130Z BU HUKUKSUZLUKLARA DUR D\u0130YECEK&#8221;<\/strong><\/p>\n<p style=\"text-align: justify;\">G\u00f6zalt\u0131na al\u0131nan gazetecilerin son a\u00e7\u0131klamalar\u0131 dikkate al\u0131nd\u0131\u011f\u0131nda, bu tip g\u00f6zalt\u0131lar\u0131n hukuki, yasal me\u015fruiyetinin \u015f\u00fcpheli hale geldi\u011fini ileri s\u00fcren Hamza\u00e7ebi, s\u00f6zlerini \u015f\u00f6yle s\u00fcrd\u00fcrd\u00fc:<\/p>\n<p style=\"text-align: justify;\">&#8221;Bu uygulamalar\u0131 yasa maddelerine dayand\u0131rmak m\u00fcmk\u00fcnd\u00fcr, ama hukuka ve milletin vicdan\u0131na dayand\u0131rmak, milletin vicdan\u0131nda aklamak m\u00fcmk\u00fcn de\u011fildir. G\u00f6zalt\u0131na al\u0131nan Nedim \u015eener&#8217;in 18 \u015eubat&#8217;ta yazd\u0131\u011f\u0131 yaz\u0131da, &#8216;Dink cinayetinde ihmali ve sorumlulu\u011fu bulunanlar\u0131n, Ergenekon soru\u015fturmas\u0131n\u0131 y\u00fcr\u00fcten polisler oldu\u011fu anla\u015f\u0131ld\u0131\u011f\u0131ndan beri bana yap\u0131lan uyar\u0131lar\u0131n ard\u0131 arkas\u0131 kesilmiyor; (\u015eimdi de s\u0131ra sende, Soner&#8217;e s\u00f6yl\u00fcyorduk, bak oldu. Bavulun haz\u0131r m\u0131 birader, kal\u0131n pijaman, y\u00fcnl\u00fc donun tamam m\u0131 karde\u015f) diyorlar. Bir di\u011fer gazeteci Yal\u00e7\u0131n K\u00fc\u00e7\u00fck&#8217;\u00fcn, &#8216;Se\u00e7imlere do\u011fru herkes CHP&#8217;de toplans\u0131n, herkes CHP&#8217;ye oy versin&#8217; diye beyan\u0131 var.<\/p>\n<p style=\"text-align: justify;\">Gazetecilere y\u00f6nelik g\u00f6zalt\u0131lar\u0131n tek bir amac\u0131 vard\u0131r; muhalif sesleri susturmak, H\u00fck\u00fcmeti ele\u015ftiren sesleri susturmak. B\u00f6ylece bas\u0131n, se\u00e7ime do\u011fru AKP&#8217;nin yolsuzluk dosyalar\u0131n\u0131 yazamayacak hale getirilecektir. Hedef budur, niyet budur. Hukuk ad\u0131na hukuksuzluklar yap\u0131lmakta ve bu hukuksuzluklara herkesin sayg\u0131 duymas\u0131 istenmektedir. Bu, Emevi d\u00f6neminde de b\u00f6yleydi. D\u00f6rt Halife d\u00f6neminden sonra Emevi Sultan\u0131 Muaviye&#8217;yi ele\u015ftirmek yasakt\u0131. Muaviye hakk\u0131nda herkes ele\u015ftirel d\u00fc\u015f\u00fcnebilirdi, bu serbestti ancak d\u00fc\u015f\u00fcncelerin ka\u011f\u0131da d\u00f6k\u00fclmesi, etrafta konu\u015fulmas\u0131 yasakt\u0131. \u015eimdi T\u00fcrkiye&#8217;de bir Muaviye d\u00f6nemi yarat\u0131lmak isteniyor.&#8221;<\/p>\n<p style=\"text-align: justify;\">T\u00fcrkiye&#8217;nin \u00f6n\u00fcnde bir se\u00e7im bulundu\u011funa dikkati \u00e7eken Hamza\u00e7ebi, &#8221;Bu se\u00e7imde milletimiz, vatanda\u015f\u0131m\u0131z bu hukuksuzluklara dur diyecektir. Biz H\u00fck\u00fcmeti hukuksuzluklara dur demeye davet ediyoruz&#8221; dedi.<\/p>\n<p style=\"text-align: justify;\"><strong>&#8221;N\u0130YET DARBELERLE M\u00dcCADELE ETMEK DE\u011e\u0130L&#8221;<\/strong><\/p>\n<p style=\"text-align: justify;\">Hamza\u00e7ebi, &#8221;AKP&#8217;nin ba\u015flang\u0131\u00e7tan bug\u00fcne kadar kendisini darbe ma\u011fduru bir parti&#8221; olarak konumland\u0131rd\u0131\u011f\u0131n\u0131 belirterek, &#8221;\u0130ddia,&#8217;AKP&#8217;nin iktidar olu\u015fundan beri bir tak\u0131m darbe te\u015febb\u00fcsleri var, darbeye niyet edenler var ve AKP bunlara ra\u011fmen iktidar olmaya \u00e7al\u0131\u015f\u0131yor&#8217; Yani, &#8216;b\u0131rakm\u0131yorlar ki bir rahat iktidar olay\u0131m&#8217; demek istiyor AKP&#8221; dedi.<\/p>\n<p style=\"text-align: justify;\">Darbeye te\u015febb\u00fcs edenlerle sonuna kadar m\u00fccadele edilmesi, hukukun bu ki\u015filerden sonuna kadar hesap sormas\u0131 ve bu ki\u015filerin T\u00fcrkiye Cumhuriyeti&#8217;nin hi\u00e7bir kurumunda bar\u0131nd\u0131r\u0131lmamas\u0131, bu ama\u00e7la ba\u015flat\u0131lm\u0131\u015f soru\u015fturmalar\u0131n da s\u00fcratle sonu\u00e7land\u0131r\u0131lmas\u0131 gerekti\u011fini savunan Hamza\u00e7ebi, &#8221;Ancak kendisini darbe ma\u011fduru olarak konumland\u0131ran bir siyasi parti -ki bu 9 y\u0131ld\u0131r iktidarda olan partidir- darbenin kendisi olan 27 Nisan e-muht\u0131ras\u0131yla hesapla\u015fmaya cesaret edememektedir&#8221; g\u00f6r\u00fc\u015f\u00fcn\u00fc ifade etti.<\/p>\n<p style=\"text-align: justify;\">&#8221;27 Nisan e-muht\u0131ras\u0131n\u0131n bir darbe oldu\u011funu, T\u00fcrkiye&#8217;nin cumhurba\u015fkan\u0131n\u0131 se\u00e7emedi\u011fini ve erken se\u00e7ime gitmek zorunda kald\u0131\u011f\u0131n\u0131&#8221; s\u00f6yleyen Hamza\u00e7ebi, s\u00f6zlerini \u015f\u00f6yle s\u00fcrd\u00fcrd\u00fc:<\/p>\n<p style=\"text-align: justify;\">&#8221;T\u00fcrkiye&#8217;yi erken se\u00e7ime gitmek zorunda b\u0131rakan bir e-muht\u0131ra ile m\u00fccadele etmeyen, bunun hesab\u0131n\u0131 soramayan bu h\u00fck\u00fcmetin, &#8216;darbelerle m\u00fccadele ediyorum&#8217; iddias\u0131 ne kadar ger\u00e7ek\u00e7idir? Bunu kamuoyunun, milletin vicdan\u0131na b\u0131rak\u0131yorum. Niyet, darbelerle m\u00fccadele etmek de\u011fildir. Darbelerle m\u00fccadele etmek isteyen bir h\u00fck\u00fcmetin sonuna kadar yan\u0131nday\u0131z. Ama niyet, darbeler, darbe te\u015febb\u00fcsleri bahane edilmek suretiyle muhalif gazetecilerin, muhalif seslerin susturulmas\u0131d\u0131r.&#8221;<\/p>\n<p style=\"text-align: justify;\"><strong>CHP GENEL BA\u015eKAN YARDIMCISI TANRIKULU<\/strong><\/p>\n<p style=\"text-align: justify;\">CHP Genel Ba\u015fkan Yard\u0131mc\u0131s\u0131 Sezgin Tanr\u0131kulu, T\u00fcrkiye&#8217;de bas\u0131n, d\u00fc\u015f\u00fcnce ve ifade \u00f6zg\u00fcrl\u00fc\u011f\u00fcn\u00fcn s\u00fcrekli irtifa kaybederek yok olu\u015fa s\u00fcr\u00fcklendi\u011fini \u00f6ne s\u00fcrd\u00fc.<\/p>\n<p style=\"text-align: justify;\">Tanr\u0131kulu, yapt\u0131\u011f\u0131 yaz\u0131l\u0131 a\u00e7\u0131klamada, T\u00fcrkiye&#8217;de &#8221;AK Parti&#8217;nin yak\u0131n \u00e7evresi d\u0131\u015f\u0131ndaki herkesin &#8216;\u00f6rg\u00fct \u00fcyesi&#8217; olarak damgalanma riskiyle ya\u015fad\u0131\u011f\u0131n\u0131&#8221; iddia etti. Sabaha kar\u015f\u0131 evin darmada\u011f\u0131n edilmesi, \u00f6zel hayat\u0131n t\u00fcm ayr\u0131nt\u0131lar\u0131na girilmesi tehdidiyle y\u00fcz y\u00fcze ya\u015fanan bir \u00fclkede hukuk devletinden s\u00f6z edilemeyece\u011fini ifade eden Tanr\u0131kulu, &#8221;Hukuki g\u00fcvenlik hakk\u0131&#8221;n\u0131n, hukuk devleti olman\u0131n temel \u00f6l\u00e7\u00fctlerinden biri oldu\u011funa i\u015faret etti.<\/p>\n<p style=\"text-align: justify;\">D\u00fcnyan\u0131n hi\u00e7bir demokrasisinde, vatanda\u015flar\u0131n kendilerini bu denli g\u00fcvensiz, her an kollar\u0131ndan tutulup g\u00f6t\u00fcr\u00fclme tehdidi alt\u0131nda hissettikleri bir ortam olmad\u0131\u011f\u0131n\u0131 savunan Tanr\u0131kulu, \u015funlar\u0131 kaydetti:<\/p>\n<p style=\"text-align: justify;\">&#8221;Tam bu noktada T\u00fcrkiye&#8217;de bas\u0131n \u00f6zg\u00fcrl\u00fc\u011f\u00fcn\u00fcn ABD&#8217;den ileri oldu\u011funu s\u00f6yleyen Say\u0131n \u0130\u00e7i\u015fleri Bakan\u0131&#8217;na sormak istiyorum: Bug\u00fcn, &#8216;gazetecilik&#8217; mesle\u011finin emek\u00e7ilerine y\u00f6nelik bu tav\u0131rlar\u0131 nas\u0131l de\u011ferlendiriyorsunuz? Say\u0131n Bakan, acaba ABD ile bir diktat\u00f6rl\u00fck olan, gazete ta\u015f\u0131yan kamyonlar\u0131n devlet\u00e7e yak\u0131ld\u0131\u011f\u0131 Zimbabwe&#8217;yi kar\u0131\u015ft\u0131rm\u0131\u015f olabilir mi?&#8221;<\/p>\n<p style=\"text-align: justify;\">Evlerinde arama yap\u0131lan gazetecilerin, &#8221;AKP iktidar\u0131na ele\u015ftirel bakan ve g\u00fcvenlik g\u00fc\u00e7lerinde cemaat \u00f6rg\u00fctlenmelerini ara\u015ft\u0131ran yay\u0131nlar\u0131 nedeniyle bu muameleye tabi tutulduklar\u0131 y\u00f6n\u00fcnde yayg\u0131n bir kan\u0131n\u0131n var oldu\u011funu&#8221; \u00f6ne s\u00fcren Tanr\u0131kulu, \u015fu ifadeleri kulland\u0131:<\/p>\n<p style=\"text-align: justify;\">&#8221;Bu son olay, &#8216;\u00f6rg\u00fct \u00fcyeli\u011fi&#8217; su\u00e7lamas\u0131n\u0131n, bir sindirme gerek\u00e7esi olarak kullan\u0131ld\u0131\u011f\u0131 \u015f\u00fcphesini iyice g\u00fc\u00e7lendirmi\u015ftir. Yasa d\u0131\u015f\u0131 yap\u0131lara kar\u015f\u0131 m\u00fccadele, me\u015fru yollarla ve demokratik hukuk devletini yerle\u015ftirme hedefi ile y\u00fcr\u00fct\u00fclmek zorundad\u0131r. Keyfi uygulamalar ve sindirme operasyonlar\u0131, T\u00fcrkiye&#8217;de demokratikle\u015fme ve hukuk devleti olma \u00e7abalar\u0131na a\u011f\u0131r darbe indirmektedir. H\u00fck\u00fcmet, bu uygulamalara &#8216;yarg\u0131 karar\u0131&#8217; deyip sorumluluktan kurtulamaz. Bu konuda kamuoyunu tatmin edecek bir a\u00e7\u0131klama yapmak \u0130\u00e7i\u015fleri ve Adalet bakanlar\u0131n\u0131n sorumlulu\u011fudur. T\u00fcrkiye, zaten k\u0131s\u0131tl\u0131 olan bir temel \u00f6zg\u00fcrl\u00fck hakk\u0131n\u0131, bas\u0131n ve ifade \u00f6zg\u00fcrl\u00fcklerini tamamen kaybediyor. T\u00fcrkiye&#8217;de bas\u0131n, d\u00fc\u015f\u00fcnce ve ifade \u00f6zg\u00fcrl\u00fc\u011f\u00fc s\u00fcrekli irtifa kaybederek yok olu\u015fa s\u00fcr\u00fckleniyor. Bu, hepimizin haber alabilme, \u00f6zg\u00fcr d\u00fc\u015f\u00fcnebilme hakk\u0131n\u0131n gasp edilmesidir. G\u00fcn gelip de, bug\u00fcn bu durum kar\u015f\u0131s\u0131nda sessiz kalanlar, kendilerinin de bir g\u00fcn &#8216;ma\u011fdur&#8217; konumuna d\u00fc\u015febilece\u011fini unutmas\u0131nlar.&#8221;<\/p>\n<p style=\"text-align: justify;\"><strong>T\u00dcRK\u0130YE GAZETEC\u0130LER CEM\u0130YET\u0130<\/strong><\/p>\n<p style=\"text-align: justify;\">T\u00fcrkiye Gazeteciler Cemiyeti (TGC), T\u00fcrkiye&#8217;de \u00f6zg\u00fcr bas\u0131n\u0131n sindirilmeye \u00e7al\u0131\u015f\u0131ld\u0131\u011f\u0131n\u0131 ileri s\u00fcrd\u00fc.<\/p>\n<p style=\"text-align: justify;\">TGC&#8217;den yap\u0131lan yaz\u0131l\u0131 a\u00e7\u0131klamada, T\u00fcrkiye&#8217;de demokrasinin birinci \u015fart\u0131 olan bas\u0131n \u00f6zg\u00fcrl\u00fc\u011f\u00fcn\u00fcn ve hukukun \u00fcst\u00fcnl\u00fc\u011f\u00fc ilkesinin ayaklar alt\u0131na al\u0131nd\u0131\u011f\u0131 iddia edildi.<\/p>\n<p style=\"text-align: justify;\">Muhalif olan her gazetecinin &#8221;Ergenekon ter\u00f6r \u00f6rg\u00fct\u00fc \u00fcyeli\u011fi ve halk\u0131 kin ve d\u00fc\u015fmanl\u0131\u011fa te\u015fvik etmek&#8221; su\u00e7uyla g\u00f6zalt\u0131na al\u0131nmas\u0131n\u0131n, \u00fclkede korku iklimini hakim k\u0131ld\u0131\u011f\u0131 belirtildi.<\/p>\n<p style=\"text-align: justify;\">A\u00e7\u0131klamada, &#8221;Amerika&#8217;dan ileri oldu\u011fu s\u00f6ylenen bas\u0131n \u00f6zg\u00fcrl\u00fc\u011f\u00fcn\u00fc mumla ar\u0131yoruz. Gazetecilere y\u00f6nelik g\u00f6zalt\u0131lar, tutuklamalar ve a\u00e7\u0131lan davalar, bu \u00fclkede fikir su\u00e7lar\u0131n\u0131 yeniden hortlatm\u0131\u015ft\u0131r&#8221; ifadeleri kullan\u0131ld\u0131.<\/p>\n<p style=\"text-align: justify;\"><strong>&#8221;\u00d6ZG\u00dcR BASIN S\u0130ND\u0130R\u0130LMEYE \u00c7ALI\u015eILIYOR&#8221;<\/strong><\/p>\n<p style=\"text-align: justify;\">Ya\u015fanan geli\u015fmelerin en endi\u015fe verici yan\u0131n\u0131n, ara\u015ft\u0131rmac\u0131-gazetecilerin \u00f6zg\u00fcrce g\u00f6rev yapmalar\u0131n\u0131n adeta bir kampanya halinde engellenmeye \u00e7al\u0131\u015f\u0131lmas\u0131 oldu\u011fu ileri s\u00fcr\u00fclen a\u00e7\u0131klamada, ara\u015ft\u0131rmac\u0131 gazetecili\u011fin \u00f6n\u00fcn\u00fcn kesilmesinin T\u00fcrkiye&#8217;nin de imzas\u0131 bulundu\u011fu Avrupa Konseyi Bakanlar Komitesi&#8217;nin tavsiye kararlar\u0131na ayk\u0131r\u0131 oldu\u011fu bildirildi.<\/p>\n<p style=\"text-align: justify;\">Halk\u0131n do\u011fru, yans\u0131z haber alma hakk\u0131n\u0131n ve bas\u0131n \u00f6zg\u00fcrl\u00fc\u011f\u00fcn\u00fcn korunmas\u0131n\u0131n, herkes i\u00e7in gerekli oldu\u011fu belirtilen a\u00e7\u0131klamada, \u015fu ifadelere yer verildi:<\/p>\n<p style=\"text-align: justify;\">&#8221;T\u00fcrkiye&#8217;de \u00f6zg\u00fcr bas\u0131n sindirilmeye \u00e7al\u0131\u015f\u0131l\u0131yor. 2010 y\u0131l\u0131 gazeteciler i\u00e7in bas\u0131n \u00f6zg\u00fcrl\u00fc\u011f\u00fc a\u00e7\u0131s\u0131ndan karanl\u0131k bir y\u0131l oldu. 2011 y\u0131l\u0131n\u0131n da 2010&#8217;dan daha k\u00f6t\u00fc olaca\u011f\u0131n\u0131n i\u015faretlerini hemen g\u00f6rmeye ba\u015flad\u0131k. Cezaevinde 60 gazeteci tutuklu, 2 bini a\u015fk\u0131n gazeteci yarg\u0131lan\u0131yor. 4 bin gazetecinin hakk\u0131nda soru\u015fturma y\u00fcr\u00fct\u00fcl\u00fcyor. Gazetecilere y\u00f6nelik y\u00fczlerce y\u0131l\u0131 bulan dava ve \u00f6l\u00fcm tehditleri devam ediyor. Gazetecilerin mesle\u011fini yapabilir hale gelmesi i\u00e7in bu yasalardaki maddelerin de\u011fi\u015ftirilmesi ve \u00f6l\u00fcm tehditlerini yapan ki\u015filerin g\u00fcn \u0131\u015f\u0131\u011f\u0131na \u00e7\u0131kar\u0131lmas\u0131 gerekiyor. Demokrasinin tahamm\u00fcl etme sanat\u0131 oldu\u011funu hat\u0131rlat\u0131yor, gazetecilere ve halk\u0131n ger\u00e7eklerini \u00f6\u011frenme hakk\u0131na y\u00f6nelik bask\u0131lara art\u0131k &#8216;dur&#8217; denilmesini istiyoruz.&#8221;<\/p>\n<p style=\"text-align: justify;\">A\u00e7\u0131klamada ayr\u0131ca, &#8221;Bu tehditlerin kayna\u011f\u0131n\u0131n ortaya \u00e7\u0131kar\u0131lamamas\u0131, h\u00fck\u00fcmetin durumdan rahats\u0131zl\u0131k duymad\u0131\u011f\u0131 izlenimi vermekte, bas\u0131n \u00f6zg\u00fcrl\u00fc\u011f\u00fcne ve gazetecilere y\u00f6nelik tehditlere seyirci kal\u0131nd\u0131\u011f\u0131n\u0131 d\u00fc\u015f\u00fcnd\u00fcrmektedir&#8221; denildi.<\/p>\n<p style=\"text-align: justify;\"><a href=\"http:\/\/www.gazeteport.com.tr\/GUNCEL\/NEWS\/GP_862933\" target=\"_blank\"><span style=\"color: #888888;\">Kaynak : GAZETEPORT<\/span><\/a><\/p>\n","protected":false},"excerpt":{"rendered":"<p id=\"caption-attachment-28982\" class=\"wp-caption-text\">Ankara Barosu Ba\u015fkan\u0131 Prof. Metin Feyzio\u011flu<\/p>\n<p style=\"text-align: justify;\">Ankara Barosu Ba\u015fkan\u0131 Prof. Metin Feyzio\u011flu, Prof. Dr. Yal\u00e7\u0131n K\u00fc\u00e7\u00fck&#8217;\u00fcn e\u015fine ait ofisinin aranmas\u0131 esnas\u0131nda ofise geldi. &#8216;Araman\u0131n hukuksuz oldu\u011funu&#8217; iddia eden Feyzio\u011flu, &#8221;\u015eu an i\u00e7in aramay\u0131 durdurduk&#8221; dedi ve ekledi: Arama karar\u0131nda somut bir gerek\u00e7e yok. Bu hukuksuzlu\u011fa art\u0131k yeter.<\/p>\n","protected":false},"author":1,"featured_media":0,"comment_status":"open","ping_status":"closed","sticky":false,"template":"","format":"standard","meta":{"footnotes":""},"categories":[105],"tags":[],"class_list":["post-28981","post","type-post","status-publish","format-standard","hentry","category-gundem","odd"],"_links":{"self":[{"href":"http:\/\/www.korhanyilmaz.com\/index.php?rest_route=\/wp\/v2\/posts\/28981","targetHints":{"allow":["GET"]}}],"collection":[{"href":"http:\/\/www.korhanyilmaz.com\/index.php?rest_route=\/wp\/v2\/posts"}],"about":[{"href":"http:\/\/www.korhanyilmaz.com\/index.php?rest_route=\/wp\/v2\/types\/post"}],"author":[{"embeddable":true,"href":"http:\/\/www.korhanyilmaz.com\/index.php?rest_route=\/wp\/v2\/users\/1"}],"replies":[{"embeddable":true,"href":"http:\/\/www.korhanyilmaz.com\/index.php?rest_route=%2Fwp%2Fv2%2Fcomments&post=28981"}],"version-history":[{"count":0,"href":"http:\/\/www.korhanyilmaz.com\/index.php?rest_route=\/wp\/v2\/posts\/28981\/revisions"}],"wp:attachment":[{"href":"http:\/\/www.korhanyilmaz.com\/index.php?rest_route=%2Fwp%2Fv2%2Fmedia&parent=28981"}],"wp:term":[{"taxonomy":"category","embeddable":true,"href":"http:\/\/www.korhanyilmaz.com\/index.php?rest_route=%2Fwp%2Fv2%2Fcategories&post=28981"},{"taxonomy":"post_tag","embeddable":true,"href":"http:\/\/www.korhanyilmaz.com\/index.php?rest_route=%2Fwp%2Fv2%2Ftags&post=28981"}],"curies":[{"name":"wp","href":"https:\/\/api.w.org\/{rel}","templated":true}]}}