{"id":28975,"date":"2011-03-03T11:35:44","date_gmt":"2011-03-03T09:35:44","guid":{"rendered":"http:\/\/www.korhanyilmaz.com\/?p=28975"},"modified":"2011-03-03T11:35:44","modified_gmt":"2011-03-03T09:35:44","slug":"ortak-noktalari-gazetecilik","status":"publish","type":"post","link":"http:\/\/www.korhanyilmaz.com\/?p=28975","title":{"rendered":"Ortak noktalar\u0131 gazetecilik"},"content":{"rendered":"<p style=\"text-align: center;\"><a href=\"http:\/\/www.korhanyilmaz.com\/wp-content\/uploads\/2011\/03\/034.jpg\"  class=\"lightview\"><img loading=\"lazy\" decoding=\"async\" class=\"aligncenter size-full wp-image-28976\" src=\"http:\/\/www.korhanyilmaz.com\/wp-content\/uploads\/2011\/03\/034.jpg\" alt=\"\" width=\"449\" height=\"231\" \/><\/a><\/p>\n<p style=\"text-align: justify;\">Ergenekon Davas\u0131 kapsam\u0131nda bug\u00fcn evinde arama yap\u0131lan ve g\u00f6zalt\u0131na al\u0131nan isimlerin ortak \u00f6zelli\u011fi gazeteci olmalar\u0131.<\/p>\n<p style=\"text-align: justify;\">\u0130STANBUL- Ergenekon Davas\u0131 kapsam\u0131nda evinde arama yap\u0131lan ve g\u00f6zalt\u0131na al\u0131nan Odatv\u2019nin Ankara Muhabiri \u0130klim Ayfer Kaleli (Bayraktar), bir s\u00fcre \u00f6nce Odatv\u2019nin sahibi Soner Yal\u00e7\u0131n ile yapt\u0131\u011f\u0131 bir telefon g\u00f6r\u00fc\u015fmesinin bas\u0131na yans\u0131mas\u0131 ile g\u00fcndeme gelmi\u015fti. <!--more--><\/p>\n<div id=\"attachment_28977\" style=\"width: 188px\" class=\"wp-caption alignleft\"><a title=\"\u0130klim BAYRAKTAR\" href=\"http:\/\/www.korhanyilmaz.com\/wp-content\/uploads\/2011\/03\/035.jpg\"  class=\"lightview\"><img loading=\"lazy\" decoding=\"async\" aria-describedby=\"caption-attachment-28977\" class=\"size-full wp-image-28977\" style=\"margin-left: 10px; margin-right: 10px;\" src=\"http:\/\/www.korhanyilmaz.com\/wp-content\/uploads\/2011\/03\/035.jpg\" alt=\"\" width=\"178\" height=\"190\" \/><\/a><p id=\"caption-attachment-28977\" class=\"wp-caption-text\">\u0130klim BAYRAKTAR<\/p><\/div>\n<p style=\"text-align: justify;\">Bir s\u00fcre \u0130stanbul\u2019da gazetecilik yapan \u0130klim Ayfer Kaleli (Bayraktar), 6 ay \u00f6nce Ankara\u2019da Odatv\u2019nin muhabirlik g\u00f6revini \u00fcstlenmi\u015fti. \u0130klim Ayfer Kaleli (Bayraktar), ayn\u0131 operasyonda daha \u00f6nce tutuklanan Odatv\u2019nin sahibi gazeteci Soner Yal\u00e7\u0131n ile yapt\u0131\u011f\u0131 bir telefon g\u00f6r\u00fc\u015fmesinin bas\u0131na yans\u0131mas\u0131 ile g\u00fcndeme gelmi\u015fti. \u0130klim Ayfer Kaleli (Bayraktar) ile Soner Yal\u00e7\u0131n\u2019\u0131n telefon g\u00f6r\u00fc\u015fmesinde, CHP Grup Ba\u015fkanvekili Muharrem \u0130nce ile ilgili baz\u0131 iddialarda ileri s\u00fcr\u00fclm\u00fc\u015ft\u00fc.<\/p>\n<p style=\"text-align: justify;\"><strong>M\u00dcYESSER YILDIZ<\/strong><\/p>\n<p style=\"text-align: justify;\">Ergenekon Davas\u0131 kapsam\u0131nda evinde arama yap\u0131lan ve g\u00f6zalt\u0131na al\u0131nan M\u00fcyesser Y\u0131ld\u0131z, 1983 y\u0131l\u0131nda gazetecili\u011fe ba\u015flad\u0131. S\u0131ras\u0131yla Terc\u00fcman, G\u00fcnayd\u0131n, Ak\u015fam gazetelerinde ve Nokta Dergisi&#8217;nde \u00e7al\u0131\u015ft\u0131.<\/p>\n<p style=\"text-align: justify;\">Y\u0131ld\u0131z bir s\u00fcre Devlet eski Bakan\u0131 Sadi Somuncuo\u011flu&#8217;nun bas\u0131n m\u00fc\u015favirli\u011fi g\u00f6revinde bulundu. Avazt\u00fcrk haber sitesinin kurucular\u0131ndan Y\u0131ld\u0131z, bir s\u00fcredir Odatv&#8217;de k\u00f6\u015fe yazarl\u0131\u011f\u0131 yap\u0131yordu. Y\u0131ld\u0131z&#8217;\u0131n &#8220;100 y\u0131l\u0131n hesab\u0131\/T\u00fcrk\u2019\u00fc tasfiye projesi&#8221; adl\u0131 bir kitab\u0131 bulunuyor.<\/p>\n<p style=\"text-align: justify;\"><strong>DO\u011eAN YURDAKUL<\/strong><\/p>\n<div id=\"attachment_28978\" style=\"width: 194px\" class=\"wp-caption alignleft\"><a title=\"Do\u011fan YURDAKUL\" href=\"http:\/\/www.korhanyilmaz.com\/wp-content\/uploads\/2011\/03\/036.jpg\"  class=\"lightview\"><img loading=\"lazy\" decoding=\"async\" aria-describedby=\"caption-attachment-28978\" class=\"size-full wp-image-28978\" style=\"margin-left: 10px; margin-right: 10px;\" src=\"http:\/\/www.korhanyilmaz.com\/wp-content\/uploads\/2011\/03\/036.jpg\" alt=\"\" width=\"184\" height=\"210\" \/><\/a><p id=\"caption-attachment-28978\" class=\"wp-caption-text\">Do\u011fan YURDAKUL<\/p><\/div>\n<p style=\"text-align: justify;\">G\u00f6zalt\u0131na al\u0131nan Do\u011fan Yurdakul 1946\u2019da Ayd\u0131n\u2019\u0131n Bozdo\u011fan il\u00e7esinde do\u011fdu. Ankara \u00dcniversitesi Hukuk Fak\u00fcltesi\u2019ni bitirdikten sonra Paris Sorbonne, Vincennes ve Cenevre \u00fcniversitelerinde lisans\u00fcst\u00fc \u00f6\u011frenim g\u00f6rd\u00fc. Yenig\u00fcn, Ulus, Vatan, Ayd\u0131nl\u0131k, Evrensel, Siyah-Beyaz, G\u00fcnayd\u0131n gazeteleri ile Kim, Y\u00f6n ve Devrim dergilerinde \u00e7al\u0131\u015ft\u0131. 32. G\u00fcn adl\u0131 televizyon program\u0131n\u0131n Ankara temsilcili\u011fini y\u00fcr\u00fctt\u00fc. 35 y\u0131l\u0131n ard\u0131ndan emekli oldu. 1998\u2019den bu yana ya\u015fam\u0131n\u0131 \u00e7evirmenlik yaparak ve kitap yazarak s\u00fcrd\u00fcr\u00fcyor. Yurdakul&#8217;un Do\u011fan Kitap taraf\u0131ndan yay\u0131mlanan eserleri:<\/p>\n<p style=\"text-align: justify;\">S\u0131rlar\u0131n Kav\u015fa\u011f\u0131nda \/ Eyl\u00fcl 2004<\/p>\n<p style=\"text-align: justify;\">Reis, Gladio\u2019nun T\u00fcrk Tetik\u00e7isi \/ Nisan 2003 \/ 26. bask\u0131 Nisan 2008<\/p>\n<p style=\"text-align: justify;\">Bay Pipo<\/p>\n<p style=\"text-align: justify;\">Bir M\u0130T G\u00f6revlisinin S\u0131rad\u0131\u015f\u0131 Ya\u015fam\u0131: Hiram Abas \/ Aral\u0131k 1999 \/ 69. bask\u0131 Nisan 2008<\/p>\n<p style=\"text-align: justify;\"><strong>A. M\u00dcMTAZ \u0130D\u0130L<\/strong><\/p>\n<p style=\"text-align: justify;\">Ergenekon Davas\u0131 kapsam\u0131nda evinde arama yap\u0131lan Odatv Ankara Temsilcisi A. M\u00fcmtaz \u0130dil, Ankara\u2019da gazeteci ve yazar kimli\u011fi ile tan\u0131n\u0131yor.<\/p>\n<p style=\"text-align: justify;\">K\u00fclt\u00fcr Bakanl\u0131\u011f\u0131\u2019nda Sinema Telif Haklar\u0131 Genel M\u00fcd\u00fcrl\u00fc\u011f\u00fc, K\u00fclt\u00fcr Bakanl\u0131\u011f\u0131 M\u00fcste\u015far Yard\u0131mc\u0131l\u0131\u011f\u0131 g\u00f6revinde bulunan ve bu g\u00f6revinden emekli olan \u0130dil, yay\u0131nlanm\u0131\u015f 17 eseri bulunuyor.<\/p>\n<p style=\"text-align: justify;\">\u00c7e\u015fitli gazete, dergi ve ajanslarda muhabirlik ve \u00e7evirmenlik yapan A. M\u00fcmtaz \u0130dil, evli ve iki \u00e7ocuk babas\u0131. 1952 Zonguldak do\u011fumlu olan A. M\u00fcmtaz \u0130dil, uzun s\u00fcredir nefes borusu kanseri te\u015fhisiyle tedavi g\u00f6r\u00fcyor.<\/p>\n<p style=\"text-align: justify;\"><strong>NED\u0130M \u015eENER<\/strong><\/p>\n<p style=\"text-align: justify;\">Ergenekon davas\u0131 kapsam\u0131nda evi bas\u0131larak arama yap\u0131lan ve g\u00f6zalt\u0131na al\u0131nan Nedim \u015eener, profesyonel gazetecili\u011fe 1992 y\u0131l\u0131nda D\u00fcnya Gazetesi&#8217;nde ba\u015flad\u0131. 1994 y\u0131l\u0131nda, Milliyet Gazetesi&#8217;nde g\u00f6reve ba\u015flayan \u015eener, halen ayn\u0131 gazetede g\u00f6revine devam ediyor.<\/p>\n<p style=\"text-align: justify;\">\u015eener&#8217;in bug\u00fcne kadar yolsuzluk, vergi ka\u00e7ak\u00e7\u0131l\u0131\u011f\u0131, organize su\u00e7 \u00f6rg\u00fctleri, ter\u00f6r finansman\u0131, istihbarat cemaatler hakk\u0131nda toplam sekiz kitab\u0131 yay\u0131nland\u0131. Gazetecilik \u00f6rg\u00fctleri yan\u0131nda sivil toplum kurulu\u015flar\u0131ndan da \u00f6d\u00fcller alan \u015eener, muhabirli\u011fin yan\u0131nda Posta gazetesinde &#8220;Soru\u015fturuyorum&#8221; ba\u015fl\u0131\u011f\u0131yla k\u00f6\u015fe yaz\u0131lar\u0131 kaleme ald\u0131. Ayr\u0131ca \u015eener, iki y\u0131ld\u0131r U\u011fur D\u00fcndar y\u00f6netti\u011fi Arena program\u0131na kat\u0131l\u0131yor.<\/p>\n<p style=\"text-align: justify;\">\u015eener, istihbarat\u00e7\u0131 polislerin ba\u015fvurusu \u00fczerine Dink Cinayeti ve \u0130stihbarat Yalanlar\u0131 isimli kitap nedeniyle, 28 y\u0131l hapis cezas\u0131yla yarg\u0131lan\u0131yor.<\/p>\n<p style=\"text-align: justify;\"><strong>K\u0130TAPLARI<\/strong><\/p>\n<p style=\"text-align: justify;\">Tepeden T\u0131rna\u011fa Yolsuzluk (Metis Yay\u0131nlar\u0131 2001)<\/p>\n<p style=\"text-align: justify;\">Naylon Holding (OM Yay\u0131nlar\u0131 2002)<\/p>\n<p style=\"text-align: justify;\">Uzanlar-Bir Korku \u0130mparatorlu\u011funu&#8217;nun \u00c7\u00f6k\u00fc\u015f\u00fc(G\u00fcncel Yay\u0131nc\u0131l\u0131k) (2004)<\/p>\n<p style=\"text-align: justify;\">Kod Ad\u0131 Atilla (G\u00fcncel Yay\u0131nc\u0131l\u0131k) (2004)<\/p>\n<p style=\"text-align: justify;\">F\u0131rsatlar \u00dclkesinde Bir Kemal Abi (G\u00fcncel Yay\u0131nc\u0131l\u0131k) (2006)<\/p>\n<p style=\"text-align: justify;\">Hay\u0131rsever TERRORIST(G\u00fcncel Yay\u0131nc\u0131l\u0131k)(2006)<\/p>\n<p style=\"text-align: justify;\">Dink Cinayeti ve \u0130stihbarat Yalanlar\u0131 (G\u00fcncel Yay\u0131nc\u0131l\u0131k)(2009)<\/p>\n<p style=\"text-align: justify;\">Ergenekon Belgelerinde Fethullah G\u00fclen ve Cemaat(G\u00fcncel Yay\u0131nc\u0131l\u0131k)(2009)<\/p>\n<p style=\"text-align: justify;\">U\u011eUR D\u00dcNDAR-\u0130\u015eTE HAYATIM (Do\u011fan Kitap) (2010)<\/p>\n<p style=\"text-align: justify;\"><strong>GAZETEC\u0130L\u0130K \u00d6D\u00dcLLER\u0130<\/strong><\/p>\n<p style=\"text-align: justify;\">1998, 1999, 2000 T\u00fcrkiye Gazeteciler Cemiyeti Y\u0131l\u0131n Ekonomi Muhabiri<\/p>\n<p style=\"text-align: justify;\">\u00f6d\u00fclleri.<\/p>\n<p style=\"text-align: justify;\">1998 Metin G\u00f6ktepe Gazetecilik \u00d6d\u00fcl\u00fc,<\/p>\n<p style=\"text-align: justify;\">2002 Sedat Simavi Gazetecilik \u00d6d\u00fcl\u00fc.<\/p>\n<p style=\"text-align: justify;\">2003 y\u0131l\u0131nda Transparency Internatiional (TI)&#8217;n\u0131n T\u00fcrkiye ofisi Toplumsal Saydaml\u0131k Hareketi Derne\u011fi (TSHD) taraf\u0131ndan &#8220;Uluslararas\u0131 D\u00fcr\u00fcstl\u00fck \u00d6d\u00fcl\u00fc&#8221; T\u00fcrkiye aday\u0131 se\u00e7ildi.<\/p>\n<p style=\"text-align: justify;\">2007 y\u0131l\u0131nda \u00c7a\u011fda\u015f Gazeteciler Cemiyeti U\u011fur Mumcu Ara\u015ft\u0131rmac\u0131 Gazetecilik \u00d6d\u00fcl\u00fc kazand\u0131.<\/p>\n<p style=\"text-align: justify;\">2009 y\u0131l\u0131nda da T\u00fcrkiye Gazeteciler Cemiyeti &#8220;Bas\u0131n \u00d6zg\u00fcrl\u00fc\u011f\u00fc&#8221; \u00f6d\u00fcl\u00fcne lay\u0131k g\u00f6r\u00fcld\u00fc.<\/p>\n<p style=\"text-align: justify;\">2010 Y\u0131l\u0131nda Abdi \u0130pek\u00e7i Y\u0131l\u0131n Gazetecilik \u00d6d\u00fcl\u00fc<\/p>\n<p style=\"text-align: justify;\">2010 y\u0131l\u0131nda Dink Cinayeti ve \u0130stihbarat Yalanlar\u0131 kitab\u0131 nedeniyle T\u00fcrkiye Yay\u0131nc\u0131lar Birli\u011fi taraf\u0131ndan D\u00fc\u015f\u00fcnce ve \u0130fade \u00d6zg\u00fcrl\u00fc\u011f\u00fc \u00d6d\u00fcl\u00fc verild\u0131.<\/p>\n<p style=\"text-align: justify;\">2010 y\u0131l\u0131nda merkezi Avusturya&#8217;da bulunan Uluslararas\u0131 Bas\u0131n Enstit\u00fcs\u00fc(International Press Institute) taraf\u0131ndan d\u00fcnya genelinde ismi belirlenen 60 &#8220;Bas\u0131n \u00d6zg\u00fcrl\u00fc\u011f\u00fc Kahraman\u0131&#8221; aras\u0131nda yer ald\u0131. D\u00fcnyan\u0131n de\u011fi\u015fik \u00fclkelerinden 60 Bas\u0131n \u00d6zg\u00fcrl\u00fc\u011f\u00fc Kahraman\u0131 listesinde T\u00fcrkiye&#8217;den Abdi \u0130pek\u00e7i ve Hrant Dink&#8217;in ismi de yer al\u0131yor.<\/p>\n<p style=\"text-align: justify;\"><a href=\"http:\/\/www.gazeteport.com.tr\/GUNCEL\/NEWS\/GP_862866\" target=\"_blank\"><span style=\"color: #888888;\">Kaynak : GAZETEPORT<\/span><\/a><\/p>\n","protected":false},"excerpt":{"rendered":"<p style=\"text-align: center;\">\n<p style=\"text-align: justify;\">Ergenekon Davas\u0131 kapsam\u0131nda bug\u00fcn evinde arama yap\u0131lan ve g\u00f6zalt\u0131na al\u0131nan isimlerin ortak \u00f6zelli\u011fi gazeteci olmalar\u0131.<\/p>\n<p style=\"text-align: justify;\">\u0130STANBUL- Ergenekon Davas\u0131 kapsam\u0131nda evinde arama yap\u0131lan ve g\u00f6zalt\u0131na al\u0131nan Odatv\u2019nin Ankara Muhabiri \u0130klim Ayfer Kaleli (Bayraktar), bir s\u00fcre \u00f6nce Odatv\u2019nin sahibi Soner Yal\u00e7\u0131n ile yapt\u0131\u011f\u0131 bir telefon g\u00f6r\u00fc\u015fmesinin bas\u0131na yans\u0131mas\u0131 ile g\u00fcndeme <\/p>\n","protected":false},"author":1,"featured_media":0,"comment_status":"open","ping_status":"closed","sticky":false,"template":"","format":"standard","meta":{"footnotes":""},"categories":[105],"tags":[],"class_list":["post-28975","post","type-post","status-publish","format-standard","hentry","category-gundem","odd"],"_links":{"self":[{"href":"http:\/\/www.korhanyilmaz.com\/index.php?rest_route=\/wp\/v2\/posts\/28975","targetHints":{"allow":["GET"]}}],"collection":[{"href":"http:\/\/www.korhanyilmaz.com\/index.php?rest_route=\/wp\/v2\/posts"}],"about":[{"href":"http:\/\/www.korhanyilmaz.com\/index.php?rest_route=\/wp\/v2\/types\/post"}],"author":[{"embeddable":true,"href":"http:\/\/www.korhanyilmaz.com\/index.php?rest_route=\/wp\/v2\/users\/1"}],"replies":[{"embeddable":true,"href":"http:\/\/www.korhanyilmaz.com\/index.php?rest_route=%2Fwp%2Fv2%2Fcomments&post=28975"}],"version-history":[{"count":0,"href":"http:\/\/www.korhanyilmaz.com\/index.php?rest_route=\/wp\/v2\/posts\/28975\/revisions"}],"wp:attachment":[{"href":"http:\/\/www.korhanyilmaz.com\/index.php?rest_route=%2Fwp%2Fv2%2Fmedia&parent=28975"}],"wp:term":[{"taxonomy":"category","embeddable":true,"href":"http:\/\/www.korhanyilmaz.com\/index.php?rest_route=%2Fwp%2Fv2%2Fcategories&post=28975"},{"taxonomy":"post_tag","embeddable":true,"href":"http:\/\/www.korhanyilmaz.com\/index.php?rest_route=%2Fwp%2Fv2%2Ftags&post=28975"}],"curies":[{"name":"wp","href":"https:\/\/api.w.org\/{rel}","templated":true}]}}