{"id":28969,"date":"2011-03-03T08:33:13","date_gmt":"2011-03-03T06:33:13","guid":{"rendered":"http:\/\/www.korhanyilmaz.com\/?p=28969"},"modified":"2011-03-03T08:33:13","modified_gmt":"2011-03-03T06:33:13","slug":"cenazede-zirve","status":"publish","type":"post","link":"http:\/\/www.korhanyilmaz.com\/?p=28969","title":{"rendered":"Cenazede zirve"},"content":{"rendered":"<p style=\"text-align: center;\"><a href=\"http:\/\/www.korhanyilmaz.com\/wp-content\/uploads\/2011\/03\/032.jpg\"  class=\"lightview\"><img loading=\"lazy\" decoding=\"async\" class=\"aligncenter size-full wp-image-28970\" src=\"http:\/\/www.korhanyilmaz.com\/wp-content\/uploads\/2011\/03\/032.jpg\" alt=\"\" width=\"413\" height=\"221\" \/><\/a><\/p>\n<p style=\"text-align: justify;\">Ba\u015fbakan Erdo\u011fan ile Has Parti Genel Ba\u015fkan\u0131 Numan Kurtulmu\u015f, namaz \u00f6ncesi camidekiKuran kursu binas\u0131nda yakla\u015f\u0131k 15 dakika g\u00f6r\u00fc\u015ft\u00fcler. Cumhurba\u015fkan\u0131 G\u00fcl de oradayd\u0131.<!--more--><\/p>\n<p style=\"text-align: justify;\">ANKARA &#8211; Saadet Partisi lideri Necmettin Erbakan\u2019\u0131n cenaze t\u00f6reninde omuz omuza g\u00f6r\u00fcnd\u00fckleri foto\u011fraf karesi, \u201cen \u00f6nemli foto\u011fraf\u201d yorumlar\u0131na neden olan Ba\u015fbakan Recep Tayyip Erdo\u011fan ile Has Parti Genel Ba\u015fkan\u0131 Numan Kurtulmu\u015f\u2019un, namaz \u00f6ncesi camideki Kuran kursu binas\u0131nda yakla\u015f\u0131k 15 dakika biraraya geldi\u011fi \u00f6\u011frenildi. Erdo\u011fan ve Kurtulmu\u015f\u2019a, Cumhurba\u015fkan\u0131 Abdullah G\u00fcl de e\u015flik etti.<\/p>\n<p style=\"text-align: justify;\">Kurtulmu\u015f, Saadet Partisi (SP) Genel Ba\u015fkan\u0131 oldu\u011fu d\u00f6nemde Erbakan\u2019\u0131n veliaht\u0131 olarak g\u00f6r\u00fcl\u00fcyordu. Ancak son SP kongresinde, Erbakan\u2019a yak\u0131n isimleri tasfiye edilince Kurtulmu\u015f partiden ayr\u0131lmak zorunda kald\u0131 ve HAS Parti\u2019yi kurdu. Ak Parti\u2019ye ge\u00e7ebilece\u011fi iddialar\u0131 ortaya at\u0131lan Kurtulmu\u015f ile Erdo\u011fan\u2019\u0131n tan\u0131\u015f\u0131kl\u0131\u011f\u0131 \u00e7ok eskiye dayan\u0131yor.<\/p>\n<p style=\"text-align: justify;\"><a href=\"http:\/\/www.korhanyilmaz.com\/wp-content\/uploads\/2011\/03\/033.jpg\"  class=\"lightview\"><img loading=\"lazy\" decoding=\"async\" class=\"aligncenter size-full wp-image-28971\" src=\"http:\/\/www.korhanyilmaz.com\/wp-content\/uploads\/2011\/03\/033.jpg\" alt=\"\" width=\"449\" height=\"231\" \/><\/a><\/p>\n<p style=\"text-align: justify;\">Kurtulmu\u015f bir r\u00f6portaj\u0131nda, \u201cMSP Gen\u00e7lik Kollar\u0131 Ba\u015fkan\u0131\u2019yken Erdo\u011fan ile tan\u0131\u015ft\u0131\u011f\u0131n\u0131 ancak ailece bir g\u00f6r\u00fc\u015fmeleri ya da yak\u0131n \u00e7al\u0131\u015fma arkada\u015fl\u0131\u011f\u0131 olmad\u0131\u011f\u0131n\u0131\u201d s\u00f6ylemi\u015fti.<\/p>\n<p style=\"text-align: justify;\"><strong>15 DAK\u0130KA KALDILAR<\/strong><\/p>\n<p style=\"text-align: justify;\">Milliyet gazetesinin haberine g\u00f6re, Erbakan\u2019\u0131n \u00f6\u011frencilerinin son s\u00fcrpriz bulu\u015fmas\u0131, \u201choca\u201dlar\u0131n\u0131n \u00f6nceki g\u00fcn yap\u0131lan cenazesinde oldu. Kurtulmu\u015f, Cumhurba\u015fkan\u0131 G\u00fcl ile pazar g\u00fcn\u00fc Erbakan\u2019\u0131n evinde kar\u015f\u0131la\u015fm\u0131\u015ft\u0131.<\/p>\n<p style=\"text-align: justify;\">Cenazeye G\u00fcl ile birlikte kat\u0131lan Erdo\u011fan ise, Kurtulmu\u015f ile b\u00fcy\u00fck kalabal\u0131\u011f\u0131n yaratt\u0131\u011f\u0131 izdiham\u0131n ya\u015fand\u0131\u011f\u0131 caminin giri\u015finde biraraya geldi. Ayak\u00fcst\u00fc yap\u0131lan sohbetin ard\u0131ndan G\u00fcl, Erdo\u011fan ve Kurtulmu\u015f, Fatih Camii K\u00fclliyesi i\u00e7indeki Kuran kursu binas\u0131na girdi. Bu s\u0131rada korumalar alana kimseyi yakla\u015ft\u0131rmad\u0131. \u0130\u00e7eride yakla\u015f\u0131k 15 dakika kalan G\u00fcl, Erdo\u011fan ve Kurtulmu\u015f daha sonra cenaze namaz\u0131n\u0131n k\u0131l\u0131naca\u011f\u0131 yere ge\u00e7tiler. Sohbet eden \u00fc\u00e7 liderin, Kuran kursunda birlikte namaz  k\u0131lm\u0131\u015f olabilece\u011fi de \u00f6ne s\u00fcr\u00fcld\u00fc.<\/p>\n<p style=\"text-align: justify;\"><strong>&#8220;TAMAMEN TESAD\u00dcF&#8221;<\/strong><\/p>\n<p style=\"text-align: justify;\">Ba\u015fbakan Recep Tayyip Erdo\u011fan\u2019dan sonra Ak Parti\u2019nin ba\u015f\u0131na ge\u00e7ece\u011fi iddialar\u0131 s\u0131k s\u0131k g\u00fcndeme gelen HAS Parti Genel Ba\u015fkan\u0131 Numan Kurtulmu\u015f, eski liderleri SP Genel Ba\u015fkan\u0131 Necmettin Erbakan\u2019\u0131n cenazesine Erdo\u011fan ile birlikte gelmesinin tamamen tesad\u00fcf oldu\u011funu s\u00f6yledi. Konuyla ilgili Milliyet\u2019in sorular\u0131n\u0131 yan\u0131tlayan Kurtulmu\u015f, ge\u00e7i\u015f koridoru oldu\u011fu i\u00e7in biraraya gelme g\u00f6r\u00fcnt\u00fcs\u00fcn\u00fcn ortaya \u00e7\u0131kt\u0131\u011f\u0131n\u0131 belirterek, \u201cCenaze \u015fartlar\u0131nda b\u00f6yle olu\u015ftu. Bu g\u00fcr\u00fcnt\u00fcden herkes kendine g\u00f6re yorum \u00e7\u0131kar\u0131yor. Bu t\u00fcr yorumlar \u00e7ok abart\u0131l\u0131. D\u00fcn (\u00f6nceki g\u00fcn) orada herkes biraraya geldi\u201d dedi. Kurtulmu\u015f, cenazeden sonra Cumhurba\u015fkan\u0131 Abdullah G\u00fcl ve Ba\u015fbakan   Erdo\u011fan ile ayr\u0131 bir yerde biraraya gelmediklerini de belirtti.<\/p>\n<p style=\"text-align: justify;\"><a href=\"http:\/\/www.gazeteport.com.tr\/SIYASET\/NEWS\/GP_862688\" target=\"_blank\"><span style=\"color: #888888;\">Kaynak : GAZETEPORT<\/span><\/a><\/p>\n","protected":false},"excerpt":{"rendered":"<p style=\"text-align: center;\">\n<p style=\"text-align: justify;\">Ba\u015fbakan Erdo\u011fan ile Has Parti Genel Ba\u015fkan\u0131 Numan Kurtulmu\u015f, namaz \u00f6ncesi camidekiKuran kursu binas\u0131nda yakla\u015f\u0131k 15 dakika g\u00f6r\u00fc\u015ft\u00fcler. Cumhurba\u015fkan\u0131 G\u00fcl de oradayd\u0131.<\/p>\n","protected":false},"author":1,"featured_media":0,"comment_status":"open","ping_status":"closed","sticky":false,"template":"","format":"standard","meta":{"footnotes":""},"categories":[105],"tags":[],"class_list":["post-28969","post","type-post","status-publish","format-standard","hentry","category-gundem","odd"],"_links":{"self":[{"href":"http:\/\/www.korhanyilmaz.com\/index.php?rest_route=\/wp\/v2\/posts\/28969","targetHints":{"allow":["GET"]}}],"collection":[{"href":"http:\/\/www.korhanyilmaz.com\/index.php?rest_route=\/wp\/v2\/posts"}],"about":[{"href":"http:\/\/www.korhanyilmaz.com\/index.php?rest_route=\/wp\/v2\/types\/post"}],"author":[{"embeddable":true,"href":"http:\/\/www.korhanyilmaz.com\/index.php?rest_route=\/wp\/v2\/users\/1"}],"replies":[{"embeddable":true,"href":"http:\/\/www.korhanyilmaz.com\/index.php?rest_route=%2Fwp%2Fv2%2Fcomments&post=28969"}],"version-history":[{"count":0,"href":"http:\/\/www.korhanyilmaz.com\/index.php?rest_route=\/wp\/v2\/posts\/28969\/revisions"}],"wp:attachment":[{"href":"http:\/\/www.korhanyilmaz.com\/index.php?rest_route=%2Fwp%2Fv2%2Fmedia&parent=28969"}],"wp:term":[{"taxonomy":"category","embeddable":true,"href":"http:\/\/www.korhanyilmaz.com\/index.php?rest_route=%2Fwp%2Fv2%2Fcategories&post=28969"},{"taxonomy":"post_tag","embeddable":true,"href":"http:\/\/www.korhanyilmaz.com\/index.php?rest_route=%2Fwp%2Fv2%2Ftags&post=28969"}],"curies":[{"name":"wp","href":"https:\/\/api.w.org\/{rel}","templated":true}]}}