{"id":28960,"date":"2011-03-03T12:53:30","date_gmt":"2011-03-03T10:53:30","guid":{"rendered":"http:\/\/www.korhanyilmaz.com\/?p=28960"},"modified":"2011-03-03T12:53:30","modified_gmt":"2011-03-03T10:53:30","slug":"gazetecilere-agir-suclama","status":"publish","type":"post","link":"http:\/\/www.korhanyilmaz.com\/?p=28960","title":{"rendered":"Gazetecilere a\u011f\u0131r su\u00e7lama"},"content":{"rendered":"<p style=\"text-align: center;\"><a href=\"http:\/\/www.korhanyilmaz.com\/wp-content\/uploads\/2011\/03\/030.jpg\"  class=\"lightview\"><img loading=\"lazy\" decoding=\"async\" class=\"aligncenter size-full wp-image-28961\" src=\"http:\/\/www.korhanyilmaz.com\/wp-content\/uploads\/2011\/03\/030.jpg\" alt=\"\" width=\"414\" height=\"221\" \/><\/a><\/p>\n<p style=\"text-align: justify;\">Eski BBP Genel Ba\u015fkan\u0131 Muhsin Yaz\u0131c\u0131o\u011flu ile 5 ki\u015finin hayat\u0131n\u0131 kaybetti\u011fi helikopter kazas\u0131yla ilgili haz\u0131rlanan fezlekede, &#8221;birden fazla ki\u015fiyi \u00f6ld\u00fcrme&#8221; iddias\u0131yla 7 ki\u015fi hakk\u0131nda su\u00e7lamalara yer verildi.<\/p>\n<p style=\"text-align: justify;\">Fezlekede NTV \u00e7al\u0131\u015fan\u0131 Mirg\u00fcn Cabas ve Mustafa Ho\u015f&#8217;un da aralar\u0131nda bulundu\u011fu 7 ki\u015fiye ilgin\u00e7 su\u00e7lamalar y\u00f6neltiliyor.<!--more--><\/p>\n<p style=\"text-align: justify;\">KAHRAMANMARA\u015e &#8211; Kahramanmara\u015f&#8217;ta eski BBP Genel Ba\u015fkan\u0131 Muhsin Yaz\u0131c\u0131o\u011flu ile 5 ki\u015finin hayat\u0131n\u0131 kaybetti\u011fi helikopter kazas\u0131 ile ilgili haz\u0131rlanan ve Malatya \u00d6zel Yetkili Cumhuriyet Savc\u0131l\u0131\u011f\u0131na g\u00f6nderilen fezlekede, &#8221;Su\u00e7 i\u015flemek amac\u0131yla \u00f6rg\u00fct kurmak, ter\u00f6r \u00f6rg\u00fct\u00fcne \u00fcye olmak ve yard\u0131m etmek, tasarlayarak birden fazla ki\u015fiyi \u00f6ld\u00fcrme&#8221; iddias\u0131yla 7 ki\u015fi hakk\u0131nda iddialara yer verildi.<\/p>\n<p style=\"text-align: justify;\">Kahramanmara\u015f&#8217;ta, 25 Mart 2009&#8217;da meydana gelen helikopter kazas\u0131n\u0131n ard\u0131ndan y\u00fcr\u00fct\u00fclen soru\u015fturma kapsam\u0131nda Cmumhuriyet Savc\u0131s\u0131 U\u011fur Ko\u00e7 taraf\u0131ndan haz\u0131rlanan fezleke tamamland\u0131. Haz\u0131rlanan fezleke, Ceza Muhakemesi Kanunu&#8217;nun 250. maddesi gere\u011fince Malatya \u00d6zel Yetkili Cumhuriyet Ba\u015fsavc\u0131l\u0131\u011f\u0131&#8217;na g\u00f6nderildi.<\/p>\n<p style=\"text-align: justify;\">Haz\u0131rlanan fezlekede, &#8221;Yap\u0131lan \u015fikayet dilek\u00e7eleri incelendi\u011finde helikopter d\u00fc\u015fme olay\u0131n\u0131n basit bir helikopter kazas\u0131 \u015feklinde de\u011fil, hen\u00fcz \u00fcyeleri tespit olunamayan \u00f6rg\u00fct mensuplar\u0131nca yap\u0131lan sabotaj sonucu d\u00fc\u015f\u00fcr\u00fclm\u00fc\u015f oldu\u011funa ili\u015fkin iddialar ve helikopter d\u00fc\u015ft\u00fckten sonra yap\u0131lan arama kurtarma faaliyetleri s\u0131ras\u0131ndaki ya\u015fanan gecikme ve olumsuzluklar\u0131n kas\u0131tl\u0131 olarak ger\u00e7ekle\u015ftirilmi\u015f bir faaliyet olarak nitelendirilmesi ve bu hususun taraflarca ileri s\u00fcr\u00fclm\u00fc\u015f oldu\u011fu belirtilmi\u015ftir&#8221; denildi.<\/p>\n<p style=\"text-align: justify;\">Helikopter \u00fczerinde bulunan &#8221;Argus 5000 CE&#8221; ve &#8221;Skymap 3&#8221; cihazlar\u0131n\u0131n enkaz alan\u0131ndan kayboldu\u011fu ifade edilen fezlekede, &#8221;s\u00f6z konusu eylemlerin mevcudiyeti muhtemel \u00f6rg\u00fct\u00fcn mensuplar\u0131nca, \u00f6rg\u00fct\u00fcn amac\u0131na y\u00f6nelik olarak ger\u00e7ekle\u015ftirilmi\u015f olma ihtimali nedeniyle, s\u00f6z konusu eylem ve istinatlar\u0131n ter\u00f6r \u00f6rg\u00fct\u00fc \u00fcyesi olmak ve bu kapsamda birden fazla ki\u015fiyi tasarlayarak \u00f6ld\u00fcrme ve ter\u00f6r \u00f6rg\u00fct\u00fcne yard\u0131mc\u0131 olmak \u015feklinde \u015f\u00fcphelerin olu\u015ftu\u011fu, bu nedenden dolay\u0131 da soru\u015fturman\u0131n Ceza Muhakemesi Kanunu&#8217;nun 250. maddesi kapsam\u0131nda de\u011ferlendirilmesine karar verildi\u011fi&#8221; ifade edildi.<\/p>\n<p style=\"text-align: justify;\">Y\u00fcr\u00fct\u00fclen soru\u015fturma kapsam\u0131nda haz\u0131rlanan fezlekede, NTV Haber Koordinat\u00f6rleri Mirg\u00fcn Cabas ile Mustafa Ho\u015f, Albay Sezai Akg\u00fcn, Emniyet Amiri Dursun \u00d6zmen, helikopterin sahibi Mustafa Kemal S\u00fcler ile muhtarlar Y\u0131lmaz Tilki ve Abdullah G\u00f6ll\u00fc&#8217;n\u00fcn \u015f\u00fcpheli s\u0131fat\u0131yla yarg\u0131lanmas\u0131 istenildi.<\/p>\n<p style=\"text-align: justify;\"><span style=\"text-decoration: underline;\">Haz\u0131rlanan fezlekede, \u015fu iddialara yer verildi: <\/span><\/p>\n<p style=\"text-align: justify;\">&#8221;S\u00f6z konusu helikopterin \u015f\u00fcpheliler Mirg\u00fcn Cabas ve Mustafa Ho\u015f&#8217;un \u00e7al\u0131\u015fan\u0131 olduklar\u0131 bir ulusal televizyon kanal\u0131 taraf\u0131ndan \u00f6len gazeteciye ait cep telefonu aranmak suretiyle sinyal vererek helikopterin d\u00fc\u015f\u00fcr\u00fcld\u00fc\u011f\u00fc ileri s\u00fcr\u00fclm\u00fc\u015ft\u00fcr. Ayr\u0131ca s\u00f6z konusu helikopterin b\u00f6lgede u\u00e7an Awacs u\u00e7aklar\u0131 taraf\u0131ndan y\u00f6n\u00fc de\u011fi\u015ftirilerek d\u00fc\u015f\u00fcr\u00fcld\u00fc\u011f\u00fcne ili\u015fkin haberler yer alm\u0131\u015ft\u0131r.<\/p>\n<p style=\"text-align: justify;\">\u00d6lenlerden Muhsin Yaz\u0131c\u0131o\u011flu&#8217;nun yak\u0131n akrabas\u0131 olan tan\u0131k Rafet Arslano\u011flu&#8217;nun helikopterde bulunan \u015fah\u0131slara \u00c7a\u011flayancerit&#8217;ten kalk\u0131\u015f\u0131 esnas\u0131nda bir po\u015fet i\u00e7erisinde d\u00fcr\u00fcm verildi\u011fi ve d\u00fcr\u00fcm nedeniyle zehirlenmi\u015f olabileceklerini beyan etti\u011fi, ayr\u0131ca helikopterde bulunan ki\u015filerin karbonmonoksit zehirlenmesi sonucu ya\u015famlar\u0131n\u0131 yitirdi\u011fi ve helikopterin bu \u015fekilde d\u00fc\u015ft\u00fc\u011f\u00fc ileri s\u00fcr\u00fclm\u00fc\u015ft\u00fcr.<\/p>\n<p style=\"text-align: justify;\">Yine Cumhurba\u015fkanl\u0131\u011f\u0131 Devlet Denetleme Kurulu&#8217;nun haz\u0131rlad\u0131\u011f\u0131 raporda, &#8216;Transponderi a\u00e7\u0131k olmayan veya al\u00e7aktan u\u00e7tu\u011fu d\u00fc\u015f\u00fcn\u00fclen baz\u0131 hava ara\u00e7lar\u0131n\u0131n kaza an\u0131ndaki ve mahallindeki hareketlerinin varl\u0131\u011f\u0131 gibi baz\u0131 tespit ve bulgular\u0131n da muhtemel kaza nedeni olarak de\u011ferlendirilmesi ve ara\u015ft\u0131r\u0131lmas\u0131 gerekiyor.&#8221;<\/p>\n<p style=\"text-align: justify;\"><a href=\"http:\/\/www.gazeteport.com.tr\/GUNCEL\/NEWS\/GP_862976\" target=\"_blank\"><span style=\"color: #888888;\">Kaynak : GAZETEPORT<\/span><\/a><\/p>\n","protected":false},"excerpt":{"rendered":"<p style=\"text-align: center;\">\n<p style=\"text-align: justify;\">Eski BBP Genel Ba\u015fkan\u0131 Muhsin Yaz\u0131c\u0131o\u011flu ile 5 ki\u015finin hayat\u0131n\u0131 kaybetti\u011fi helikopter kazas\u0131yla ilgili haz\u0131rlanan fezlekede, &#8221;birden fazla ki\u015fiyi \u00f6ld\u00fcrme&#8221; iddias\u0131yla 7 ki\u015fi hakk\u0131nda su\u00e7lamalara yer verildi.<\/p>\n<p style=\"text-align: justify;\">Fezlekede NTV \u00e7al\u0131\u015fan\u0131 Mirg\u00fcn Cabas ve Mustafa Ho\u015f&#8217;un da aralar\u0131nda bulundu\u011fu 7 ki\u015fiye ilgin\u00e7 su\u00e7lamalar y\u00f6neltiliyor.<\/p>\n","protected":false},"author":1,"featured_media":0,"comment_status":"open","ping_status":"closed","sticky":false,"template":"","format":"standard","meta":{"footnotes":""},"categories":[105],"tags":[103,104],"class_list":["post-28960","post","type-post","status-publish","format-standard","hentry","category-gundem","tag-helikopter-kazasi","tag-muhsin-yazicioglu","odd"],"_links":{"self":[{"href":"http:\/\/www.korhanyilmaz.com\/index.php?rest_route=\/wp\/v2\/posts\/28960","targetHints":{"allow":["GET"]}}],"collection":[{"href":"http:\/\/www.korhanyilmaz.com\/index.php?rest_route=\/wp\/v2\/posts"}],"about":[{"href":"http:\/\/www.korhanyilmaz.com\/index.php?rest_route=\/wp\/v2\/types\/post"}],"author":[{"embeddable":true,"href":"http:\/\/www.korhanyilmaz.com\/index.php?rest_route=\/wp\/v2\/users\/1"}],"replies":[{"embeddable":true,"href":"http:\/\/www.korhanyilmaz.com\/index.php?rest_route=%2Fwp%2Fv2%2Fcomments&post=28960"}],"version-history":[{"count":0,"href":"http:\/\/www.korhanyilmaz.com\/index.php?rest_route=\/wp\/v2\/posts\/28960\/revisions"}],"wp:attachment":[{"href":"http:\/\/www.korhanyilmaz.com\/index.php?rest_route=%2Fwp%2Fv2%2Fmedia&parent=28960"}],"wp:term":[{"taxonomy":"category","embeddable":true,"href":"http:\/\/www.korhanyilmaz.com\/index.php?rest_route=%2Fwp%2Fv2%2Fcategories&post=28960"},{"taxonomy":"post_tag","embeddable":true,"href":"http:\/\/www.korhanyilmaz.com\/index.php?rest_route=%2Fwp%2Fv2%2Ftags&post=28960"}],"curies":[{"name":"wp","href":"https:\/\/api.w.org\/{rel}","templated":true}]}}