{"id":28955,"date":"2011-03-02T15:25:47","date_gmt":"2011-03-02T13:25:47","guid":{"rendered":"http:\/\/www.korhanyilmaz.com\/?p=28955"},"modified":"2011-03-02T15:25:47","modified_gmt":"2011-03-02T13:25:47","slug":"nefret-vaizi-gibi","status":"publish","type":"post","link":"http:\/\/www.korhanyilmaz.com\/?p=28955","title":{"rendered":"Nefret Vaizi gibi&#8230;"},"content":{"rendered":"<p style=\"text-align: justify;\"><a href=\"http:\/\/www.korhanyilmaz.com\/wp-content\/uploads\/2011\/03\/028.jpg\"  class=\"lightview\"><img loading=\"lazy\" decoding=\"async\" class=\"aligncenter size-full wp-image-28957\" src=\"http:\/\/www.korhanyilmaz.com\/wp-content\/uploads\/2011\/03\/028.jpg\" alt=\"\" width=\"332\" height=\"228\" \/><\/a><\/p>\n<p style=\"text-align: justify;\">Alman gazetesi Bild, D\u00fcsseldorf\u2019ta miting gibi toplant\u0131 yapan Ba\u015fbakan Erdo\u011fan\u2019a y\u00fckleniyor. Bild, \u201c\u00dclkemizde se\u00e7im kampanyas\u0131 yap\u0131yor. Uyumu torpilliyor. Nefret vaizi (Hassprediger) gibi taraftarlar\u0131n\u0131 k\u0131\u015fk\u0131rt\u0131yor\u201d derken, \u00fclkedeki T\u00fcrkler\u2019in durumunu sorguluyor. <!--more--><\/p>\n<p style=\"text-align: justify;\">BA\u015eBAKAN Erdo\u011fan\u2019\u0131n Almanya\u2019daki T\u00fcrkler\u2019le bulu\u015fmas\u0131n\u0131n her defas\u0131nda miting havas\u0131na sokulmas\u0131 b\u00fcy\u00fck s\u0131k\u0131nt\u0131lar do\u011furmaya ba\u015flad\u0131.<\/p>\n<p style=\"text-align: justify;\">Daha \u00f6nce K\u00f6ln\u2019de yap\u0131lan, D\u0130T\u0130B\u2019in otob\u00fcslerle adam ta\u015f\u0131d\u0131\u011f\u0131 ve Alman bas\u0131n\u0131n\u0131n \u00e7ar\u015fafl\u0131, \u00e7ember sakall\u0131lar\u0131 g\u00f6sterip \u201c\u0130\u015fte bunlar yeni Almanlar, ama hepsi Erdo\u011fan yanda\u015f\u0131\u201d diye yay\u0131n yapt\u0131\u011f\u0131 unutulmu\u015f&#8230;<\/p>\n<p style=\"text-align: justify;\">\u0130ki g\u00fcn \u00f6nce de bu kez D\u00fcsseldorf\u2019ta ayn\u0131 sahne tekrarland\u0131.<\/p>\n<p style=\"text-align: justify;\">AKP ve Erdo\u011fan, Almanya\u2019y\u0131 miting alan\u0131na \u00e7evirdi.<\/p>\n<p style=\"text-align: justify;\">As\u0131lan 1200 afi\u015f, \u00f6denen y\u00fczbinlerce Euro (Almanya\u2019daki organizat\u00f6rlerin yapt\u0131\u011f\u0131 masraflarla yakla\u015f\u0131k 600 bin Euro), diyanet taraf\u0131ndan bindirilen k\u0131talar, konsolosluklar\u0131n destekleri, Milli G\u00f6r\u00fc\u015f taban\u0131n\u0131n ko\u015fturmas\u0131 ve yine miting&#8230;<\/p>\n<p style=\"text-align: justify;\">Erdo\u011fan, D\u00fcsseldorf\u2019ta sahneye \u00e7\u0131kt\u0131, yine hitabet g\u00fcc\u00fcn\u00fc kullanarak esti, g\u00fcrledi&#8230;<\/p>\n<p style=\"text-align: justify;\">Bu hitabet g\u00fcc\u00fc T\u00fcrkiye\u2019de bir tak\u0131m kitleleri pe\u015finden s\u00fcr\u00fckleyen g\u00fc\u00e7t\u00fcr, orada \u201cVay be, adam kodu mu oturtuyor. \u0130\u015fte b\u00f6yle konu\u015fulur\u201d dedirtiyor ama, Almanya bunu pek yemiyor.<\/p>\n<p style=\"text-align: justify;\">\u00c7\u00fcnk\u00fc a\u011f\u0131zlar\u0131, daha \u00f6nce \u00e7ok iyi hatip olanlar taraf\u0131ndan fena halde yanm\u0131\u015f durumda.<\/p>\n<p style=\"text-align: justify;\"><strong>NEFRET VA\u0130Z\u0130 (HASSPREDIGER) G\u0130B\u0130&#8230;<\/strong><\/p>\n<p style=\"text-align: justify;\">Onlar, mikrofondan y\u00fcksek sesle ba\u011f\u0131rmay\u0131, vatanda\u015f\u0131 aya\u011fa kald\u0131r\u0131p co\u015fturmay\u0131 ba\u015fka t\u00fcrl\u00fc yorumluyor.<\/p>\n<p style=\"text-align: justify;\">Ve Bild Gazetesi, man\u015feti patlat\u0131yor:<\/p>\n<p style=\"text-align: justify;\">\u201cErdo\u011fan, taraftarlar\u0131n\u0131 ayakland\u0131r\u0131yor. Devlet adam\u0131 gibi g\u00f6r\u00fcn\u00fcyor. Bir pop y\u0131ld\u0131z\u0131 gibi a\u011f\u0131rlan\u0131yor ama bir nefret vaizi gibi taraftarlar\u0131n\u0131 k\u0131\u015fk\u0131rt\u0131yor.\u201d<\/p>\n<p style=\"text-align: justify;\">Ard\u0131ndan da, \u201cBu toplant\u0131 uyum i\u00e7in bir \u015fans olabilirdi ama uyumdan bahsederken, adi bir oyun sahneye konulmu\u015f oldu\u201d diye yaz\u0131yor.<\/p>\n<p style=\"text-align: justify;\">Erdo\u011fan\u2019\u0131n Almanya\u2019da y\u0131llard\u0131r ya\u015fayan ve \u00e7o\u011fu Alman vatanda\u015f\u0131 olmu\u015f ki\u015filere hitap ederken, \u201cBEN\u0130M vatanda\u015f\u0131m, BEN\u0130M karde\u015flerim, siz b\u00fcy\u00fck T\u00fcrkiye\u2019ye aitsiniz\u201d \u015feklindeki s\u00f6zlerdeki \u201cbenim\u201d kelimelerini de \u201cMEIN- MEINE\u201d diyerek hep b\u00fcy\u00fck harfle yazd\u0131 Bild&#8230;<\/p>\n<p style=\"text-align: justify;\">Bu \u201cMEIN\u201d s\u00f6z\u00fcn\u00fcn, Hitler\u2019in kitab\u0131 \u201cMEIN KAMPF\u201dla ba\u011fda\u015ft\u0131rmak i\u00e7in b\u00fcy\u00fck yaz\u0131l\u0131p yaz\u0131lmad\u0131\u011f\u0131n\u0131 ise bilmiyoruz&#8230;<\/p>\n<p style=\"text-align: justify;\">Ve Bild Almanlar\u2019\u0131n, bu konu\u015fmay\u0131 nas\u0131l alg\u0131lad\u0131\u011f\u0131n\u0131 da alt ba\u015fl\u0131kta veriyor:<\/p>\n<p style=\"text-align: justify;\">\u201cBizim \u00fclkemizde se\u00e7im kampanyas\u0131 yap\u0131yor. Uyumu torpilliyor&#8230;\u201d<\/p>\n<p style=\"text-align: justify;\"><strong>UYUMDA KAZANILANLAR KAYBED\u0130L\u0130YOR <\/strong><\/p>\n<p style=\"text-align: justify;\">\u201cNefret vaizi\u201d anlam\u0131na gelen Hassprediger s\u00f6z\u00fcn\u00fc Almanlar, daha \u00e7ok insanlar\u0131 k\u0131\u015fk\u0131rt\u0131c\u0131 derecede \u201ca\u011f\u0131r ve su\u00e7 olu\u015fturan beyanlar verenler\u201de kullan\u0131yor.<\/p>\n<p style=\"text-align: justify;\">Daha \u00f6nce Almanya\u2019da uyum kar\u015f\u0131t\u0131 s\u00f6zler kullanan baz\u0131 imamlar i\u00e7in de bu kelime kullan\u0131lm\u0131\u015ft\u0131.<\/p>\n<p style=\"text-align: justify;\">Bu t\u00fcr a\u011f\u0131r kelimelere, yorumlara muhatap olunacak hareketlerden ka\u00e7\u0131nmak gerekirdi.<\/p>\n<p style=\"text-align: justify;\">AKP\u2019nin Almanya\u2019daki aya\u011f\u0131n\u0131n bunu bilmesi gerekirdi.<\/p>\n<p style=\"text-align: justify;\">Almanya, T\u00fcrkiye\u2019nin bir ili de\u011fildir ki, benzer konu\u015fmalar\u0131 yapas\u0131n&#8230;<\/p>\n<p style=\"text-align: justify;\">\u0130\u015fi g\u00fcc\u00fc ihale takip etmek olan AKP\u2019nin Almanya aya\u011f\u0131n\u0131n yapt\u0131\u011f\u0131 hata, D\u00fcsseldorf\u2019ta bir se\u00e7im mitingi havas\u0131 do\u011furmu\u015ftur, sonu\u00e7lar\u0131 itibariyle T\u00fcrkler ve T\u00fcrkiye Cumhuriyeti\u2019nin ba\u015fbakanl\u0131\u011f\u0131 da hedef olmu\u015ftur.<\/p>\n<p style=\"text-align: justify;\">AKP\u2019nin avukatlar\u0131n\u0131n ve ba\u015fbakan\u0131na bu \u015fekilde a\u011f\u0131r s\u00f6z kullan\u0131lan T\u00fcrkiye\u2019nin, Bild\u2019e gereken cevab\u0131 nas\u0131l verece\u011fini do\u011frusu merak ediyoruz&#8230;<\/p>\n<p style=\"text-align: justify;\"><strong>BU MESAJ \u00c7OK TEHL\u0130KEL\u0130 <\/strong><\/p>\n<p style=\"text-align: justify;\">\u0130\u015fte Almanya\u2019n\u0131n, ba\u015fka bir \u00fclkeden gelip \u00fclkesinde miting yapanlara bak\u0131\u015f a\u00e7\u0131s\u0131 bu&#8230;<\/p>\n<p style=\"text-align: justify;\">Hakl\u0131d\u0131r, haks\u0131zd\u0131r bilemeyiz. Ama \u00f6l\u00e7\u00fc fena halde ka\u00e7m\u0131\u015ft\u0131r.<\/p>\n<p style=\"text-align: justify;\">Tabii, Erdo\u011fan\u2019\u0131n konu\u015fmas\u0131na sadece Bild tepki vermiyor, t\u00fcm di\u011fer bas\u0131n da tepki veriyor.<\/p>\n<p style=\"text-align: justify;\">Alman siyasilerle birlikte&#8230;<\/p>\n<p style=\"text-align: justify;\">Sonu\u00e7ta, Almanya\u2019da ya\u015fayan T\u00fcrkler\u2019e bak\u0131\u015f a\u00e7\u0131s\u0131 iyice bozulmaya ba\u015fl\u0131yor.<\/p>\n<p style=\"text-align: justify;\">\u00d6nyarg\u0131lar peki\u015fiyor, uyum sorunlar\u0131 hen\u00fcz giderilememi\u015fken, uyumda katedilen onca yol da bozuluyor.<\/p>\n<p style=\"text-align: justify;\">Dahas\u0131 Recep Tayyip Erdo\u011fan, Alman a\u015f\u0131r\u0131 sa\u011fc\u0131lar\u0131n eline m\u00fckemmel bir koz veriyor.<\/p>\n<p style=\"text-align: justify;\">\u00c7ok yak\u0131nda, Almanya ve Avrupa\u2019daki T\u00fcrklerle ilgili k\u0131s\u0131tlay\u0131c\u0131 maddeler yeniden g\u00fcndeme getirilmeye ba\u015flanacakt\u0131r.<\/p>\n<p style=\"text-align: justify;\">\u00c7\u00fcnk\u00fc, \u201cBizim vatanda\u015flar\u0131m\u0131z sizden de\u011fil\u201d mesaj\u0131 bizzat T\u00fcrkiye\u2019nin ba\u015fbakan\u0131 taraf\u0131ndan verilmi\u015ftir.<\/p>\n<p style=\"text-align: justify;\"><strong>K\u0130MSEN\u0130N BUNA HAKKI YOK <\/strong><\/p>\n<p style=\"text-align: justify;\">Almanya\u2019da T\u00fcrkler ve Almanlar\u0131n k\u0131rm\u0131z\u0131 \u00e7izgileri art\u0131k iyice netle\u015ftirilmi\u015ftir.<\/p>\n<p style=\"text-align: justify;\">Ayr\u0131ca, Alman \u0130\u00e7i\u015fleri Bakan\u0131\u2019n\u0131n T\u00fcrkiye\u2019deki ziyaretinden sonra, T\u00fcrk Vatanda\u015fl\u0131k Yasas\u0131\u2019nda de\u011fi\u015fiklik yap\u0131p \u00e7ifte vatanda\u015fl\u0131k yollar\u0131n\u0131 iyice kapatan AKP\u2019nin \u015fimdi kalk\u0131p \u201cHaklar\u0131n\u0131z\u0131 verece\u011fiz\u201d s\u00f6zlerine kimse de inanm\u0131yor art\u0131k&#8230;<\/p>\n<p style=\"text-align: justify;\">\u0130\u015f o hale geliyor ki Erdo\u011fan\u2019\u0131n, bir i\u015fe yaramayan Mavi Kart\u2019la ilgili s\u00f6zleri bile Alman bas\u0131n\u0131 taraf\u0131ndan \u201c\u00c7ifte vatanda\u015fl\u0131k\u201d \u015feklinde alg\u0131lan\u0131yor&#8230;<\/p>\n<p style=\"text-align: justify;\">Uyum \u00e7abalar\u0131na bu \u015fekilde balta vurman\u0131n AKP\u2019ye ne kazand\u0131raca\u011f\u0131n\u0131 bilemiyoruz.<\/p>\n<p style=\"text-align: justify;\">Belki, buradan gidecek oylarla bir ka\u00e7 milletvekili daha fazla \u00e7\u0131karacak kadar oy&#8230;<\/p>\n<p style=\"text-align: justify;\">Ama bu t\u00fcr davran\u0131\u015flarla, Almanya\u2019da ya\u015fayan 2.5 milyon T\u00fcrk\u2019\u00fcn gelecek planlar\u0131n\u0131 alt- \u00fcst etmenin kimsenin hakk\u0131 olmad\u0131\u011f\u0131n\u0131 d\u00fc\u015f\u00fcn\u00fcyoruz.<\/p>\n<p style=\"text-align: justify;\"><span style=\"text-decoration: underline;\"><strong>\u0130\u015fte O Sayfa :<\/strong><\/span><\/p>\n<p style=\"text-align: justify;\"><a href=\"http:\/\/www.korhanyilmaz.com\/wp-content\/uploads\/2011\/03\/029.jpg\"  class=\"lightview\"><img loading=\"lazy\" decoding=\"async\" class=\"aligncenter size-full wp-image-28956\" src=\"http:\/\/www.korhanyilmaz.com\/wp-content\/uploads\/2011\/03\/029.jpg\" alt=\"\" width=\"382\" height=\"492\" \/><\/a><\/p>\n<p style=\"text-align: justify;\"><a href=\"http:\/\/www.odatv.com\/n.php?n=nefret-vaizi-gibi-0203111200\" target=\"_blank\"><span style=\"color: #888888;\">Kaynak : Ali G\u00fcven &#8211; Odatv.com<\/span><\/a><\/p>\n","protected":false},"excerpt":{"rendered":"<p style=\"text-align: justify;\">\n<p style=\"text-align: justify;\">Alman gazetesi Bild, D\u00fcsseldorf\u2019ta miting gibi toplant\u0131 yapan Ba\u015fbakan Erdo\u011fan\u2019a y\u00fckleniyor. Bild, \u201c\u00dclkemizde se\u00e7im kampanyas\u0131 yap\u0131yor. Uyumu torpilliyor. Nefret vaizi (Hassprediger) gibi taraftarlar\u0131n\u0131 k\u0131\u015fk\u0131rt\u0131yor\u201d derken, \u00fclkedeki T\u00fcrkler\u2019in durumunu sorguluyor. <\/p>\n","protected":false},"author":1,"featured_media":0,"comment_status":"open","ping_status":"closed","sticky":false,"template":"","format":"standard","meta":{"footnotes":""},"categories":[105],"tags":[],"class_list":["post-28955","post","type-post","status-publish","format-standard","hentry","category-gundem","odd"],"_links":{"self":[{"href":"http:\/\/www.korhanyilmaz.com\/index.php?rest_route=\/wp\/v2\/posts\/28955","targetHints":{"allow":["GET"]}}],"collection":[{"href":"http:\/\/www.korhanyilmaz.com\/index.php?rest_route=\/wp\/v2\/posts"}],"about":[{"href":"http:\/\/www.korhanyilmaz.com\/index.php?rest_route=\/wp\/v2\/types\/post"}],"author":[{"embeddable":true,"href":"http:\/\/www.korhanyilmaz.com\/index.php?rest_route=\/wp\/v2\/users\/1"}],"replies":[{"embeddable":true,"href":"http:\/\/www.korhanyilmaz.com\/index.php?rest_route=%2Fwp%2Fv2%2Fcomments&post=28955"}],"version-history":[{"count":0,"href":"http:\/\/www.korhanyilmaz.com\/index.php?rest_route=\/wp\/v2\/posts\/28955\/revisions"}],"wp:attachment":[{"href":"http:\/\/www.korhanyilmaz.com\/index.php?rest_route=%2Fwp%2Fv2%2Fmedia&parent=28955"}],"wp:term":[{"taxonomy":"category","embeddable":true,"href":"http:\/\/www.korhanyilmaz.com\/index.php?rest_route=%2Fwp%2Fv2%2Fcategories&post=28955"},{"taxonomy":"post_tag","embeddable":true,"href":"http:\/\/www.korhanyilmaz.com\/index.php?rest_route=%2Fwp%2Fv2%2Ftags&post=28955"}],"curies":[{"name":"wp","href":"https:\/\/api.w.org\/{rel}","templated":true}]}}