{"id":28946,"date":"2011-03-03T08:04:50","date_gmt":"2011-03-03T06:04:50","guid":{"rendered":"http:\/\/www.korhanyilmaz.com\/?p=28946"},"modified":"2011-03-03T08:04:50","modified_gmt":"2011-03-03T06:04:50","slug":"gazetecilere-ergenekon-baskini","status":"publish","type":"post","link":"http:\/\/www.korhanyilmaz.com\/?p=28946","title":{"rendered":"Gazetecilere Ergenekon bask\u0131n\u0131"},"content":{"rendered":"<p style=\"text-align: center;\"><a href=\"http:\/\/www.korhanyilmaz.com\/wp-content\/uploads\/2011\/03\/025.jpg\"  class=\"lightview\"><img loading=\"lazy\" decoding=\"async\" class=\"aligncenter size-full wp-image-28947\" src=\"http:\/\/www.korhanyilmaz.com\/wp-content\/uploads\/2011\/03\/025.jpg\" alt=\"\" width=\"431\" height=\"201\" \/><\/a><\/p>\n<p style=\"text-align: justify;\">Ergenekon soru\u015fturmas\u0131 kapsam\u0131nda Milliyet muhabiri Nedim \u015eener, Odatv Genel Yay\u0131n M\u00fcd\u00fcr\u00fc Do\u011fan Yurdakul, Ankara temsilcisi M\u00fcmtaz \u0130dil, M\u00fcyesser Y\u0131ld\u0131z, yazarlardan \u0130klim Bayraktar, Yal\u00e7\u0131n K\u00fc\u00e7\u00fck, Sait K\u0131l\u0131\u00e7, Veysel Y\u0131ld\u0131z, Altan B\u0131y\u0131kl\u0131, Ak\u015fam gazetesi yazar\u0131 Oray E\u011fin ve  M\u0130T mensubu Ka\u015fif Kozino\u011flu&#8217;nun evine sabah bask\u0131n\u0131 yap\u0131ld\u0131.<!--more--><\/p>\n<p style=\"text-align: justify;\">\u0130STANBUL &#8211; Ergenekon medya&#8217;da yeni operasyon. Sabah saatlerinde Milliyet muhabiri ve yazar Nedim \u015eener, Oda TV Genel Yay\u0131n M\u00fcd\u00fcr\u00fc Do\u011fan Yurdakul, Ankara Temsilcisi M\u00fcmtaz \u0130dil, M\u00fcyesser Y\u0131ld\u0131z, yazarlar\u0131 \u0130klim Bayraktar, Ergenekon san\u0131\u011f\u0131 Prof. Yal\u00e7\u0131n K\u00fc\u00e7\u00fck, Sait K\u0131l\u0131\u00e7, Veysel Y\u0131ld\u0131z, Altan B\u0131y\u0131kl\u0131, Ak\u015fam gazetesi yazar\u0131 Oray E\u011fin ve M\u0130T mensubu Ka\u015fif Kozino\u011flu&#8217;nun evleri polis taraf\u0131ndan bas\u0131ld\u0131.<\/p>\n<p style=\"text-align: justify;\">\u0130stanbul \u00d6zel Yetkili Savc\u0131l\u0131\u011f\u0131n\u0131n talimat\u0131 ile bas\u0131lan evlerde arama ba\u015flat\u0131ld\u0131. Savc\u0131l\u0131\u011f\u0131n bu ki\u015filer hakk\u0131nda g\u00f6zalt\u0131 karar\u0131 verdi\u011fi de gelen bilgiler aras\u0131nda.<\/p>\n<p style=\"text-align: justify;\"><strong>KILI\u00c7 G\u00d6ZALTINA ALINDI<\/strong><\/p>\n<p style=\"text-align: justify;\">G\u00fcm\u00fc\u015fsuyu&#8217;ndaki evi aranan Sait K\u0131l\u0131\u00e7 g\u00f6zalt\u0131na al\u0131nd\u0131.<\/p>\n<p style=\"text-align: justify;\"><strong>YAL\u00c7IN K\u00dc\u00c7\u00dcK&#8217;\u00dcN EV\u0130NDE ARAMA<\/strong><\/p>\n<p style=\"text-align: justify;\">Prof. Dr. Yal\u00e7\u0131n K\u00fc\u00e7\u00fck&#8217;\u00fcn Balat Kire\u00e7hane Sokak&#8217;taki evinde Organize Su\u00e7larla M\u00fccadele \u015eube M\u00fcd\u00fcrl\u00fc\u011f\u00fc ekipleri taraf\u0131ndan arama yap\u0131l\u0131yor. K\u00fc\u00e7\u00fck&#8217;\u00fcn Ankara&#8217;daki evinde de aramalar s\u00fcr\u00fcyor.<\/p>\n<p style=\"text-align: justify;\"><strong>K\u0130TABI YAL\u00c7IN&#8217;IN B\u0130LG\u0130SAYARINDA \u00c7IKMI\u015eTI<\/strong><\/p>\n<p style=\"text-align: justify;\">Bilgi \u00dcniversitesi&#8217;nin internet sitesinde \u00e7al\u0131\u015fan gazeteci Ahmet \u015e\u0131k&#8217;\u0131n ad\u0131 Soner Yal\u00e7\u0131n soru\u015fturmas\u0131nda da ge\u00e7mi\u015fti. \u015e\u0131k&#8217;\u0131n hen\u00fcz bas\u0131lmam\u0131\u015f kitab\u0131n\u0131n bir \u00f6rne\u011finin Odatv bask\u0131n\u0131 s\u0131ras\u0131nda Soner Yal\u00e7\u0131n&#8217;\u0131n bilgisayar\u0131nda bulundu\u011fu iddia edilmi\u015fti.<\/p>\n<p style=\"text-align: justify;\"><strong>ODA TV&#8217;N\u0130N DI\u015eARIDA KALAN EK\u0130B\u0130<\/strong><\/p>\n<p style=\"text-align: justify;\">Ergenekon&#8217;un medya soru\u015fturmas\u0131 kapsam\u0131nda evleri bas\u0131lan gazetecilerden Do\u011fan Yurdakul, Odatv&#8217;nin Genel Yay\u0131n M\u00fcd\u00fcr\u00fc, M\u00fcmtaz \u0130dil Ankara Temsilcisi, M\u00fcyesser Y\u0131ld\u0131z muhabir ve \u0130klim Bayraktar da sitenin yazar\u0131.<\/p>\n<p style=\"text-align: justify;\">Nedim \u015eener ise \u00f6zellikle medyan\u0131n Hrant Dink cinayeti sonras\u0131nda ismi g\u00fcndeme gelen bir isim. Gazeteci Ahmet \u015e\u0131k ise \u015fu anda Bilgi \u00dcniversite internet sitesini yap\u0131yordu. Yal\u00e7\u0131n K\u00fc\u00e7\u00fck ise daha \u00f6nce Ergenekon dalgas\u0131nda g\u00f6zalt\u0131na al\u0131narak tutuksuz yarg\u0131lan\u0131yordu.<\/p>\n<p style=\"text-align: justify;\">Ka\u015fif Kozino\u011flu ise daha \u00f6nce medyan\u0131n Alaaddin \u00c7ak\u0131c\u0131 ile tan\u0131d\u0131\u011f bir isim. Ka\u015fif Kozino\u011flu \u0130stanbul \u00d6zel Yetkili Mahkemesi taraf\u0131ndan mahkum edilen Alaaddin \u00c7ak\u0131c\u0131&#8217;n\u0131n cezas\u0131n\u0131n bozulmas\u0131 i\u00e7in Yarg\u0131tay Ba\u015fkan\u0131 ile yapt\u0131\u011f\u0131 g\u00f6r\u00fc\u015fmenin ortaya \u00e7\u0131kmas\u0131 ile g\u00fcndeme gelmi\u015fti. Olay\u0131n ortaya \u00e7\u0131kmas\u0131 ile Ka\u015fif Kozino\u011flu Azarbeycan&#8217;da g\u00f6revlendirildi\u011fi \u00f6\u011frenilmi\u015fti.<\/p>\n<p style=\"text-align: justify;\"><a href=\"http:\/\/www.gazeteport.com.tr\/GUNCEL\/NEWS\/GP_862708\" target=\"_blank\"><span style=\"color: #888888;\">Kaynak : GAZETEPORT<\/span><\/a><\/p>\n","protected":false},"excerpt":{"rendered":"<p style=\"text-align: center;\">\n<p style=\"text-align: justify;\">Ergenekon soru\u015fturmas\u0131 kapsam\u0131nda Milliyet muhabiri Nedim \u015eener, Odatv Genel Yay\u0131n M\u00fcd\u00fcr\u00fc Do\u011fan Yurdakul, Ankara temsilcisi M\u00fcmtaz \u0130dil, M\u00fcyesser Y\u0131ld\u0131z, yazarlardan \u0130klim Bayraktar, Yal\u00e7\u0131n K\u00fc\u00e7\u00fck, Sait K\u0131l\u0131\u00e7, Veysel Y\u0131ld\u0131z, Altan B\u0131y\u0131kl\u0131, Ak\u015fam gazetesi yazar\u0131 Oray E\u011fin ve M\u0130T mensubu Ka\u015fif Kozino\u011flu&#8217;nun evine sabah bask\u0131n\u0131 yap\u0131ld\u0131.<\/p>\n","protected":false},"author":1,"featured_media":0,"comment_status":"open","ping_status":"closed","sticky":false,"template":"","format":"standard","meta":{"footnotes":""},"categories":[105],"tags":[],"class_list":["post-28946","post","type-post","status-publish","format-standard","hentry","category-gundem","odd"],"_links":{"self":[{"href":"http:\/\/www.korhanyilmaz.com\/index.php?rest_route=\/wp\/v2\/posts\/28946","targetHints":{"allow":["GET"]}}],"collection":[{"href":"http:\/\/www.korhanyilmaz.com\/index.php?rest_route=\/wp\/v2\/posts"}],"about":[{"href":"http:\/\/www.korhanyilmaz.com\/index.php?rest_route=\/wp\/v2\/types\/post"}],"author":[{"embeddable":true,"href":"http:\/\/www.korhanyilmaz.com\/index.php?rest_route=\/wp\/v2\/users\/1"}],"replies":[{"embeddable":true,"href":"http:\/\/www.korhanyilmaz.com\/index.php?rest_route=%2Fwp%2Fv2%2Fcomments&post=28946"}],"version-history":[{"count":0,"href":"http:\/\/www.korhanyilmaz.com\/index.php?rest_route=\/wp\/v2\/posts\/28946\/revisions"}],"wp:attachment":[{"href":"http:\/\/www.korhanyilmaz.com\/index.php?rest_route=%2Fwp%2Fv2%2Fmedia&parent=28946"}],"wp:term":[{"taxonomy":"category","embeddable":true,"href":"http:\/\/www.korhanyilmaz.com\/index.php?rest_route=%2Fwp%2Fv2%2Fcategories&post=28946"},{"taxonomy":"post_tag","embeddable":true,"href":"http:\/\/www.korhanyilmaz.com\/index.php?rest_route=%2Fwp%2Fv2%2Ftags&post=28946"}],"curies":[{"name":"wp","href":"https:\/\/api.w.org\/{rel}","templated":true}]}}