{"id":28942,"date":"2011-03-02T14:57:31","date_gmt":"2011-03-02T12:57:31","guid":{"rendered":"http:\/\/www.korhanyilmaz.com\/?p=28942"},"modified":"2011-03-02T14:57:31","modified_gmt":"2011-03-02T12:57:31","slug":"yuksekovada-polise-linc","status":"publish","type":"post","link":"http:\/\/www.korhanyilmaz.com\/?p=28942","title":{"rendered":"Y\u00fcksekova&#8217;da polise lin\u00e7"},"content":{"rendered":"<p style=\"text-align: justify;\"><a href=\"http:\/\/www.korhanyilmaz.com\/wp-content\/uploads\/2011\/03\/024.jpg\"  class=\"lightview\"><img loading=\"lazy\" decoding=\"async\" class=\"aligncenter size-full wp-image-28943\" src=\"http:\/\/www.korhanyilmaz.com\/wp-content\/uploads\/2011\/03\/024.jpg\" alt=\"\" width=\"414\" height=\"220\" \/><\/a><\/p>\n<p style=\"text-align: justify;\">Hakkari\u2019nin Y\u00fcksekova \u0130l\u00e7esi\u2019nde hapis cezas\u0131na \u00e7arpt\u0131r\u0131lan bir ki\u015fiyi g\u00f6zalt\u0131na alan 4 ki\u015filik polis ekibi sald\u0131r\u0131ya u\u011frad\u0131. Polislerden 3\u2019\u00fc kurtulmay\u0131 ba\u015far\u0131rken, yakla\u015f\u0131k 100 ki\u015filik grup polis Aziz \u0130.\u2019yi lin\u00e7 etmek istedi. Sald\u0131rganlar\u0131n \u00f6ld\u00fc diye b\u0131rakt\u0131\u011f\u0131 polis Aziz \u0130., Y\u00fcksekova\u2019da yap\u0131lan ilk m\u00fcdahalenin ard\u0131ndan durumu a\u011f\u0131r oldu\u011fu i\u00e7in Van\u2019a sevk edildi&#8230;<!--more--><\/p>\n<p style=\"text-align: justify;\">HAKKAR\u0130-Y\u00fcksekova\u2019daki lin\u00e7 giri\u015fimi bug\u00fcn saat 11.30 s\u0131ralar\u0131nda meydana geldi. Emniyet M\u00fcd\u00fcrl\u00fc\u011f\u00fc\u2019nden g\u00f6revlendirilen 4 ki\u015filik ekip, hakk\u0131nda 3.5 y\u0131l kesinle\u015fmi\u015f hapis cezas\u0131 bulunan Muhsin Demir, il\u00e7enin G\u00fcng\u00f6r Caddesi\u2019ndeki evinde g\u00f6zalt\u0131na ald\u0131. Emniyet M\u00fcd\u00fcrl\u00fc\u011f\u00fc\u2019ne g\u00f6t\u00fcr\u00fclmek \u00fczere ekip otosuna bindirilen Muhsin Demir, Cengiz Topel Caddesi\u2019nden ge\u00e7erken bir anda arac\u0131n cam\u0131n\u0131 a\u00e7\u0131p, caddedeki kalabal\u0131\u011fa \u2019Beni g\u00f6t\u00fcr\u00fcyorlar, kurtar\u0131n\u2019 diye ba\u011f\u0131rd\u0131.<\/p>\n<p style=\"text-align: justify;\">\u00c7evredekilerden bir grup polis arac\u0131n\u0131n \u00f6n\u00fcne ge\u00e7ip durdurdu. Arac\u0131n \u00e7evresinde toplanan yakla\u015f\u0131k 100 ki\u015fi, Muhsin Demir\u2019i polislerin elinden almak istedi. \u00c7\u0131kan arbededen yararlanan Muhsin Demir ka\u00e7arken, kalabal\u0131k polislere sald\u0131rd\u0131.<\/p>\n<p style=\"text-align: justify;\">Ekipten 3 polis kalabal\u0131\u011f\u0131n elinden kurtulmay\u0131 ba\u015far\u0131rken, Aziz \u0130. kalabal\u0131\u011f\u0131n aras\u0131ndan \u00e7\u0131kamad\u0131. \u00c7evredeki baz\u0131 ki\u015filerin engel olmaya \u00e7al\u0131\u015fmas\u0131na ra\u011fmen tekme ve yumruk darbeleriyle sald\u0131ran ve caddeye bomba b\u0131rak\u0131ld\u0131\u011f\u0131 s\u00f6ylentisinin de etkisiyle k\u0131sa s\u00fcrede kalabal\u0131\u011f\u0131n say\u0131s\u0131 1000\u2019e ula\u015ft\u0131. Sald\u0131rganlar, kanlar i\u00e7inde yere y\u0131\u011f\u0131lan polis Aziz \u0130.&#8217;nin \u00f6ld\u00fc\u011f\u00fcn\u00fc sanarak b\u0131rakt\u0131. Bu s\u0131rada gelen takviye polis ekibi kalabal\u0131\u011f\u0131 havaya ate\u015f a\u00e7arak da\u011f\u0131tt\u0131ktan sonra a\u011f\u0131r yaral\u0131 Y\u00fcksekova Devlet Hastanesi\u2019ndeki ilk m\u00fcdahalenin ard\u0131ndan Van\u2019a sevk edildi.<\/p>\n<p style=\"text-align: justify;\"><strong>OLAYLAR DEVAM ETT\u0130 <\/strong><\/p>\n<p style=\"text-align: justify;\">Y\u00fcksekova\u2019da lin\u00e7 giri\u015fiminin ard\u0131ndan olaylar\u0131n devam etmesi \u00fczerine, b\u00f6lgeye aralar\u0131nda kar maskeli \u00f6zel hareket polislerinin de bulundu\u011fu takviye g\u00fcvenlik g\u00fc\u00e7leri sevkedildi. Ta\u015flarla g\u00fcvenlikg \u00fc\u00e7lerine sald\u0131ran g\u00f6stericileri polis havaya ate\u015f a\u00e7arak ve g\u00f6zya\u015fart\u0131c\u0131 bomba ve tazyikli su s\u0131karak da\u011f\u0131tmaya \u00e7al\u0131\u015ft\u0131.<\/p>\n<p style=\"text-align: justify;\">Olaylar nedeniyle esnaf\u0131n kepenk kapatt\u0131\u011f\u0131 il\u00e7ede polisle g\u00f6stericiler aras\u0131nda kovalamaca bir s\u00fcre devam etti.<\/p>\n<p style=\"text-align: justify;\"><strong>VAL\u0130NIN A\u00c7IKLAMASI <\/strong><\/p>\n<p style=\"text-align: justify;\">Hakkari Valisi Muammer T\u00fcrker, olaylar\u0131n aranan bir ki\u015fining \u00f6zalt\u0131na al\u0131nmas\u0131n\u0131n ard\u0131ndan \u00e7\u0131kt\u0131\u011f\u0131n\u0131 s\u00f6yledi. Vali T\u00fcrker, incelemelerinin s\u00fcrd\u00fc\u011f\u00fcn\u00fc, bu konuyla ilgili daha sonra a\u00e7\u0131klama yapacaklar\u0131n\u0131 belirtti.<\/p>\n<p style=\"text-align: justify;\">Hakkari Emniyet M\u00fcd\u00fcr\u00fc Ayhan Buran, il\u00e7ede olaylar\u0131n yat\u0131\u015ft\u0131\u011f\u0131n\u0131 ve gerekli soru\u015fturman\u0131n ba\u015flat\u0131ld\u0131\u011f\u0131n\u0131 s\u00f6yledi.<\/p>\n<p style=\"text-align: justify;\"><strong>KI\u015eKIRTICI B\u0130LD\u0130R\u0130 DA\u011eITILMI\u015eTI <\/strong><\/p>\n<p style=\"text-align: justify;\">Y\u00fcksekova \u0130l\u00e7esi\u2019nde ge\u00e7en pazartesi g\u00fcn\u00fc G\u00fcng\u00f6r Caddesi\u2019nde bomba g\u00f6r\u00fcnt\u00fcs\u00fc verilen piknik t\u00fcp\u00fcne ba\u011fl\u0131 d\u00fczenek, g\u00fcvenlik g\u00fc\u00e7leri taraf\u0131ndan imha edilmi\u015fti. Bu olay\u0131n il\u00e7ede 19 \u015eubat 2011\u2019de da\u011f\u0131t\u0131lan \u2019Mezit\u2019 imzal\u0131 bildiri ile ili\u015fkili oldu\u011funu iddia etmi\u015fti.<\/p>\n<p style=\"text-align: justify;\">Arap\u00e7ada \u2019yeni do\u011fan\u2019 anlam\u0131na gelen \u2019Mezit\u2019 imzal\u0131 bildiride, 4 y\u0131ldan beri devam eden ve il\u00e7eyi ya\u015fanmaz hale getiren olaylar\u0131 bu memleketin \u00e7ocuklar\u0131 ya da insanlar\u0131n\u0131n yapmad\u0131\u011f\u0131 belirtilmi\u015f ve pazartesi g\u00fcn\u00fc de i\u015fe ba\u015flanaca\u011f\u0131 yaz\u0131lm\u0131\u015ft\u0131.<\/p>\n<p style=\"text-align: justify;\"><a href=\"http:\/\/www.gazeteport.com.tr\/GUNCEL\/NEWS\/GP_862414\" target=\"_blank\"><span style=\"color: #888888;\">Kaynak : GAZETEPORT<\/span><\/a><\/p>\n","protected":false},"excerpt":{"rendered":"<p style=\"text-align: justify;\">\n<p style=\"text-align: justify;\">Hakkari\u2019nin Y\u00fcksekova \u0130l\u00e7esi\u2019nde hapis cezas\u0131na \u00e7arpt\u0131r\u0131lan bir ki\u015fiyi g\u00f6zalt\u0131na alan 4 ki\u015filik polis ekibi sald\u0131r\u0131ya u\u011frad\u0131. Polislerden 3\u2019\u00fc kurtulmay\u0131 ba\u015far\u0131rken, yakla\u015f\u0131k 100 ki\u015filik grup polis Aziz \u0130.\u2019yi lin\u00e7 etmek istedi. Sald\u0131rganlar\u0131n \u00f6ld\u00fc diye b\u0131rakt\u0131\u011f\u0131 polis Aziz \u0130., Y\u00fcksekova\u2019da yap\u0131lan ilk m\u00fcdahalenin ard\u0131ndan durumu a\u011f\u0131r oldu\u011fu i\u00e7in Van\u2019a sevk edildi&#8230;<\/p>\n","protected":false},"author":1,"featured_media":0,"comment_status":"open","ping_status":"closed","sticky":false,"template":"","format":"standard","meta":{"footnotes":""},"categories":[105],"tags":[],"class_list":["post-28942","post","type-post","status-publish","format-standard","hentry","category-gundem","odd"],"_links":{"self":[{"href":"http:\/\/www.korhanyilmaz.com\/index.php?rest_route=\/wp\/v2\/posts\/28942","targetHints":{"allow":["GET"]}}],"collection":[{"href":"http:\/\/www.korhanyilmaz.com\/index.php?rest_route=\/wp\/v2\/posts"}],"about":[{"href":"http:\/\/www.korhanyilmaz.com\/index.php?rest_route=\/wp\/v2\/types\/post"}],"author":[{"embeddable":true,"href":"http:\/\/www.korhanyilmaz.com\/index.php?rest_route=\/wp\/v2\/users\/1"}],"replies":[{"embeddable":true,"href":"http:\/\/www.korhanyilmaz.com\/index.php?rest_route=%2Fwp%2Fv2%2Fcomments&post=28942"}],"version-history":[{"count":0,"href":"http:\/\/www.korhanyilmaz.com\/index.php?rest_route=\/wp\/v2\/posts\/28942\/revisions"}],"wp:attachment":[{"href":"http:\/\/www.korhanyilmaz.com\/index.php?rest_route=%2Fwp%2Fv2%2Fmedia&parent=28942"}],"wp:term":[{"taxonomy":"category","embeddable":true,"href":"http:\/\/www.korhanyilmaz.com\/index.php?rest_route=%2Fwp%2Fv2%2Fcategories&post=28942"},{"taxonomy":"post_tag","embeddable":true,"href":"http:\/\/www.korhanyilmaz.com\/index.php?rest_route=%2Fwp%2Fv2%2Ftags&post=28942"}],"curies":[{"name":"wp","href":"https:\/\/api.w.org\/{rel}","templated":true}]}}