{"id":28934,"date":"2011-03-02T18:08:47","date_gmt":"2011-03-02T16:08:47","guid":{"rendered":"http:\/\/www.korhanyilmaz.com\/?p=28934"},"modified":"2011-03-02T18:08:47","modified_gmt":"2011-03-02T16:08:47","slug":"balbay-ve-ozkan-imkansizliktan-ayni-hucredeymis","status":"publish","type":"post","link":"http:\/\/www.korhanyilmaz.com\/?p=28934","title":{"rendered":"Balbay ve \u00d6zkan imkans\u0131zl\u0131ktan ayn\u0131 h\u00fccredeymi\u015f"},"content":{"rendered":"<p><a href=\"http:\/\/www.korhanyilmaz.com\/wp-content\/uploads\/2011\/03\/021.jpg\"  class=\"lightview\"><img loading=\"lazy\" decoding=\"async\" class=\"aligncenter size-full wp-image-28935\" src=\"http:\/\/www.korhanyilmaz.com\/wp-content\/uploads\/2011\/03\/021.jpg\" alt=\"\" width=\"292\" height=\"201\" \/><\/a><\/p>\n<p style=\"text-align: justify;\">Adalet Bakan\u0131 Sadullah Ergin, ikinci &#8220;Ergenekon&#8221; davas\u0131n\u0131n tutuklu san\u0131\u011f\u0131 gazeteci Tuncay \u00d6zkan ve gazeteci Mustafa Balbay&#8217;\u0131n tek ba\u015f\u0131na ayr\u0131 ko\u011fu\u015flara al\u0131nmalar\u0131yla ilgili, &#8220;Daha \u00f6nce fiziki ko\u015fullardaki imkans\u0131zl\u0131k nedeniyle ayn\u0131 h\u00fccredeydiler. Yasa bu t\u00fcr san\u0131klar\u0131n ayr\u0131 tutulmalar\u0131n\u0131 \u00f6ng\u00f6r\u00fcr&#8221; dedi.<!--more--><\/p>\n<p style=\"text-align: justify;\">Ergin, TOBB Genel Merkezindeki &#8220;Cezaevleri Okuyor&#8221; projesinin tan\u0131t\u0131m toplant\u0131s\u0131n\u0131n ard\u0131ndan gazetecilerin sorular\u0131n\u0131 yan\u0131tlad\u0131.<\/p>\n<p style=\"text-align: justify;\">Tutuklu bulunan Mustafa Balbay ve Tuncay \u00d6zkan&#8217;\u0131n, tek ki\u015filik h\u00fccrelere al\u0131nmas\u0131 ve Silivri Cezaevi&#8217;ndeki ko\u015fullarla ilgili bir soru \u00fczerine ise Bakan Ergin \u015funlar\u0131 s\u00f6yledi:<\/p>\n<p style=\"text-align: justify;\">\u201cCezaevlerindeki uygulamalar, tamamen, Ceza ve G\u00fcvenlik Tedbirlerinin \u0130nfaz\u0131 Hakk\u0131ndaki Yasa \u00e7er\u00e7evesinde, buna ba\u011fl\u0131 olarak \u00e7\u0131kart\u0131lan ikinci, \u00fc\u00e7\u00fcnc\u00fc mevzuata g\u00f6re y\u00fcr\u00fct\u00fclmektedir. Bu ba\u011flamda, cezaevlerinde bulunan tutuklular\u0131n da, mahkemeye sevk edildikleri sevk maddeleri dikkate al\u0131narak, cezaevlerinde birlikte ya da ayr\u0131 ayr\u0131 bar\u0131nd\u0131r\u0131lmalar\u0131na karar verilmektedir. Bu karar\u0131 da, infaz savc\u0131l\u0131klar\u0131 vermektedir.<\/p>\n<p style=\"text-align: justify;\">Mustafa Balbay ve say\u0131n Tuncay \u00d6zkan&#8217;la ilgili olarak yap\u0131lan uygulaman\u0131n esas\u0131 \u015fudur: &#8216;Daha \u00f6nce birlikte kalmaktayd\u0131lar, ni\u00e7in birlikteydiler, \u015fimdi ayr\u0131ld\u0131lar?&#8217; sorusu sorulabilir. Silivri Kampusu i\u00e7erisindeki fiziki imkanlar yetersizdi. Onun i\u00e7in bir arada bulunmaktayd\u0131lar. Ancak orada yeni hizmete al\u0131nan bloklar, cezaevi \u00fcniteleri olmu\u015ftur. Dolay\u0131s\u0131yla, yasan\u0131n emredici h\u00fckm\u00fc, fiziki ko\u015fullar elverdi\u011fi \u00f6l\u00e7\u00fcde, bu t\u00fcr san\u0131klar\u0131n, tutuklular\u0131n, ayr\u0131 ayr\u0131 bar\u0131nd\u0131r\u0131lmalar\u0131n\u0131 emretmektedir, yasa ve y\u00f6netmelik, t\u00fcz\u00fck. Bundan kaynakl\u0131 bir uygulamad\u0131r. Burada s\u00fcreci belirleyecek olan da, cezaevi idaresiyle cezaevi savc\u0131l\u0131\u011f\u0131d\u0131r, sorumlu olan onlard\u0131r.&#8221;<\/p>\n<p style=\"text-align: justify;\"><strong>&#8216;Tecrit iddialar\u0131&#8217; <\/strong><\/p>\n<p style=\"text-align: justify;\">Bu konuda, Silivri&#8217;deki tutuklular\u0131n, &#8216;tecride&#8217; al\u0131nd\u0131klar\u0131n\u0131n iddia edildi\u011finin belirtilmesi \u00fczerine Bakan Ergin \u015f\u00f6yle konu\u015ftu:<\/p>\n<p style=\"text-align: justify;\">\u201cBizim cezaevlerimizdeki standartlar, tutukluya h\u00fck\u00fcml\u00fcye g\u00f6re ayr\u0131 ayr\u0131 uygulanan standartlar de\u011fildir. Oradaki standartlar geneldir ve bu standartlar, yurt i\u00e7inden ve yurt d\u0131\u015f\u0131ndan periyodik olarak incelenmekte, insan haklar\u0131 kurumlar\u0131 taraf\u0131ndan de\u011ferlendirilmektedir. Bu konuda uygulamaya y\u00f6nelik \u015fikayetler varsa bunlar taraf\u0131m\u0131zdan ayr\u0131ca de\u011ferlendirilmektedir. Ancak, Silivri&#8217;deki standartlar\u0131n ki\u015filere farkl\u0131 uyguland\u0131\u011f\u0131 y\u00f6n\u00fcndeki bir de\u011ferlendirmeye kat\u0131lmam.&#8221;<\/p>\n<p style=\"text-align: justify;\"><strong>\u00dcsk\u00fcl: &#8220;Can g\u00fcvenli\u011fi devlete emanet edilmi\u015ftir&#8221; <\/strong><\/p>\n<p style=\"text-align: justify;\">TBMM \u0130nsan Haklar\u0131n\u0131 \u0130nceleme Komisyonu Ba\u015fkan\u0131 Zafer \u00dcsk\u00fcl de Tuncay \u00d6zkan&#8217;\u0131n avukat\u0131 Ahmet \u00c7\u00f6rto\u011flu&#8217;nun, &#8220;m\u00fcvekkilinin yerinin de\u011fi\u015ftirildi\u011fi&#8221; gerek\u00e7esiyle komisyona yapt\u0131\u011f\u0131 ba\u015fvuruyu de\u011ferlendirdi.<\/p>\n<p style=\"text-align: justify;\">Silivri Ceza \u0130nfaz Kurumu&#8217;nda L Tipi binalar oldu\u011funu, F tipi binalar olmad\u0131\u011f\u0131n\u0131 ifade eden \u00dcsk\u00fcl, 1 ve 2 No&#8217;lu L Tipi binalar\u0131n yeni hizmete a\u00e7\u0131ld\u0131\u011f\u0131n\u0131 kaydetti.<\/p>\n<p style=\"text-align: justify;\">\u00dcsk\u00fcl, hem Silivri i\u00e7inden hem de Silivri d\u0131\u015f\u0131ndan, Metris Cezaevi&#8217;nden tutuklu ve h\u00fck\u00fcml\u00fclerin yeni a\u00e7\u0131lan bu binalara nakledildi\u011fini bildirdi.<\/p>\n<p style=\"text-align: justify;\">Zafer \u00dcsk\u00fcl, 54 Ergenekon davas\u0131 san\u0131\u011f\u0131n\u0131n da bu binalara nakledildi\u011fini belirterek, \u015funlar\u0131 s\u00f6yledi:<\/p>\n<p style=\"text-align: justify;\">&#8220;Bu 54 ki\u015fiden 52&#8217;si tebligat\u0131 alarak, sorun \u00e7\u0131kartmadan yeni binaya ta\u015f\u0131nd\u0131lar. Ancak Tuncay \u00d6zkan ve Mustafa Balbay itiraz etmi\u015fler. Nakil kararlar\u0131 uygulanmak zorundad\u0131r. Nakilde cezaevi y\u00f6netiminin zor kullanma yetkisi de var. Sonu\u00e7ta g\u00fc\u00e7 kullan\u0131m\u0131na gerek kalmadan anla\u015fmaya var\u0131ld\u0131 ve bu 2 ki\u015finin yeni binaya nakledildi\u011fi anla\u015f\u0131l\u0131yor. Bu ki\u015filerin nakilleri s\u0131ras\u0131nda kahvalt\u0131 ve yemek verilmedi\u011fi iddias\u0131 do\u011fru de\u011fil. T\u00fcm tutuklulara oldu\u011fu gibi bunlara da yemek ve kahvalt\u0131 verilmi\u015ftir.<\/p>\n<p style=\"text-align: justify;\">Is\u0131nma konusunda yap\u0131lan a\u00e7\u0131klamalar\u0131n da do\u011fru olmad\u0131\u011f\u0131 bilgisini ald\u0131m. 1 ve 2 No&#8217;lu binalar merkezi \u0131s\u0131tma sistemine daha yak\u0131n oldu\u011fu i\u00e7in, \u00f6b\u00fcr binalardan biraz daha iyi \u0131s\u0131nd\u0131\u011f\u0131 s\u00f6ylendi.&#8221;<\/p>\n<p style=\"text-align: justify;\">Komisyon Ba\u015fkan\u0131 \u00dcsk\u00fcl, Silivri&#8217;de F tipi cezaevi olmad\u0131\u011f\u0131 i\u00e7in, bu yeni binalar\u0131n baz\u0131lar\u0131n\u0131n y\u00fcksek g\u00fcvenlikli hale getirildi\u011fini s\u00f6yledi.<\/p>\n<p style=\"text-align: justify;\"><strong>&#8220;Alt komisyon kurup yerinde inceleme yapma imkan\u0131m\u0131z yok&#8221; <\/strong><\/p>\n<p style=\"text-align: justify;\">\u0130lgili kanuna g\u00f6re, haklar\u0131nda a\u011f\u0131rla\u015ft\u0131r\u0131lm\u0131\u015f m\u00fcebbet hapis cezas\u0131 istenenlerin tek ki\u015filik ko\u011fu\u015fa, daha az ceza istenenlerin ise 3 ki\u015filik ko\u011fu\u015fa konuldu\u011funu belirten \u00dcsk\u00fcl, &#8220;Yeni binalarda 1 ve 3 ki\u015filik ko\u011fu\u015flar var. 1 ki\u015filik ko\u011fu\u015flardan 4 tane yan yana var ancak mevzuata g\u00f6re sadece 3&#8217;\u00fc dolu olabiliyor, 1&#8217;i bo\u015f kal\u0131yor. B\u00f6yle 9 ki\u015finin ayr\u0131 ayr\u0131 konulabilece\u011fi tek ki\u015filik ko\u011fu\u015flar\u0131n ortak havaland\u0131rma b\u00f6l\u00fcm\u00fc var&#8221; diye konu\u015ftu.<\/p>\n<p style=\"text-align: justify;\">\u00dcsk\u00fcl, bu bilgileri cezaevi savc\u0131l\u0131\u011f\u0131ndan ald\u0131\u011f\u0131n\u0131 belirtti.<\/p>\n<p style=\"text-align: justify;\">Zafer \u00dcsk\u00fcl, &#8220;Tuncay \u00d6zkan&#8217;\u0131n ba\u015fvurusu \u00fczerine yeni bir inceleme yapma gere\u011fi duyuyor musunuz?&#8221; sorusuna, &#8220;\u015eu anda alt komisyon kurup yerinde inceleme yapma imkan\u0131m\u0131z yok. Mevcut alt komisyon \u00fcyeleri de bir araya gelemiyorlar, toplanam\u0131yorlar, her biri bir tarafta&#8221; dedi.<\/p>\n<p style=\"text-align: justify;\">Zafer \u00dcsk\u00fcl, Avrupa&#8217;da gezdikleri cezaevlerindeki tutuklu ve h\u00fck\u00fcml\u00fclerin y\u00fczde 90&#8217;\u0131n\u0131n tek ki\u015filik ko\u011fu\u015flarda kald\u0131\u011f\u0131n\u0131 g\u00f6zlemlediklerini de ifade etti.<\/p>\n<p style=\"text-align: justify;\"><strong>Can g\u00fcvenliklerinin olmad\u0131\u011f\u0131 iddias\u0131 <\/strong><\/p>\n<p style=\"text-align: justify;\">Komisyon Ba\u015fkan\u0131 \u00dcsk\u00fcl, 2 san\u0131\u011f\u0131n can g\u00fcvenliklerinin olmad\u0131\u011f\u0131 y\u00f6n\u00fcnde bir iddia oldu\u011funu an\u0131msatarak, &#8220;T\u00fcm tutuklu ve h\u00fck\u00fcml\u00fclerin can g\u00fcvenli\u011fi devlete emanet edilmi\u015ftir. Dolay\u0131s\u0131yla can g\u00fcvenli\u011finin sa\u011flanamamas\u0131 gibi bir durumun ortaya \u00e7\u0131kmas\u0131 m\u00fcmk\u00fcn de\u011fil. Kazara b\u00f6yle bir \u015fey olursa oradaki t\u00fcm g\u00f6revliler su\u00e7 i\u015flemi\u015f olurlar&#8221; dedi.<\/p>\n<p style=\"text-align: justify;\">Bu iddian\u0131n ciddi olmas\u0131 halinde, gerekli incelemeyi hem savc\u0131l\u0131\u011f\u0131n hem de komisyonlar\u0131n\u0131n yapaca\u011f\u0131n\u0131 ifade eden \u00dcsk\u00fcl, &#8220;Ancak b\u00f6yle bir durumun olmad\u0131\u011f\u0131 anla\u015f\u0131l\u0131yor. Ki\u015finin tek ki\u015filik bir odaya konulmas\u0131 onun can g\u00fcvenli\u011fini ortadan kald\u0131rmaz. Tek ki\u015filik odaya konulanlar da sadece bu iki ki\u015fi de\u011fil. \u00d6zel bir uygulama yok. Sonu\u00e7 olarak bizim edindi\u011fimiz izlenim; ad\u0131 ge\u00e7en ki\u015filerle ilgili olarak, s\u00fcrekli kamuoyunun g\u00fcndemine gelmeleri nedeniyle daha da dikkatli bir tutumun s\u00fcrd\u00fcr\u00fcld\u00fc\u011f\u00fc y\u00f6n\u00fcnde&#8221; ifadelerini kulland\u0131.<\/p>\n<p style=\"text-align: justify;\">\u00dcsk\u00fcl, Tuncay \u00d6zkan&#8217;\u0131n ba\u015fvurusu ile ilgili olarak gerekli yerlere yaz\u0131 yazacaklar\u0131n\u0131 s\u00f6zlerine ekledi.<\/p>\n<p style=\"text-align: justify;\"><strong>K\u0131l\u0131\u00e7daro\u011flu&#8217;nun de\u011ferlendirmesi<\/strong><\/p>\n<p style=\"text-align: justify;\">CHP lideri Kemal K\u0131l\u0131\u00e7daro\u011flu da Londra&#8217;da Tuncay \u00d6zkan ve Mustafa Balbay&#8217;\u0131n yerlerinin de\u011fi\u015ftirilmesiyle ilgili soru \u00fczerine de \u015f\u00f6yle konu\u015ftu:<\/p>\n<p style=\"text-align: justify;\">&#8220;AKP uygulamas\u0131n\u0131n do\u011fal bir sonucu. Yad\u0131rgamamak laz\u0131m. Bask\u0131 daha da artacak. Bunu ta en ba\u015ftan beri s\u00f6yledik. 21. y\u00fczy\u0131lda tecriti niye uyguluyorsunuz, bunlar ter\u00f6rist mi? Birileri elini kolunu sallayarak gider, hi\u00e7bir \u015fey yapmazs\u0131n\u0131z. Birileri tutuklu ama onlara tutuklulu\u011funda bile bask\u0131 alt\u0131nda zor ko\u015fullar\u0131 dayat\u0131rs\u0131n\u0131z. Bu do\u011fru bir uygulama de\u011fil.&#8221;<\/p>\n<p style=\"text-align: justify;\"><a href=\"http:\/\/www.cnnturk.com\/2011\/turkiye\/03\/02\/balbay.ve.ozkan.imkansizliktan.ayni.hucredeymis\/608636.0\/index.html\" target=\"_blank\"><span style=\"color: #888888;\">CNN T\u00dcRK<\/span><\/a><\/p>\n","protected":false},"excerpt":{"rendered":"<\/p>\n<p style=\"text-align: justify;\">Adalet Bakan\u0131 Sadullah Ergin, ikinci &#8220;Ergenekon&#8221; davas\u0131n\u0131n tutuklu san\u0131\u011f\u0131 gazeteci Tuncay \u00d6zkan ve gazeteci Mustafa Balbay&#8217;\u0131n tek ba\u015f\u0131na ayr\u0131 ko\u011fu\u015flara al\u0131nmalar\u0131yla ilgili, &#8220;Daha \u00f6nce fiziki ko\u015fullardaki imkans\u0131zl\u0131k nedeniyle ayn\u0131 h\u00fccredeydiler. Yasa bu t\u00fcr san\u0131klar\u0131n ayr\u0131 tutulmalar\u0131n\u0131 \u00f6ng\u00f6r\u00fcr&#8221; dedi.<\/p>\n","protected":false},"author":1,"featured_media":0,"comment_status":"open","ping_status":"closed","sticky":false,"template":"","format":"standard","meta":{"footnotes":""},"categories":[105],"tags":[],"class_list":["post-28934","post","type-post","status-publish","format-standard","hentry","category-gundem","odd"],"_links":{"self":[{"href":"http:\/\/www.korhanyilmaz.com\/index.php?rest_route=\/wp\/v2\/posts\/28934","targetHints":{"allow":["GET"]}}],"collection":[{"href":"http:\/\/www.korhanyilmaz.com\/index.php?rest_route=\/wp\/v2\/posts"}],"about":[{"href":"http:\/\/www.korhanyilmaz.com\/index.php?rest_route=\/wp\/v2\/types\/post"}],"author":[{"embeddable":true,"href":"http:\/\/www.korhanyilmaz.com\/index.php?rest_route=\/wp\/v2\/users\/1"}],"replies":[{"embeddable":true,"href":"http:\/\/www.korhanyilmaz.com\/index.php?rest_route=%2Fwp%2Fv2%2Fcomments&post=28934"}],"version-history":[{"count":0,"href":"http:\/\/www.korhanyilmaz.com\/index.php?rest_route=\/wp\/v2\/posts\/28934\/revisions"}],"wp:attachment":[{"href":"http:\/\/www.korhanyilmaz.com\/index.php?rest_route=%2Fwp%2Fv2%2Fmedia&parent=28934"}],"wp:term":[{"taxonomy":"category","embeddable":true,"href":"http:\/\/www.korhanyilmaz.com\/index.php?rest_route=%2Fwp%2Fv2%2Fcategories&post=28934"},{"taxonomy":"post_tag","embeddable":true,"href":"http:\/\/www.korhanyilmaz.com\/index.php?rest_route=%2Fwp%2Fv2%2Ftags&post=28934"}],"curies":[{"name":"wp","href":"https:\/\/api.w.org\/{rel}","templated":true}]}}