{"id":28928,"date":"2011-03-02T15:49:06","date_gmt":"2011-03-02T13:49:06","guid":{"rendered":"http:\/\/www.korhanyilmaz.com\/?p=28928"},"modified":"2011-03-02T15:49:06","modified_gmt":"2011-03-02T13:49:06","slug":"emine-erdogana-odul-veren-baskan-eski-damat-cikti","status":"publish","type":"post","link":"http:\/\/www.korhanyilmaz.com\/?p=28928","title":{"rendered":"Emine Erdo\u011fan&#8217;a \u00f6d\u00fcl veren ba\u015fkan, eski damat \u00e7\u0131kt\u0131"},"content":{"rendered":"<p style=\"text-align: center;\"><a href=\"http:\/\/www.korhanyilmaz.com\/wp-content\/uploads\/2011\/03\/019.jpg\"  class=\"lightview\"><img loading=\"lazy\" decoding=\"async\" class=\"aligncenter size-full wp-image-28929\" src=\"http:\/\/www.korhanyilmaz.com\/wp-content\/uploads\/2011\/03\/019.jpg\" alt=\"\" width=\"402\" height=\"280\" \/><\/a><\/p>\n<p style=\"text-align: justify;\">Ba\u015fbakan Erdo\u011fan\u2019\u0131n e\u015fi Emine Han\u0131m\u2019a, ad\u0131n\u0131 \u0130svi\u00e7re\u2019deki \u00fcnl\u00fc kayak merkezinden alan Crans Montana Forumu bar\u0131\u015f, \u00f6zg\u00fcrl\u00fck ve demokrasiye yapt\u0131\u011f\u0131 katk\u0131lardan \u00f6t\u00fcr\u00fc \u20182011 Vak\u0131f \u00d6d\u00fcl\u00fc\u2019n\u00fc vermi\u015fti.<\/p>\n<p style=\"text-align: justify;\">\u00d6d\u00fcl 16 \u015eubat\u2019ta Bel\u00e7ika\u2019n\u0131n ba\u015fkenti Br\u00fcksel\u2019de forumun kurucusu ve ba\u015fkan\u0131 Avukat Jean Paul Carteron taraf\u0131ndan Emine Han\u0131m\u2019a sunulmu\u015ftu. <!--more--><\/p>\n<p style=\"text-align: justify;\">Eski Frans\u0131z s\u00f6m\u00fcrgesi Fildi\u015fi Sahilleri\u2019nin devlet ba\u015fkan\u0131n\u0131n e\u015fi Dominique Folloroux Quattara\u2019ya da 16 \u015eubat gecesi \u20182011 Vak\u0131f \u00d6d\u00fcl\u00fc\u2019 verildi. 64 ya\u015f\u0131ndaki Carteron ile \u2018akraba\u2019 \u00e7\u0131kt\u0131k!!!<\/p>\n<div id=\"attachment_28931\" style=\"width: 120px\" class=\"wp-caption alignleft\"><img loading=\"lazy\" decoding=\"async\" aria-describedby=\"caption-attachment-28931\" class=\"size-full wp-image-28931\" style=\"margin-left: 10px; margin-right: 10px;\" src=\"http:\/\/www.korhanyilmaz.com\/wp-content\/uploads\/2011\/03\/0201.jpg\" alt=\"\" width=\"110\" height=\"168\" \/><p id=\"caption-attachment-28931\" class=\"wp-caption-text\">Aliye S\u0130MAV\u0130<\/p><\/div>\n<p style=\"text-align: justify;\">Do\u011fu k\u00fclt\u00fcr\u00fcne ilgi duyan Carteron 1972\u2019de \u0130stanbul\u2019da Ajda Pekkan ile ni\u015fanlanm\u0131\u015f! 1974\u2019te de d\u00f6nemin \u00fcnl\u00fc gazetecisi Haldun Simavi\u2019nin k\u0131z\u0131 Aliye Simavi ile ni\u015fan y\u00fcz\u00fc\u011f\u00fc takm\u0131\u015f. Y\u00fcz\u00fckler Paris\u2019ten getirilip, \u0130stanbul\u2019da t\u00f6renle tak\u0131lm\u0131\u015f. Her iki ni\u015fan h\u00fcsranla bitse de Carteron bu s\u00fcre\u00e7te T\u00fcrk sosyetesi ile b\u00fcy\u00fck yak\u0131nl\u0131k kurmu\u015f. 70\u2019li y\u0131llarda yaz tatillerini Bodrum\u2019da ge\u00e7irmi\u015f, evli-bekar nice sosyetik han\u0131mefendiyle a\u015fk maceralar\u0131 ya\u015fam\u0131\u015f.<\/p>\n<p style=\"text-align: justify;\"><strong>D\u0130KTAT\u00d6RLER\u0130N EMLAK DANI\u015eMANI <\/strong><\/p>\n<p style=\"text-align: justify;\">Jean-Paul Carteron, Frans\u0131z. \u0130svi\u00e7re pasaportu da var. Bir aya\u011f\u0131 \u0130svi\u00e7re\u2019de bir aya\u011f\u0131 Monaco\u2019da. Hukuk e\u011fitimini Paris \u00dcniversitesi\u2019nde alm\u0131\u015f. Buna kar\u015f\u0131n 1981\u2019den beri Fransa\u2019yla \u00f6yle \u00e7ok s\u0131cak ili\u015fkileri yok. Eski Frans\u0131z s\u00f6m\u00fcrgesi Haiti\u2019nin baba-o\u011ful diktat\u00f6rleri Duvalier\u2019lere uzun s\u00fcre dan\u0131\u015fmanl\u0131k yapm\u0131\u015f! Fransa\u2019da emlaklar almalar\u0131n\u0131 sa\u011flam\u0131\u015f. Bu s\u00fcrede hat\u0131r\u0131 say\u0131l\u0131r bir servet edinmi\u015f. 1989\u2019da Crans Montana Forumu\u2019nu kurmu\u015f. Gazeteci Robert Eringer\u2019in internetteki sitesine bak\u0131l\u0131rsa; Carteron, Crans Montana Forumu\u2019yla diktayla y\u00f6netilen Afrika rejimlerine sayg\u0131nl\u0131k sa\u011fl\u0131yor ve para kazan\u0131yor.<\/p>\n<p style=\"text-align: justify;\"><strong>KARA PARA AKLIYOR D\u0130YE \u0130SV\u0130\u00c7RE\u2019DEN KOVULMU\u015e! <\/strong><\/p>\n<p style=\"text-align: justify;\">\u0130svi\u00e7re, para aklad\u0131\u011f\u0131ndan \u015f\u00fcphelendi\u011fi Carteron\u2019dan Crans-Montana Forumu\u2019nu 1996\u2019da ba\u015fka \u00fclkeye ta\u015f\u0131mas\u0131n\u0131 istemi\u015f. Forumun yeni merkezi Monaco olmu\u015f. \u0130svi\u00e7re\u2019nin \u2018Para akl\u0131yor\u2019 dedi\u011fi d\u00f6nemde Carteron da solu\u011fu Monaco\u2019da alm\u0131\u015f. \u2018Monaco D\u00fcnya Zirvesi\u2019nin kurucular\u0131 aras\u0131na girmi\u015f. \u0130kinci hatta \u00fc\u00e7\u00fcnc\u00fc d\u00fcnya \u00fclkeleriyle bu zirve sayesinde ili\u015fkilerini \u00e7ok daha g\u00fc\u00e7lendirmi\u015f.<\/p>\n<p style=\"text-align: justify;\">Carteron ayl\u0131k 50 bin Euro\u2019ya bu \u00fclkelerin Monaco fahri konsoloslu\u011funu yapmaya soyunmu\u015f. Carteron halen Bulgaristan\u2019\u0131n Monaco\u2019daki fahri konsolosu. Monaco Prensi Albert, Carteron\u2019un kim oldu\u011funu \u00e7ok iyi bilmesine ra\u011fmen ili\u015fkilerini s\u00fcrd\u00fcrmekte mahsur g\u00f6rm\u00fcyor.<\/p>\n<p style=\"text-align: justify;\">Paris\u2019te avukatl\u0131k yaparken sa\u011f g\u00f6r\u00fc\u015fl\u00fc olan Carteron \u015fimdi solcu!<\/p>\n<p style=\"text-align: justify;\"><a href=\"http:\/\/www.posta.com.tr\/magazin\/HaberDetay\/Emine_Erdogan_a_odul_veren_baskan__eski_damat_cikti.htm?ArticleID=63534\" target=\"_blank\"><span style=\"color: #888888;\">Kaynak : M\u00fcge DA\u011eISTANLI &#8211; Posta Gazetesi<\/span><\/a><\/p>\n<p style=\"text-align: justify;\">&nbsp;<\/p>\n","protected":false},"excerpt":{"rendered":"<p style=\"text-align: center;\">\n<p style=\"text-align: justify;\">Ba\u015fbakan Erdo\u011fan\u2019\u0131n e\u015fi Emine Han\u0131m\u2019a, ad\u0131n\u0131 \u0130svi\u00e7re\u2019deki \u00fcnl\u00fc kayak merkezinden alan Crans Montana Forumu bar\u0131\u015f, \u00f6zg\u00fcrl\u00fck ve demokrasiye yapt\u0131\u011f\u0131 katk\u0131lardan \u00f6t\u00fcr\u00fc \u20182011 Vak\u0131f \u00d6d\u00fcl\u00fc\u2019n\u00fc vermi\u015fti.<\/p>\n<p style=\"text-align: justify;\">\u00d6d\u00fcl 16 \u015eubat\u2019ta Bel\u00e7ika\u2019n\u0131n ba\u015fkenti Br\u00fcksel\u2019de forumun kurucusu ve ba\u015fkan\u0131 Avukat Jean Paul Carteron taraf\u0131ndan Emine Han\u0131m\u2019a sunulmu\u015ftu. <\/p>\n","protected":false},"author":1,"featured_media":0,"comment_status":"open","ping_status":"closed","sticky":false,"template":"","format":"standard","meta":{"footnotes":""},"categories":[105],"tags":[],"class_list":["post-28928","post","type-post","status-publish","format-standard","hentry","category-gundem","odd"],"_links":{"self":[{"href":"http:\/\/www.korhanyilmaz.com\/index.php?rest_route=\/wp\/v2\/posts\/28928","targetHints":{"allow":["GET"]}}],"collection":[{"href":"http:\/\/www.korhanyilmaz.com\/index.php?rest_route=\/wp\/v2\/posts"}],"about":[{"href":"http:\/\/www.korhanyilmaz.com\/index.php?rest_route=\/wp\/v2\/types\/post"}],"author":[{"embeddable":true,"href":"http:\/\/www.korhanyilmaz.com\/index.php?rest_route=\/wp\/v2\/users\/1"}],"replies":[{"embeddable":true,"href":"http:\/\/www.korhanyilmaz.com\/index.php?rest_route=%2Fwp%2Fv2%2Fcomments&post=28928"}],"version-history":[{"count":0,"href":"http:\/\/www.korhanyilmaz.com\/index.php?rest_route=\/wp\/v2\/posts\/28928\/revisions"}],"wp:attachment":[{"href":"http:\/\/www.korhanyilmaz.com\/index.php?rest_route=%2Fwp%2Fv2%2Fmedia&parent=28928"}],"wp:term":[{"taxonomy":"category","embeddable":true,"href":"http:\/\/www.korhanyilmaz.com\/index.php?rest_route=%2Fwp%2Fv2%2Fcategories&post=28928"},{"taxonomy":"post_tag","embeddable":true,"href":"http:\/\/www.korhanyilmaz.com\/index.php?rest_route=%2Fwp%2Fv2%2Ftags&post=28928"}],"curies":[{"name":"wp","href":"https:\/\/api.w.org\/{rel}","templated":true}]}}