{"id":28924,"date":"2011-03-02T13:30:45","date_gmt":"2011-03-02T11:30:45","guid":{"rendered":"http:\/\/www.korhanyilmaz.com\/?p=28924"},"modified":"2011-03-02T13:30:45","modified_gmt":"2011-03-02T11:30:45","slug":"yurtdisinda-oy-kullanmak-sonraki-secime-kaldi","status":"publish","type":"post","link":"http:\/\/www.korhanyilmaz.com\/?p=28924","title":{"rendered":"Yurtd\u0131\u015f\u0131nda oy kullanmak sonraki se\u00e7ime kald\u0131"},"content":{"rendered":"<p style=\"text-align: justify;\"><a href=\"http:\/\/www.korhanyilmaz.com\/wp-content\/uploads\/2011\/03\/018.jpg\"  class=\"lightview\"><img loading=\"lazy\" decoding=\"async\" class=\"aligncenter size-full wp-image-28925\" src=\"http:\/\/www.korhanyilmaz.com\/wp-content\/uploads\/2011\/03\/018.jpg\" alt=\"\" width=\"400\" height=\"251\" \/><\/a><\/p>\n<p style=\"text-align: justify;\">Y\u00fcksek Se\u00e7im Kurulu (YSK) Ba\u015fkan\u0131 Ali Em, yurtd\u0131\u015f\u0131nda ya\u015fayan vatanda\u015flar\u0131n konsolosluklarda ve b\u00fcy\u00fckel\u00e7iliklerde oy kullanmalar\u0131n\u0131n ancak bir sonraki se\u00e7imde m\u00fcmk\u00fcn olabilece\u011fini s\u00f6yledi.<\/p>\n<p style=\"text-align: justify;\">ANKARA &#8211; Em, Ba\u015fbakan Recep Tayyip Erdo\u011fan\u2019\u0131n \u201cBizi sabote mi ediyorsunuz\u201d ele\u015ftirisine de \u201cAlmanya\u2019n\u0131n verdi\u011fi karar olumlu. Ancak altyap\u0131 \u00e7al\u0131\u015fmalar\u0131m\u0131z devam ediyor\u201d yan\u0131t\u0131n\u0131 verdi. <!--more--><\/p>\n<p style=\"text-align: justify;\">YSK Ba\u015fkan\u0131 Ali Em, gazetecilerin, yurtd\u0131\u015f\u0131nda ya\u015fayan vatanda\u015flar\u0131n b\u00fcy\u00fckel\u00e7iliklerde ve konsolosluklarda kurulacak sand\u0131klarda oy kullanmas\u0131na y\u00f6nelik sorular\u0131n\u0131 yan\u0131tlad\u0131. Em, 26 \u015eubat tarihinde yurtd\u0131\u015f\u0131nda ya\u015fayan vatanda\u015flar\u0131n g\u00fcmr\u00fckte oy vermeleri gerekti\u011fi sonucuna vard\u0131klar\u0131n\u0131 kaydederek \u201cSand\u0131kta ve elektronik ortamda oy vermeyle ilgili altyap\u0131 \u00e7al\u0131\u015fmalar\u0131n\u0131 ba\u015flatt\u0131k. Se\u00e7-sis sisteminde yurtd\u0131\u015f\u0131nda sand\u0131k kurularak alanlardan bilgisayar ortam\u0131na irtibat\u0131n sa\u011flanabilmesi ve m\u00fckerrer oy kullan\u0131m\u0131n\u0131 \u00f6nlemek bak\u0131m\u0131ndan altyap\u0131 \u00e7al\u0131\u015fmalar\u0131 gerekiyor, biz de bunu ba\u015flatt\u0131k\u201d dedi.<\/p>\n<p style=\"text-align: justify;\">Meclis\u2019in se\u00e7im karar\u0131n\u0131 a\u00e7\u0131klamas\u0131n\u0131n ard\u0131ndan milletvekili se\u00e7im s\u00fcrecinin k\u0131sald\u0131\u011f\u0131n\u0131 an\u0131msatan Em, se\u00e7im takviminin bir an \u00f6nce d\u00fczenlenmesi gerekti\u011fini ve bu takvimi yapabilmek i\u00e7in bir an \u00f6nce bu karar\u0131 almalar\u0131 gerekti\u011fini ifade etti. Yurt d\u0131\u015f\u0131nda ya\u015fayan vatanda\u015flar\u0131n Haziran se\u00e7imlerinde ancak g\u00fcmr\u00fcklerde oy kullanabileceklerini belirten Em, bir sonraki se\u00e7imde b\u00fcy\u00fckel\u00e7ilik ve konsolosluklarda oy kullan\u0131labilmesi i\u00e7in gerekli olan teknik altyap\u0131 \u00e7al\u0131\u015fmalar\u0131na devam ettiklerini s\u00f6yledi. Em, Almanya Ba\u015fbakan\u0131 Angela Merkel\u2019in T\u00fcrk vatanda\u015flar\u0131n\u0131n bulunduklar\u0131 yerde oy kullanabilecekleri y\u00f6n\u00fcndeki a\u00e7\u0131klamas\u0131n\u0131 \u015f\u00f6yle de\u011ferlendirdi:<\/p>\n<p style=\"text-align: justify;\">\u201cAlmanya\u2019n\u0131n buna izin vermesi sevindirici. Almanya\u2019da 1.3 milyonun \u00fczerinde se\u00e7menimiz var. Onlar\u0131n bulunduklar\u0131 mahalde oy kullanmalar\u0131na Almanya H\u00fck\u00fcmeti\u2019nin izin vermesi son derece olumlu. Biz de altyap\u0131y\u0131 kurmaya \u00e7al\u0131\u015f\u0131yoruz. Sadece Almanya\u2019da de\u011fil, Fransa\u2019da, Hollanda\u2019da ve Bel\u00e7ika\u2019da da \u00e7ok say\u0131da se\u00e7menimiz var. Se\u00e7imin genelli\u011fi prensibi o \u00fclkelerde de gereken altyap\u0131 \u00e7al\u0131\u015fmalar\u0131na haz\u0131rlan\u0131yoruz\u201d dedi.<\/p>\n<p style=\"text-align: justify;\">Em, bir gazetecinin, g\u00fcmr\u00fck kap\u0131lar\u0131ndaki oy kullan\u0131m\u0131n\u0131n bu se\u00e7imlerde b\u00fcy\u00fckel\u00e7ilikler ve konsolosluklarda da yap\u0131lmas\u0131 konusunda H\u00fck\u00fcmet\u2019ten bir talep gelip gelmedi\u011fi sorusuna \u201cB\u00f6yle bir talep yok, karar\u0131m\u0131z kesindir\u201d yan\u0131t\u0131n\u0131 verdi.<\/p>\n<p style=\"text-align: justify;\"><strong>ERDO\u011eAN: YSK BEN\u0130 SABOTE M\u0130 ED\u0130YOR<\/strong><\/p>\n<p style=\"text-align: justify;\">Ba\u015fbakan Erdo\u011fan, Almanya d\u00f6n\u00fc\u015f\u00fc s\u0131ras\u0131nda gazetecilere yapt\u0131\u011f\u0131 a\u00e7\u0131klamada yurtd\u0131\u015f\u0131ndaki vatanda\u015flar\u0131n oy kullanmas\u0131 konusunda Almanya Ba\u015fbakan\u0131 Merkel\u2019den olumlu cevap ald\u0131\u011f\u0131n\u0131 s\u00f6yleyerek, YSK\u2019n\u0131n ald\u0131\u011f\u0131 karar\u0131 \u2018sabotaj2 olarak de\u011ferlendirmi\u015fti. Erdo\u011fan \u2018Merkel&#8217;in a\u011fz\u0131ndan \u015funu duydum: Bizden yana engel yok. B\u00fcy\u00fckel\u00e7imiz yaz\u0131 yazacak, onlardan da cevap gelecek. Ama bizim Y\u00fcksek Se\u00e7im Kurulu (YSK) ben orada konu\u015furken karar al\u0131yor. G\u00fcnlerden de pazar. Arkada\u015f beni sabote mi ediyorsunuz? Merkel, &#8220;Bizden yana hi\u00e7bir engel yok&#8221; deyince, biz tabii burada a\u00e7\u0131\u011fa d\u00fc\u015ft\u00fck. \u00dcst\u00fcne gidece\u011fiz. Sadece Almanya dedi\u011fi i\u00e7in Almanya d\u0131\u015f\u0131 \u00fclkelerde yeni bir karar alma durumu do\u011fabilir mi, bakaca\u011f\u0131z. YSK&#8217;n\u0131n karar\u0131, yurtd\u0131\u015f\u0131ndaki vatanda\u015flar\u0131m\u0131z\u0131n se\u00e7me ve se\u00e7ilme \u00f6zg\u00fcrl\u00fc\u011f\u00fcne bir tokatt\u0131r. Alman makamlar\u0131 d\u0131\u015f g\u00fcvenli\u011fi taahh\u00fct ediyor. YSK&#8217;n\u0131n gerek\u00e7eleri ortadan kalk\u0131yor, ayr\u0131ca D\u0131\u015fi\u015fleri Bakanl\u0131\u011f\u0131 da tedbirini ald\u0131. YSK bunu yapmamal\u0131yd\u0131. Avrupa&#8217;da oy verecek 3 milyon vatanda\u015f \u00e7\u0131kabilir. Bunlara yaz\u0131k.\u2019 demi\u015fti.<\/p>\n<p style=\"text-align: justify;\"><a href=\"http:\/\/www.radikal.com.tr\/Radikal.aspx?aType=RadikalDetayV3&amp;ArticleID=1041650&amp;Date=02.03.2011&amp;CategoryID=77\" target=\"_blank\"><span style=\"color: #888888;\">Kaynak :Radikal<\/span><\/a><\/p>\n","protected":false},"excerpt":{"rendered":"<p style=\"text-align: justify;\">\n<p style=\"text-align: justify;\">Y\u00fcksek Se\u00e7im Kurulu (YSK) Ba\u015fkan\u0131 Ali Em, yurtd\u0131\u015f\u0131nda ya\u015fayan vatanda\u015flar\u0131n konsolosluklarda ve b\u00fcy\u00fckel\u00e7iliklerde oy kullanmalar\u0131n\u0131n ancak bir sonraki se\u00e7imde m\u00fcmk\u00fcn olabilece\u011fini s\u00f6yledi.<\/p>\n<p style=\"text-align: justify;\">ANKARA &#8211; Em, Ba\u015fbakan Recep Tayyip Erdo\u011fan\u2019\u0131n \u201cBizi sabote mi ediyorsunuz\u201d ele\u015ftirisine de \u201cAlmanya\u2019n\u0131n verdi\u011fi karar olumlu. Ancak altyap\u0131 \u00e7al\u0131\u015fmalar\u0131m\u0131z devam ediyor\u201d yan\u0131t\u0131n\u0131 verdi. <\/p>\n","protected":false},"author":1,"featured_media":0,"comment_status":"open","ping_status":"closed","sticky":false,"template":"","format":"standard","meta":{"footnotes":""},"categories":[105],"tags":[],"class_list":["post-28924","post","type-post","status-publish","format-standard","hentry","category-gundem","odd"],"_links":{"self":[{"href":"http:\/\/www.korhanyilmaz.com\/index.php?rest_route=\/wp\/v2\/posts\/28924","targetHints":{"allow":["GET"]}}],"collection":[{"href":"http:\/\/www.korhanyilmaz.com\/index.php?rest_route=\/wp\/v2\/posts"}],"about":[{"href":"http:\/\/www.korhanyilmaz.com\/index.php?rest_route=\/wp\/v2\/types\/post"}],"author":[{"embeddable":true,"href":"http:\/\/www.korhanyilmaz.com\/index.php?rest_route=\/wp\/v2\/users\/1"}],"replies":[{"embeddable":true,"href":"http:\/\/www.korhanyilmaz.com\/index.php?rest_route=%2Fwp%2Fv2%2Fcomments&post=28924"}],"version-history":[{"count":0,"href":"http:\/\/www.korhanyilmaz.com\/index.php?rest_route=\/wp\/v2\/posts\/28924\/revisions"}],"wp:attachment":[{"href":"http:\/\/www.korhanyilmaz.com\/index.php?rest_route=%2Fwp%2Fv2%2Fmedia&parent=28924"}],"wp:term":[{"taxonomy":"category","embeddable":true,"href":"http:\/\/www.korhanyilmaz.com\/index.php?rest_route=%2Fwp%2Fv2%2Fcategories&post=28924"},{"taxonomy":"post_tag","embeddable":true,"href":"http:\/\/www.korhanyilmaz.com\/index.php?rest_route=%2Fwp%2Fv2%2Ftags&post=28924"}],"curies":[{"name":"wp","href":"https:\/\/api.w.org\/{rel}","templated":true}]}}