{"id":28913,"date":"2011-03-02T08:33:59","date_gmt":"2011-03-02T06:33:59","guid":{"rendered":"http:\/\/www.korhanyilmaz.com\/?p=28913"},"modified":"2011-03-02T08:33:59","modified_gmt":"2011-03-02T06:33:59","slug":"laiklik-konusunda-endiselerim-var","status":"publish","type":"post","link":"http:\/\/www.korhanyilmaz.com\/?p=28913","title":{"rendered":"&#8220;Laiklik konusunda endi\u015felerim var&#8221;"},"content":{"rendered":"<p style=\"text-align: center;\"><a href=\"http:\/\/www.korhanyilmaz.com\/wp-content\/uploads\/2011\/03\/015.jpg\"  class=\"lightview\"><img loading=\"lazy\" decoding=\"async\" class=\"aligncenter size-full wp-image-28914\" src=\"http:\/\/www.korhanyilmaz.com\/wp-content\/uploads\/2011\/03\/015.jpg\" alt=\"\" width=\"414\" height=\"220\" \/><\/a><\/p>\n<p style=\"text-align: justify;\">K\u0131l\u0131\u00e7daro\u011flu, &#8220;Temel insan haklar\u0131n\u0131 tan\u0131mlar m\u0131s\u0131n\u0131z ve buradan hareketle T\u00fcrkiye laik bir devlet mi&#8221; sorusuna, &#8220;BM \u0130nsan Haklar\u0131 S\u00f6zle\u015fmesi&#8217;ni kabul ediyoruz, onun alt\u0131na T\u00fcrkiye Cumhuriyeti de imza koymu\u015f vaziyette. T\u00fcrkiye laik bir devlet mi? Anayasas\u0131nda \u00f6yle yaz\u0131yor, laik, demokratik, sosyal, hukuk devleti yaz\u0131yor. Bana sorarsan\u0131z; &#8216;T\u00fcrkiye Cumhuriyeti laik devlet, ayn\u0131 zamanda sosyal devlet mi?&#8217; Ben, sosyal devlet konusunda endi\u015felerim oldu\u011funu s\u00f6ylerdim. Laiklik konusunda da baz\u0131 endi\u015felerim var. &#8221; dedi.<!--more--><\/p>\n<p style=\"text-align: justify;\">LONDRA &#8211; CHP Genel Ba\u015fkan\u0131 Kemal K\u0131l\u0131\u00e7daro\u011flu, T\u00fcrkiye&#8217;de laiklik kural\u0131n\u0131n zaman zaman ihlal edildi\u011fini ifade ederek, &#8220;\u0130nan\u00e7, siyaset konusu de\u011fildir, olmamal\u0131d\u0131r&#8221; dedi.<\/p>\n<p style=\"text-align: justify;\">K\u0131l\u0131\u00e7daro\u011flu, London School of Economics&#8217;de (LSE), &#8220;T\u00fcrkiye&#8217;de Siyasetin Ekonomiye Etkisi&#8221; konulu konu\u015fma yapt\u0131. \u0130lginin yo\u011fun oldu\u011fu konferans\u0131, LSE&#8217;nin \u00c7a\u011fda\u015f T\u00fcrkiye Ara\u015ft\u0131rmalar\u0131 K\u00fcrs\u00fcs\u00fc Ba\u015fkan\u0131 Profes\u00f6r \u015eevket Pamuk y\u00f6netti.<\/p>\n<p style=\"text-align: justify;\">Konu\u015fmas\u0131n\u0131n ard\u0131ndan konferansa kat\u0131lanlar\u0131n sorular\u0131n\u0131 yan\u0131tlayan K\u0131l\u0131\u00e7daro\u011flu, &#8220;partisinin yeni ekonomi politikalar\u0131n\u0131n&#8221; sorulmas\u0131 \u00fczerine, \u015funlar\u0131 s\u00f6yledi:<\/p>\n<p style=\"text-align: justify;\">&#8220;\u00d6ncelikle ilk d\u00f6rt ay i\u00e7inde siyasi ahlak yasas\u0131n\u0131 \u00e7\u0131karaca\u011f\u0131z. T\u00fcrkiye Cumhuriyeti&#8217;nde naylon fatura d\u00fczenleyen birinin Maliye Bakan\u0131 olmamas\u0131 laz\u0131m. Alaca\u011f\u0131m\u0131z mesafe \u00e7ok fazla. Sosyal politikalar\u0131m\u0131z var, aile sigortas\u0131 bunlardan sadece birisi. Emeklilerle ilgili politikam\u0131z var. Emekliler de milli gelir art\u0131\u015f\u0131ndan pay alacaklar. KOB\u0130&#8217;lere s\u0131f\u0131r faizli kredi verece\u011fiz. Do\u011fu ve G\u00fcneydo\u011fu Anadolu ile ilgili projelerimiz var.&#8221;<\/p>\n<p style=\"text-align: justify;\">Ekonominin b\u00fcy\u00fcd\u00fc\u011f\u00fcn\u00fcn s\u00f6ylendi\u011fini ifade eden K\u0131l\u0131\u00e7daro\u011flu, &#8220;\u0130\u015fsizlik art\u0131yor, ekonomi \u00e7ok iyi, yoksulluk art\u0131yor, ekonomi \u00e7ok iyi&#8221; dendi\u011fini belirtti. K\u0131l\u0131\u00e7daro\u011flu, \u015fu andaki ekonomi politikas\u0131n\u0131n sadece para politikas\u0131ndan ibaret oldu\u011funu \u00f6ne s\u00fcrd\u00fc.<\/p>\n<p style=\"text-align: justify;\">T\u00fcrkiye&#8217;nin ekonomisine ili\u015fkin bir di\u011fer soru \u00fczerine de K\u0131l\u0131\u00e7daro\u011flu, &#8220;T\u00fcrkiye&#8217;nin ekonomik b\u00fcy\u00fcmede 15. de\u011fil, 16. s\u0131rada yer ald\u0131\u011f\u0131n\u0131&#8221; ifade ederek, &#8220;1987&#8217;de ka\u00e7\u0131nc\u0131 \u00fclkeydi? 14. \u00fclke&#8221; dedi.<\/p>\n<p style=\"text-align: justify;\">K\u0131br\u0131s sorunuyla ilgili g\u00f6r\u00fc\u015flerinin sorulmas\u0131 \u00fczerine de K\u0131l\u0131\u00e7daro\u011flu, sorunun uzla\u015fmayla \u00e7\u00f6z\u00fclmesinden yana olduklar\u0131n\u0131 vurgulayarak, AB&#8217;nin, KKTC&#8217;ye verdi\u011fi, do\u011frudan ticaret t\u00fcz\u00fc\u011f\u00fcn\u00fc y\u00fcr\u00fcrl\u00fc\u011fe sokaca\u011f\u0131 s\u00f6z\u00fcn\u00fcn arkas\u0131nda olmas\u0131 gerekti\u011fini s\u00f6yledi. K\u0131l\u0131\u00e7daro\u011flu, &#8220;Sorunun \u00e7\u00f6z\u00fcm\u00fcnden yanay\u0131z ama bu \u00e7\u00f6z\u00fcm tek tarafl\u0131 olmamal\u0131. Dayatmayla de\u011fil, uzla\u015fmayla bu sorunun \u00e7\u00f6z\u00fclmesinden yanay\u0131z. BM&#8217;nin de biraz daha aktif olaylar\u0131n i\u00e7erisine girmesini istiyoruz&#8221; diye konu\u015ftu.<\/p>\n<p style=\"text-align: justify;\">K\u0131l\u0131\u00e7daro\u011flu, &#8220;Temel insan haklar\u0131n\u0131 tan\u0131mlar m\u0131s\u0131n\u0131z ve buradan hareketle T\u00fcrkiye laik bir devlet mi&#8221; sorusuna ise \u015fu yan\u0131t\u0131 verdi:<\/p>\n<p style=\"text-align: justify;\">&#8220;BM \u0130nsan Haklar\u0131 S\u00f6zle\u015fmesi&#8217;ni kabul ediyoruz, onun alt\u0131na T\u00fcrkiye Cumhuriyeti de imza koymu\u015f vaziyette. T\u00fcrkiye laik bir devlet mi? Anayasas\u0131nda \u00f6yle yaz\u0131yor, laik, demokratik, sosyal, hukuk devleti yaz\u0131yor. Bana sorarsan\u0131z; &#8216;T\u00fcrkiye Cumhuriyeti laik devlet, ayn\u0131 zamanda sosyal devlet mi?&#8217; Ben, sosyal devlet konusunda endi\u015felerim oldu\u011funu s\u00f6ylerdim. Laiklik konusunda da baz\u0131 endi\u015felerim var. Endi\u015felerim \u015fundan kaynaklan\u0131yor: Biz kurallar\u0131 ihlal ediyoruz zaman zaman. \u0130nan\u00e7lar\u0131, etnik kimlikleri siyasetin oda\u011f\u0131na koyuyoruz. \u0130nan\u00e7, siyaset konusu de\u011fildir, olmamal\u0131d\u0131r. Ki\u015fi ile tanr\u0131 aras\u0131ndaki ili\u015fkiye, manevi duyguya aradan birisinin girmesi m\u00fcmk\u00fcn m\u00fc? Hay\u0131r. Kimsenin elinde b\u00f6yle bir terazi de yok, yetki de yok. O halde, herkesin inanc\u0131na sayg\u0131 g\u00f6sterdi\u011fimiz \u00f6l\u00e7\u00fcde, herkesin inanc\u0131n\u0131 siyasetin oda\u011f\u0131na ta\u015f\u0131mad\u0131\u011f\u0131m\u0131z \u00f6l\u00e7\u00fcde T\u00fcrkiye laik bir devlettir. Ama laiklik kural\u0131 zaman zaman ihlal ediliyor, t\u0131pk\u0131 sosyal devlet kural\u0131 ve hukuk devleti kural\u0131 ihlal edildi\u011fi gibi.&#8221;<\/p>\n<p style=\"text-align: justify;\">CHP&#8217;nin K\u00fcrt sorunuyla ilgili politikas\u0131na ili\u015fkin soru \u00fczerine de K\u0131l\u0131\u00e7daro\u011flu, &#8220;Ben hi\u00e7bir zaman &#8216;K\u00fcrt karde\u015flerimizin sorunu yoktur&#8217; diye bir \u015fey demedim&#8221; dedi ve anadil yasa\u011f\u0131n\u0131n kald\u0131r\u0131lmas\u0131yla ilgili ilk kanun teklifini CHP&#8217;nin verdi\u011fini s\u00f6yledi.<\/p>\n<p style=\"text-align: justify;\">K\u0131l\u0131\u00e7daro\u011flu, bir dinleyicinin CHP&#8217;ye oy veren ki\u015filerin profiliyle ilgili de\u011ferlendirmede bulunmas\u0131 \u00fczerine, &#8220;Zenginlerden oy ald\u0131\u011f\u0131m\u0131z konusunda, samimi s\u00f6yleyeyim benim ciddi endi\u015felerim var. Biz orta kesimden ve beyaz yakal\u0131lardan oy al\u0131yoruz. Zengin kesimlerin son se\u00e7imlerde oylar\u0131n\u0131 a\u011f\u0131rl\u0131kl\u0131 olarak AKP&#8217;ye verdi\u011fini, \u00fc\u00e7 a\u015fa\u011f\u0131 be\u015f yukar\u0131 herkes biliyor&#8221; dedi.<\/p>\n<p style=\"text-align: justify;\">K\u0131l\u0131\u00e7daro\u011flu, &#8220;Kendimizi iyi anlatamad\u0131k, hakl\u0131s\u0131n\u0131z ama ben tabloyu de\u011fi\u015ftirece\u011fim, kararl\u0131y\u0131m. Bir ki\u015fi beni dinlemeye gelse bile gidece\u011fim&#8221; diye konu\u015ftu.<\/p>\n<p style=\"text-align: justify;\">Kat\u0131ld\u0131\u011f\u0131 bir televizyon program\u0131nda &#8220;fa\u015fizme&#8221; ili\u015fkin bir soruya verdi\u011fi yan\u0131t\u0131n hat\u0131rlat\u0131lmas\u0131 ve &#8220;Sizce fa\u015fizmin kriterleri nedir&#8221; diye sorulmas\u0131 \u00fczerine de K\u0131l\u0131\u00e7daro\u011flu, &#8220;T\u00fcrkiye&#8217;de hen\u00fcz, o bizim anlad\u0131\u011f\u0131m\u0131z anlamda bir fa\u015fizmin geldi\u011fine inanm\u0131yorum. Ama hen\u00fcz dedim bak&#8221; ifadesini kulland\u0131.<\/p>\n<p style=\"text-align: justify;\"><strong>KILI\u00c7DARO\u011eLU&#8217;NUN KONU\u015eMASI<\/strong><\/p>\n<p style=\"text-align: justify;\">K\u0131l\u0131\u00e7daro\u011flu, sorulardan \u00f6nce yapt\u0131\u011f\u0131 konu\u015fmada ise siyasetin ekonomiyi y\u00f6nlendirdi\u011fini s\u00f6yleyerek, &#8220;Fakat g\u00fcnl\u00fck i\u015fleyi\u015fe s\u00fcrekli m\u00fcdahale ederek, ekonomiyi i\u015fgal eder pozisyonda olmamal\u0131d\u0131r&#8221; dedi.<\/p>\n<p style=\"text-align: justify;\">Geli\u015fmi\u015flik d\u00fczeyi farkl\u0131 olsa da hemen t\u00fcm \u00fclkelerde, halk\u0131n h\u00fck\u00fcmetlere, yarg\u0131ya, finansal sisteme ve medyaya olan g\u00fcveninin ge\u00e7mi\u015fte oldu\u011fundan daha az oldu\u011funu ifade eden K\u0131l\u0131\u00e7daro\u011flu, &#8220;\u00c7a\u011f\u0131m\u0131z ekonomistlerinin topluma hizmet a\u00e7\u0131s\u0131ndan \u00e7ok \u00f6nemli bir g\u00f6revi vard\u0131r; siyasileri s\u0131nava tutmak ve toplumlar\u0131 ayd\u0131nlatmak&#8221; diye konu\u015ftu.<\/p>\n<p style=\"text-align: justify;\">Konu\u015fmas\u0131nda CHP&#8217;nin ekonomiye bak\u0131\u015f a\u00e7\u0131s\u0131ndan da bahseden K\u0131l\u0131\u00e7daro\u011flu, CHP&#8217;nin ekonomi politikalar\u0131n\u0131 &#8220;\u00fc\u00e7 ana omurga&#8221; \u00fczerine in\u015fa etti\u011fini belirtti. K\u0131l\u0131\u00e7daro\u011flu, bunlar\u0131, sosyal devletin yeniden in\u015fas\u0131 ve aya\u011fa kald\u0131r\u0131lmas\u0131, T\u00fcrkiye ekonomisinin rekabet g\u00fcc\u00fcn\u00fc art\u0131rmak ve ekonomide kal\u0131c\u0131 istikrar\u0131 per\u00e7inlemek olarak s\u0131ralad\u0131.<\/p>\n<p style=\"text-align: justify;\">T\u00fcrkiye&#8217;de &#8220;siyasi iktidar\u0131n giderek otoriter bir yap\u0131ya kayd\u0131\u011f\u0131n\u0131&#8221; s\u00f6yleyen K\u0131l\u0131\u00e7daro\u011flu, \u015f\u00f6yle konu\u015ftu:<\/p>\n<p style=\"text-align: justify;\">&#8220;\u0130lkin ekonomik akt\u00f6rler \u00fczerinde bask\u0131 kuran, bu \u00e7er\u00e7evede i\u015f d\u00fcnyas\u0131n\u0131 vergi ve di\u011fer kamusal denetim mekanizmalar\u0131 ile sindiren iktidar, daha sonra demokrasilerin 4. g\u00fcc\u00fc olan medya \u00fczerinde yine ayn\u0131 y\u00f6ntemle bask\u0131s\u0131n\u0131 kurmu\u015ftur. Bug\u00fcn gelinen noktada en temel hak olan m\u00fclkiyet hakk\u0131 bile Say\u0131n Ba\u015fbakan&#8217;\u0131n iki duda\u011f\u0131 aras\u0131ndad\u0131r.&#8221;<\/p>\n<p style=\"text-align: justify;\">Kemal K\u0131l\u0131\u00e7daro\u011flu&#8217;nun, yar\u0131n temaslar\u0131n\u0131 tamamlayarak, ak\u015fam saatlerinde \u0130ngiltere&#8217;den ayr\u0131lmas\u0131 bekleniyor.<\/p>\n<p style=\"text-align: justify;\"><a href=\"http:\/\/www.gazeteport.com.tr\/SIYASET\/NEWS\/GP_862029\" target=\"_blank\"><span style=\"color: #888888;\">Kaynak : GAZETEPORT<\/span><\/a><\/p>\n","protected":false},"excerpt":{"rendered":"<p style=\"text-align: center;\">\n<p style=\"text-align: justify;\">K\u0131l\u0131\u00e7daro\u011flu, &#8220;Temel insan haklar\u0131n\u0131 tan\u0131mlar m\u0131s\u0131n\u0131z ve buradan hareketle T\u00fcrkiye laik bir devlet mi&#8221; sorusuna, &#8220;BM \u0130nsan Haklar\u0131 S\u00f6zle\u015fmesi&#8217;ni kabul ediyoruz, onun alt\u0131na T\u00fcrkiye Cumhuriyeti de imza koymu\u015f vaziyette. T\u00fcrkiye laik bir devlet mi? Anayasas\u0131nda \u00f6yle yaz\u0131yor, laik, demokratik, sosyal, hukuk devleti yaz\u0131yor. Bana sorarsan\u0131z; &#8216;T\u00fcrkiye Cumhuriyeti laik devlet, ayn\u0131 <\/p>\n","protected":false},"author":1,"featured_media":0,"comment_status":"open","ping_status":"closed","sticky":false,"template":"","format":"standard","meta":{"footnotes":""},"categories":[105],"tags":[],"class_list":["post-28913","post","type-post","status-publish","format-standard","hentry","category-gundem","odd"],"_links":{"self":[{"href":"http:\/\/www.korhanyilmaz.com\/index.php?rest_route=\/wp\/v2\/posts\/28913","targetHints":{"allow":["GET"]}}],"collection":[{"href":"http:\/\/www.korhanyilmaz.com\/index.php?rest_route=\/wp\/v2\/posts"}],"about":[{"href":"http:\/\/www.korhanyilmaz.com\/index.php?rest_route=\/wp\/v2\/types\/post"}],"author":[{"embeddable":true,"href":"http:\/\/www.korhanyilmaz.com\/index.php?rest_route=\/wp\/v2\/users\/1"}],"replies":[{"embeddable":true,"href":"http:\/\/www.korhanyilmaz.com\/index.php?rest_route=%2Fwp%2Fv2%2Fcomments&post=28913"}],"version-history":[{"count":0,"href":"http:\/\/www.korhanyilmaz.com\/index.php?rest_route=\/wp\/v2\/posts\/28913\/revisions"}],"wp:attachment":[{"href":"http:\/\/www.korhanyilmaz.com\/index.php?rest_route=%2Fwp%2Fv2%2Fmedia&parent=28913"}],"wp:term":[{"taxonomy":"category","embeddable":true,"href":"http:\/\/www.korhanyilmaz.com\/index.php?rest_route=%2Fwp%2Fv2%2Fcategories&post=28913"},{"taxonomy":"post_tag","embeddable":true,"href":"http:\/\/www.korhanyilmaz.com\/index.php?rest_route=%2Fwp%2Fv2%2Ftags&post=28913"}],"curies":[{"name":"wp","href":"https:\/\/api.w.org\/{rel}","templated":true}]}}