{"id":28904,"date":"2011-03-01T20:06:42","date_gmt":"2011-03-01T18:06:42","guid":{"rendered":"http:\/\/www.korhanyilmaz.com\/?p=28904"},"modified":"2011-03-01T20:06:42","modified_gmt":"2011-03-01T18:06:42","slug":"adliye-hatirasi","status":"publish","type":"post","link":"http:\/\/www.korhanyilmaz.com\/?p=28904","title":{"rendered":"Adliye hat\u0131ras\u0131"},"content":{"rendered":"<p style=\"text-align: center;\"><a href=\"http:\/\/www.korhanyilmaz.com\/wp-content\/uploads\/2011\/03\/013.jpg\"  class=\"lightview\"><img loading=\"lazy\" decoding=\"async\" class=\"aligncenter size-full wp-image-28905\" src=\"http:\/\/www.korhanyilmaz.com\/wp-content\/uploads\/2011\/03\/013.jpg\" alt=\"\" width=\"449\" height=\"231\" \/><\/a><\/p>\n<p style=\"text-align: justify;\">Erdo\u011fan &#8216;Allah buraya d\u00fc\u015f\u00fcrmesin&#8217; diyorum ama art\u0131k biz diyoruz ki &#8216;ge\u00e7ikmi\u015f adalet adalet de\u011fildir&#8217;.<\/p>\n<p style=\"text-align: justify;\">\u0130STANBUL  &#8211; Ba\u015fbakan Recep Tayyip Erdo\u011fan, &#8221;Adli y\u0131l a\u00e7\u0131l\u0131\u015f\u0131yla birlikte \u0130stanbul Adalet Saray\u0131 fiilen ve hukuken tamam\u0131yla hizmet vermeye ba\u015flayacak&#8221; dedi. <!--more--><\/p>\n<p style=\"text-align: justify;\">Ba\u015fbakan Erdo\u011fan, Fatih Camisi&#8217;nde Necmettin Erbakan&#8217;\u0131n cenaze t\u00f6renine kat\u0131ld\u0131ktan sonra, tamamlanma a\u015famas\u0131nda olan \u00c7a\u011flayan&#8217;daki \u0130stanbul Adalet Saray\u0131&#8217;na geldi. Adalet Bakan\u0131 Sadullah Ergin ve \u0130stanbul Cumhuriyet Ba\u015fsavc\u0131s\u0131 Aykut Cengiz Engin ile birlikte burada yakla\u015f\u0131k 2 saat incelemelerde bulunan Erdo\u011fan, daha sonra gazetecilere a\u00e7\u0131klamada bulundu.<\/p>\n<p style=\"text-align: justify;\">Erdo\u011fan, 4 Mart Cuma g\u00fcn\u00fc saat 14.00&#8217;te \u0130stanbul Adalet Saray\u0131&#8217;n\u0131n resmi a\u00e7\u0131l\u0131\u015f\u0131n\u0131n de\u011fil, Bay\u0131nd\u0131rl\u0131k Bakanl\u0131\u011f\u0131ndan, Adalet Bakanl\u0131\u011f\u0131na teslim t\u00f6renini yapacaklar\u0131n\u0131 s\u00f6yledi.<\/p>\n<p style=\"text-align: justify;\">Bu arada, Ula\u015ft\u0131rma Bakanl\u0131\u011f\u0131n\u0131n yo\u011fun bir \u015fekilde \u00e7evredeki kav\u015fak d\u00fczenlemesi \u00e7al\u0131\u015fmalar\u0131n\u0131 devam ettirdi\u011fini anlatan Erdo\u011fan, di\u011fer adliyelerin buraya ta\u015f\u0131nma s\u00fcrecinin de ba\u015flayaca\u011f\u0131n\u0131 belirtti.<\/p>\n<p style=\"text-align: justify;\">Ba\u015fbakan Erdo\u011fan, daha \u00f6nce miting alan\u0131 olarak kullan\u0131lan \u00c7a\u011flayan Meydan\u0131&#8217;n\u0131n bu projeye planlama ile dahil edilme \u00e7al\u0131\u015fmalar\u0131n\u0131n s\u00fcrd\u00fcr\u00fcld\u00fc\u011f\u00fcn\u00fc vurgulayarak, proje kapsam\u0131nda o alan\u0131n da \u00e7evre d\u00fczenlemesinin ger\u00e7ekle\u015ftirilece\u011fini kaydetti.<\/p>\n<p style=\"text-align: justify;\">\u0130stanbul Adliye Saray\u0131&#8217;n\u0131n alt\u0131nda 2 bin 300 ara\u00e7l\u0131k otopark bulundu\u011funu ifade eden Erdo\u011fan, bunun yan\u0131 s\u0131ra adliyenin kar\u015f\u0131s\u0131nda bulunan alan\u0131n otopark haline getirilece\u011fini dile getirdi. Erdo\u011fan, 1200 ara\u00e7l\u0131k otopark\u0131n kurulaca\u011f\u0131 alan\u0131n da yine bir \u00e7evre d\u00fczenlemesine tabi tutulaca\u011f\u0131n\u0131 aktard\u0131.<\/p>\n<p style=\"text-align: justify;\">Ba\u015fbakan Recep Tayyip Erdo\u011fan, &#8221;B\u00fct\u00fcn bunlar\u0131 adli y\u0131l a\u00e7\u0131l\u0131\u015f\u0131na kadar s\u00fcrd\u00fcrecek ve bunlar\u0131 in\u015fallah tamamlayaca\u011f\u0131z. Adli y\u0131l a\u00e7\u0131l\u0131\u015f\u0131yla birlikte \u0130stanbul Adalet Saray\u0131 fiilen ve hukuken tamam\u0131yla hizmet vermeye ba\u015flayacak&#8221; dedi.<\/p>\n<p style=\"text-align: justify;\">Anadolu yakas\u0131ndaki Kartal Adalet Saray\u0131&#8217;n\u0131n da nisan ay\u0131 sonuna kadar bitirilmesinin planland\u0131\u011f\u0131na i\u015faret eden Erdo\u011fan, b\u00f6ylece \u0130stanbul Adalet Saray\u0131 ile Kartal Adalet Saray\u0131&#8217;n\u0131n, yeni adli y\u0131l\u0131n a\u00e7\u0131l\u0131\u015f\u0131na yeti\u015ftirilmi\u015f olaca\u011f\u0131n\u0131 kaydetti.<\/p>\n<p style=\"text-align: justify;\">Erdo\u011fan, s\u00f6zlerini \u015f\u00f6yle s\u00fcrd\u00fcrd\u00fc:<\/p>\n<p style=\"text-align: justify;\">&#8221;Her ikisinin toplam kapal\u0131 alan\u0131 metrekare itibar\u0131yla Cumhuriyet tarihinde T\u00fcrkiye&#8217;de yap\u0131lan adalet saraylar\u0131n\u0131n toplam metrekaresinden daha fazla, b\u00f6yle bir \u00f6zelli\u011fi de var. Her \u015feyden evvel \u00e7ok modern, bir\u00e7ok eksikler giderilmi\u015f vaziyette. Gerek hakim gerek savc\u0131lar\u0131m\u0131z\u0131n fiziki mekan olarak \u00e7ok rahat imkanlara kavu\u015ftu\u011fu, b\u00fct\u00fcn katip ve katibelerin \u00e7ok rahat \u00e7al\u0131\u015fma imkan\u0131na kavu\u015ftu\u011fu, tutuklular\u0131n rahatl\u0131kla gelip gidecekleri, yani ara\u00e7lar\u0131n tutukluyu indirdi\u011fi noktada duru\u015fma salonuna kadar gerek merdivenle gerek asans\u00f6rle \u00e7\u0131kmalar\u0131na var\u0131ncaya kadar hepsi gayet g\u00fczel bir \u015fekilde d\u00fczenlenmi\u015f durumda.<\/p>\n<p style=\"text-align: justify;\">Bu \u015fekilde bir s\u00fcreci \u0130stanbul Adalet Saray\u0131m\u0131zla, Kartal Adalet Saray\u0131m\u0131zla ya\u015fam\u0131\u015f olaca\u011f\u0131z. Ben gerek Adalet Bakan\u0131m\u0131z\u0131, gerek Bay\u0131nd\u0131rl\u0131k Bakan\u0131m\u0131za gerek \u00e7al\u0131\u015fmalar\u0131 devam eden Ula\u015ft\u0131rma Bakan\u0131m\u0131za, y\u00fcklenici firma Varyap&#8217;a s\u00f6z verdi\u011fi s\u00fcre i\u00e7inde buray\u0131 tamamlamas\u0131 sebebiyle ayr\u0131ca ba\u015fta \u0130stanbul Ba\u015fsavc\u0131m\u0131z olmak \u00fczere t\u00fcm eme\u011fi ge\u00e7en arkada\u015flar\u0131ma huzurlar\u0131n\u0131zda \u00e7ok \u00e7ok te\u015fekk\u00fcr ediyorum. Ba\u015far\u0131lar\u0131n\u0131n artarak devam\u0131n\u0131 dilerken, tabi &#8216;Allah buraya d\u00fc\u015f\u00fcrmesin&#8217; diyorum ama art\u0131k biz diyoruz ki &#8216;ge\u00e7ikmi\u015f adalet adalet de\u011fildir&#8217;. \u0130\u015fte bu fiziki mekanlar\u0131 da gecikmi\u015f adalet olmas\u0131n diye tesis ettik, hay\u0131rl\u0131 olsun.&#8221;<\/p>\n<p style=\"text-align: justify;\"><a href=\"http:\/\/www.gazeteport.com.tr\/GUNCEL\/NEWS\/GP_861974\" target=\"_blank\"><span style=\"color: #888888;\">Kaynak : GAZETEPORT<\/span><\/a><\/p>\n","protected":false},"excerpt":{"rendered":"<p style=\"text-align: center;\">\n<p style=\"text-align: justify;\">Erdo\u011fan &#8216;Allah buraya d\u00fc\u015f\u00fcrmesin&#8217; diyorum ama art\u0131k biz diyoruz ki &#8216;ge\u00e7ikmi\u015f adalet adalet de\u011fildir&#8217;.<\/p>\n<p style=\"text-align: justify;\">\u0130STANBUL &#8211; Ba\u015fbakan Recep Tayyip Erdo\u011fan, &#8221;Adli y\u0131l a\u00e7\u0131l\u0131\u015f\u0131yla birlikte \u0130stanbul Adalet Saray\u0131 fiilen ve hukuken tamam\u0131yla hizmet vermeye ba\u015flayacak&#8221; dedi. <\/p>\n","protected":false},"author":1,"featured_media":0,"comment_status":"open","ping_status":"closed","sticky":false,"template":"","format":"standard","meta":{"footnotes":""},"categories":[105],"tags":[],"class_list":["post-28904","post","type-post","status-publish","format-standard","hentry","category-gundem","odd"],"_links":{"self":[{"href":"http:\/\/www.korhanyilmaz.com\/index.php?rest_route=\/wp\/v2\/posts\/28904","targetHints":{"allow":["GET"]}}],"collection":[{"href":"http:\/\/www.korhanyilmaz.com\/index.php?rest_route=\/wp\/v2\/posts"}],"about":[{"href":"http:\/\/www.korhanyilmaz.com\/index.php?rest_route=\/wp\/v2\/types\/post"}],"author":[{"embeddable":true,"href":"http:\/\/www.korhanyilmaz.com\/index.php?rest_route=\/wp\/v2\/users\/1"}],"replies":[{"embeddable":true,"href":"http:\/\/www.korhanyilmaz.com\/index.php?rest_route=%2Fwp%2Fv2%2Fcomments&post=28904"}],"version-history":[{"count":0,"href":"http:\/\/www.korhanyilmaz.com\/index.php?rest_route=\/wp\/v2\/posts\/28904\/revisions"}],"wp:attachment":[{"href":"http:\/\/www.korhanyilmaz.com\/index.php?rest_route=%2Fwp%2Fv2%2Fmedia&parent=28904"}],"wp:term":[{"taxonomy":"category","embeddable":true,"href":"http:\/\/www.korhanyilmaz.com\/index.php?rest_route=%2Fwp%2Fv2%2Fcategories&post=28904"},{"taxonomy":"post_tag","embeddable":true,"href":"http:\/\/www.korhanyilmaz.com\/index.php?rest_route=%2Fwp%2Fv2%2Ftags&post=28904"}],"curies":[{"name":"wp","href":"https:\/\/api.w.org\/{rel}","templated":true}]}}