{"id":28901,"date":"2011-03-01T18:55:30","date_gmt":"2011-03-01T16:55:30","guid":{"rendered":"http:\/\/www.korhanyilmaz.com\/?p=28901"},"modified":"2011-03-01T18:55:30","modified_gmt":"2011-03-01T16:55:30","slug":"bdpli-kisanak-dokulecek-her-damla-kanin-sorumlusu-erdogandir","status":"publish","type":"post","link":"http:\/\/www.korhanyilmaz.com\/?p=28901","title":{"rendered":"BDP&#8217;li K\u0131\u015fanak: D\u00f6k\u00fclecek her damla kan\u0131n sorumlusu Erdo\u011fan&#8217;d\u0131r"},"content":{"rendered":"<p style=\"text-align: center;\"><a href=\"http:\/\/www.korhanyilmaz.com\/wp-content\/uploads\/2011\/03\/012.jpg\"  class=\"lightview\"><img loading=\"lazy\" decoding=\"async\" class=\"aligncenter size-full wp-image-28902\" src=\"http:\/\/www.korhanyilmaz.com\/wp-content\/uploads\/2011\/03\/012.jpg\" alt=\"\" width=\"320\" height=\"214\" \/><\/a><\/p>\n<p style=\"text-align: justify;\">BDP Genel Ba\u015fkan Yard\u0131mc\u0131s\u0131 G\u00fcltan K\u0131\u015fanak, ter\u00f6r \u00f6rg\u00fct\u00fc PKK&#8217;n\u0131n tek tarafla eylemsizli\u011fi sonland\u0131rma karar\u0131n\u0131 de\u011ferlendirdi.<\/p>\n<p style=\"text-align: justify;\">S\u0130LOP\u0130- BDP Genel Ba\u015fkan Yard\u0131mc\u0131s\u0131 G\u00fcltan K\u0131\u015fanak, ter\u00f6r \u00f6rg\u00fct\u00fc PKK\u2019n\u0131n tek tarafla eylemsizli\u011fi sonland\u0131rma karar\u0131n\u0131 de\u011ferlendirirken, &#8220;Bundan sonra bu topraklarda her damla kan\u0131n sorumlusu Tayip Erdo\u011fan\u2019d\u0131r. Topra\u011fa d\u00fc\u015fen her can\u0131n katili Tayyip Erdo\u011fan\u2019d\u0131r&#8221; dedi. <!--more--><\/p>\n<p style=\"text-align: justify;\">Silopi\u2019de Demokratik \u00d6zg\u00fcr Kad\u0131n Hareketi, \u00f6nc\u00fcl\u00fc\u011f\u00fcnde 8 Mart D\u00fcnya Kad\u0131nlar G\u00fcn\u00fc etkinlikleri kapsam\u0131nda kad\u0131nlar y\u00fcr\u00fcy\u00fc\u015f d\u00fczenledi. Y\u00fcr\u00fcy\u00fc\u015fe BDP Genel Ba\u015fkan Yard\u0131mc\u0131s\u0131 G\u00fcltan K\u0131\u015fanak, miletvekilleri Ayla Akat Ata, Pervin Buldan, Uludere Belediye Ba\u015fkan\u0131 \u015e\u00fckran Sincar ile \u00e7evre il ve il\u00e7elerden gelen yakla\u015f\u0131k 250 kad\u0131n kat\u0131ld\u0131. Y\u00f6resel k\u0131yafetler giyen kad\u0131nlar, davul zurna e\u015fli\u011finde halaylar \u00e7ekip, Abdullah \u00d6calan lehine sloganlar att\u0131.<\/p>\n<p style=\"text-align: justify;\">Nevruz Meydan\u0131\u2019nda d\u00fczenlenecek mitinge kat\u0131lan kad\u0131nlar, s\u0131k\u0131 aramadan ge\u00e7irildi. Polislerin ald\u0131\u011f\u0131 \u00f6nlemleri fazla bulan G\u00fcltan K\u0131\u015fanak ile Ayla Akat Ata, bir s\u00fcre polis m\u00fcd\u00fcrleriyle tart\u0131\u015ft\u0131. Erkeklerin al\u0131nmad\u0131\u011f\u0131 mitingte K\u0131\u015fanak, &#8220;Botan\u2019\u0131n \u00f6zg\u00fcrl\u00fck sevdal\u0131s\u0131 kad\u0131nlar\u0131, g\u00fcne\u015fin yolda\u015f\u0131 kad\u0131nlar sizleri sayg\u0131yla sevgiyle selaml\u0131yorum. Ben \u015fimdi sizlerin huzurunda hepimiz ad\u0131na bizleri bug\u00fcnlere kadar getiren \u015fehitlerimizi, kad\u0131n yolda\u015flar\u0131m\u0131z\u0131 \u00f6n\u00fcnde sayg\u0131yla e\u011filiyor ve onlara minnetlerimizi \u015f\u00fckranlar\u0131m\u0131z\u0131 sunuyorum&#8221; diyerek konu\u015fmas\u0131na ba\u015flad\u0131. K\u0131\u015fanak, &#8220;Biz kad\u0131nlar erkek egemenli\u011fe sahip bu devlet zihniyetini o erkek egemenlikli zihniyeti yerle bir edinceye kadar m\u00fccadele edece\u011fiz. \u0130nkar edenlere, dilimizi kabul etmeyenlere en g\u00fc\u00e7l\u00fc cevab\u0131 biz kad\u0131nlar vermeliyiz. Biz kad\u0131nlar \u00f6ylesine g\u00fc\u00e7l\u00fc m\u00fccadele y\u00fcr\u00fctmeliyiz ki 2011 y\u0131l\u0131n\u0131 bar\u0131\u015f\u0131n ve \u00f6zg\u00fcrl\u00fc\u011f\u00fcn y\u0131l\u0131 yapal\u0131m. Bu m\u00fccadeleyi biz \u00fcstlenmeliyiz en b\u00fcy\u00fck sorumluluk bizimdir.&#8221;<\/p>\n<p style=\"text-align: justify;\"><strong>BA\u015eBAKAN, B\u0130Z\u0130M BA\u015eBAKANIMIZ OLAMAZ<\/strong><\/p>\n<p style=\"text-align: justify;\">K\u0131\u015fanak, Ba\u015fbakan Recep Tayyip Erdo\u011fan\u2019\u0131n Almanya ziyaretine ili\u015fkin de\u011ferlendirmede bulunurken, &#8220;AKP h\u00fck\u00fcmetinin tutumu ortada Ba\u015fbakan Almanya\u2019ya gidip oradaki T\u00fcrklere \u00f6nce T\u00fcrk\u00e7e \u00f6\u011frenin diyor, bize gelince de K\u00fcrt\u00e7eyi unutun, hayat\u0131n her alan\u0131nda T\u00fcrk\u00e7e \u00f6\u011frenin diyor. Bizi temsil edemez, bizim dilimizi kabul etmeyen, benim milletimin dili tektir diyen, K\u00fcrt\u00e7eyi kulland\u0131\u011f\u0131m\u0131z i\u00e7in bizi cezaevine t\u0131kan Ba\u015fbakan bizim Ba\u015fbakan\u0131m\u0131z olamaz. O gitsin Merkel\u2019in Ba\u015fbakan yard\u0131mc\u0131s\u0131 olsun, oradaki T\u00fcrklerin haklar\u0131n\u0131 korusun&#8221; dedi.<\/p>\n<p style=\"text-align: justify;\"><strong>D\u00d6K\u00dcLECEK KANIN SORUMLUSU ERDO\u011eAN\u2019DIR<\/strong><\/p>\n<p style=\"text-align: justify;\">K\u0131\u015fanak, PKK\u2019n\u0131n eylemsizlik karar\u0131 s\u00fcrecini bo\u015fa \u00e7\u0131karmak i\u00e7in u\u011fra\u015f\u0131ld\u0131\u011f\u0131n\u0131 ve d\u00fcn PKK\u2019n\u0131n yapt\u0131\u011f\u0131 a\u00e7\u0131klamayla eylemsizlik s\u00fcrecinin bir anlam\u0131 kalmad\u0131\u011f\u0131n\u0131 s\u00f6yledi. K\u0131\u015fanak, \u015f\u00f6yle dedi:<\/p>\n<p style=\"text-align: justify;\"><strong>SEN K\u0130M OLUYORSUN CEM\u0130L \u00c7\u0130\u00c7EK<\/strong><\/p>\n<p style=\"text-align: justify;\">&#8220;Bundan sonra bu topraklarda her damla kan\u0131n sorumlusu Tayip Erdo\u011fan\u2019d\u0131r. Topra\u011fa d\u00fc\u015fen her can\u0131n katili Tayyip Erdo\u011fan\u2019d\u0131r. B\u00fct\u00fcn bask\u0131larda, \u015fiddet s\u00fcre\u00e7lerinden tek sorumlu olan Cemil \u00c7i\u00e7ek diyor ki \u2019biz pazarl\u0131k yapmay\u0131z.\u2019 Hadi oradan, hadi oradan sen kimsin ki bizimle pazarl\u0131k yapacaks\u0131n. Bir milletin dili, k\u00fclt\u00fcr\u00fc zaten pazarl\u0131k konusu olamaz. Sen kimsin bizimle pazarl\u0131k yapacaks\u0131n. Biz meydanlarda direne direne bu haklar\u0131m\u0131z\u0131 kazanaca\u011f\u0131z. \u00d6zg\u00fcrl\u00fc\u011fe y\u00fcr\u00fcyece\u011fiz, demokratik \u00f6zerk K\u00fcrdistan\u2019\u0131 in\u015fa edece\u011fiz. Sen kim oluyorsun da bizi durduracaks\u0131n. Kim oluyorsun Cemil \u00c7icek. Ne haddine Cemil \u00c7icek, K\u00fcrt halk\u0131 ile pazarl\u0131k yapmak, biz senden hesap soraca\u011f\u0131z. Ortado\u011fu\u2019nun d\u00f6rt bir yan\u0131nda halk zulme kar\u015f\u0131 direniyor ama iki y\u00fczl\u00fc Ba\u015fbakan onlar\u0131n direni\u015fi hakl\u0131d\u0131r deyip bizi de cezaevlerine t\u0131k\u0131yor. Bizi de coplarla, panzerlerle durdurmaya \u00e7al\u0131\u015f\u0131yor. 2011 se\u00e7imlerinde biz kad\u0131nlar bu iki y\u00fczl\u00fcl\u00fc\u011f\u00fcn maskesini d\u00fc\u015f\u00fcrece\u011fiz.&#8221;<\/p>\n<p style=\"text-align: justify;\"><a href=\"http:\/\/www.radikal.com.tr\/Radikal.aspx?aType=RadikalDetayV3&amp;ArticleID=1041555&amp;Date=01.03.2011&amp;CategoryID=78\" target=\"_blank\"><span style=\"color: #888888;\">Kaynak : Radikal<\/span><\/a><\/p>\n","protected":false},"excerpt":{"rendered":"<p style=\"text-align: center;\">\n<p style=\"text-align: justify;\">BDP Genel Ba\u015fkan Yard\u0131mc\u0131s\u0131 G\u00fcltan K\u0131\u015fanak, ter\u00f6r \u00f6rg\u00fct\u00fc PKK&#8217;n\u0131n tek tarafla eylemsizli\u011fi sonland\u0131rma karar\u0131n\u0131 de\u011ferlendirdi.<\/p>\n<p style=\"text-align: justify;\">S\u0130LOP\u0130- BDP Genel Ba\u015fkan Yard\u0131mc\u0131s\u0131 G\u00fcltan K\u0131\u015fanak, ter\u00f6r \u00f6rg\u00fct\u00fc PKK\u2019n\u0131n tek tarafla eylemsizli\u011fi sonland\u0131rma karar\u0131n\u0131 de\u011ferlendirirken, &#8220;Bundan sonra bu topraklarda her damla kan\u0131n sorumlusu Tayip Erdo\u011fan\u2019d\u0131r. Topra\u011fa d\u00fc\u015fen her can\u0131n katili Tayyip Erdo\u011fan\u2019d\u0131r&#8221; <\/p>\n","protected":false},"author":1,"featured_media":0,"comment_status":"open","ping_status":"closed","sticky":false,"template":"","format":"standard","meta":{"footnotes":""},"categories":[105],"tags":[],"class_list":["post-28901","post","type-post","status-publish","format-standard","hentry","category-gundem","odd"],"_links":{"self":[{"href":"http:\/\/www.korhanyilmaz.com\/index.php?rest_route=\/wp\/v2\/posts\/28901","targetHints":{"allow":["GET"]}}],"collection":[{"href":"http:\/\/www.korhanyilmaz.com\/index.php?rest_route=\/wp\/v2\/posts"}],"about":[{"href":"http:\/\/www.korhanyilmaz.com\/index.php?rest_route=\/wp\/v2\/types\/post"}],"author":[{"embeddable":true,"href":"http:\/\/www.korhanyilmaz.com\/index.php?rest_route=\/wp\/v2\/users\/1"}],"replies":[{"embeddable":true,"href":"http:\/\/www.korhanyilmaz.com\/index.php?rest_route=%2Fwp%2Fv2%2Fcomments&post=28901"}],"version-history":[{"count":0,"href":"http:\/\/www.korhanyilmaz.com\/index.php?rest_route=\/wp\/v2\/posts\/28901\/revisions"}],"wp:attachment":[{"href":"http:\/\/www.korhanyilmaz.com\/index.php?rest_route=%2Fwp%2Fv2%2Fmedia&parent=28901"}],"wp:term":[{"taxonomy":"category","embeddable":true,"href":"http:\/\/www.korhanyilmaz.com\/index.php?rest_route=%2Fwp%2Fv2%2Fcategories&post=28901"},{"taxonomy":"post_tag","embeddable":true,"href":"http:\/\/www.korhanyilmaz.com\/index.php?rest_route=%2Fwp%2Fv2%2Ftags&post=28901"}],"curies":[{"name":"wp","href":"https:\/\/api.w.org\/{rel}","templated":true}]}}