{"id":28886,"date":"2011-03-01T14:21:31","date_gmt":"2011-03-01T12:21:31","guid":{"rendered":"http:\/\/www.korhanyilmaz.com\/?p=28886"},"modified":"2011-03-01T14:21:31","modified_gmt":"2011-03-01T12:21:31","slug":"siyasetin-hocasina-veda","status":"publish","type":"post","link":"http:\/\/www.korhanyilmaz.com\/?p=28886","title":{"rendered":"Siyasetin hocas\u0131na veda"},"content":{"rendered":"<p style=\"text-align: center;\"><a href=\"http:\/\/www.korhanyilmaz.com\/wp-content\/uploads\/2011\/03\/008.jpg\"  class=\"lightview\"><img loading=\"lazy\" decoding=\"async\" class=\"aligncenter size-full wp-image-28887\" src=\"http:\/\/www.korhanyilmaz.com\/wp-content\/uploads\/2011\/03\/008.jpg\" alt=\"\" width=\"414\" height=\"219\" \/><\/a><\/p>\n<p style=\"text-align: justify;\">Ankara&#8217;da \u00f6nceki g\u00fcn ya\u015fam\u0131n\u0131 yitiren Erbakan i\u00e7in sabah ilk t\u00f6ren Ankara&#8217;da d\u00fczenlendi. Ankara&#8217;daki t\u00f6renin ard\u0131ndan Erbakan&#8217;\u0131n cenazesi u\u00e7akla \u0130stanbul&#8217;a getirildi.<\/p>\n<p style=\"text-align: justify;\">Cenaze Fatih Camisi&#8217;ne getirilmesi s\u0131ras\u0131nda b\u00fcy\u00fck bir izdiham ya\u015fand\u0131. Cenazeye kat\u0131lanlar aras\u0131nda Cumhurba\u015fkan\u0131 G\u00fcl, Ba\u015fbakan Erdo\u011fan, 1. Ordu Komutan\u0131 Orgeneral Hayri K\u0131vr\u0131ko\u011flu&#8217;nun yan\u0131 s\u0131ra CHP, BDP, T\u00fcrkiye Caferileri ve D\u00fcnya Ehlibeyt Vakf\u0131&#8217;ndan kat\u0131l\u0131m oldu. <!--more--><\/p>\n<p style=\"text-align: justify;\">Fatih Camii&#8217;nden Merkez Efendi Mezarl\u0131\u011f\u0131&#8217;na izdiham nedeniyle 2.5 saatte g\u00f6t\u00fcr\u00fclen cenaze, g\u00f6zya\u015flar\u0131 aras\u0131nda topra\u011fa verildi.<\/p>\n<p style=\"text-align: justify;\">ANKARA- Ankara&#8217;da sabah namaz\u0131n\u0131n k\u0131l\u0131nmas\u0131n\u0131n ard\u0131ndan Erbakan&#8217;\u0131n cenazesi cami avlusuna getirildi. Daha sonra k\u0131l\u0131nan cenaze namaz\u0131na Devlet Bakan\u0131 ve Ba\u015fbakan Yard\u0131mc\u0131s\u0131 Ali Babacan, Devlet Bakan\u0131 Faruk Nafiz \u00d6zak, \u0130\u00e7i\u015fleri Bakan\u0131 Be\u015fir Atalay, Sa\u011fl\u0131k Bakan\u0131 Recep Akda\u011f, Enerji ve Tabii Kaynaklar Bakan\u0131 Taner Y\u0131ld\u0131z, Cumhurba\u015fkanl\u0131\u011f\u0131 Genel Sekreteri Mustafa \u0130sen, Ba\u015fbakanl\u0131k M\u00fcste\u015far\u0131 Efkan Ala, Merkez Bankas\u0131 Ba\u015fkan\u0131 Durmu\u015f Y\u0131lmaz, Ankara Valisi Alaaddin Y\u00fcksel, Ankara B\u00fcy\u00fck\u015fehir Belediye Ba\u015fkan\u0131 Melih G\u00f6k\u00e7ek, pek \u00e7ok milletvekili, Saadet Partisi y\u00f6neticisi, partililer ve sevenleri kat\u0131ld\u0131.<\/p>\n<p style=\"text-align: justify;\">Erbakan&#8217;\u0131n naa\u015f\u0131 Hac\u0131 Bayram-\u0131 Veli Camisinde k\u0131l\u0131nan cenaze namaz\u0131n\u0131n ard\u0131ndan \u00f6zel ambulansla Esenbo\u011fa Havaliman&#8217;\u0131na getirildi. Erbakan&#8217;\u0131n tabutu havaliman\u0131nda bulunan polislerin omuzlar\u0131nda ta\u015f\u0131narak u\u00e7a\u011fa al\u0131nd\u0131. Daha sonra yolcular\u0131 aras\u0131nda Erbakan&#8217;\u0131n o\u011flu Fatih Erbakan, k\u0131zlar\u0131 Zeynep Bayko\u00e7 ve Elif Erbakan Alt\u0131n\u00f6z, damatlar\u0131 Mehmet Alt\u0131n\u00f6z, Faruk Bayko\u00e7, yak\u0131n \u00e7al\u0131\u015fma arkada\u015flar\u0131 ve eski milletvekillerinin de bulundu\u011fu u\u00e7ak saat 08.20&#8217;de \u0130stanbul&#8217;a hareket etti.<\/p>\n<p style=\"text-align: justify;\"><strong>FAT\u0130H CAM\u0130\u0130&#8217;NDE<\/strong><\/p>\n<p style=\"text-align: justify;\">Atatark Havaliman\u0131&#8217;ndan \u0130stanbul B\u00fcy\u00fck\u015fehir Belediyesi Mezarl\u0131klar M\u00fcd\u00fcrl\u00fc\u011f\u00fcne ait cenaze nakil arac\u0131na konulan Erbakan&#8217;\u0131n cenazesi, k\u00fc\u00e7\u00fck bir konvoy e\u015fli\u011finde trafi\u011fe kapat\u0131lan sahil yolu g\u00fczergah\u0131ndan Fatih Camisi&#8217;ne getirildi. Bu s\u0131rada cami \u00e7evresinde bekleyen vatanda\u015flar ve partililer, g\u00f6zya\u015flar\u0131 e\u015fli\u011finde tekbirler getirerek cenazeyi kar\u015f\u0131lad\u0131. Cenaze arac\u0131, cami \u00e7evresinde ya\u015fanan izdiham nedeniyle avluya giri\u015f yapmak \u00fczere bekliyor.<\/p>\n<p style=\"text-align: justify;\">Cenazenin geli\u015fini bekleyen g\u00fcvenlik g\u00fc\u00e7leri ve Saadet Partili gen\u00e7ler, g\u00fcvenlik koridoru olu\u015fturdu. \u00d6te yandan,  Fatih Camisi&#8217;nin ana kap\u0131s\u0131, g\u00fcvenlik g\u00fc\u00e7leri taraf\u0131ndan yayalardan ar\u0131nd\u0131r\u0131ld\u0131. Caminin bulundu\u011fu caddeye giren ara sokaklarda da g\u00fcvenlik g\u00fc\u00e7leri barikat olu\u015fturdu.<\/p>\n<p style=\"text-align: justify;\"><strong>CENAZES\u0130 MUSALLA TA\u015eINDA<\/strong><\/p>\n<p style=\"text-align: justify;\">Erbakan&#8217;\u0131n cenazesinin, Fatih Camisi&#8217;nde musalla ta\u015f\u0131na konulmas\u0131n\u0131n ard\u0131ndan, Kuran-\u0131 Kerim okunmaya ba\u015fland\u0131.<\/p>\n<p style=\"text-align: justify;\">Erbakan&#8217;\u0131n cenaze namaz\u0131n\u0131n k\u0131l\u0131naca\u011f\u0131 caminin avlusu ve yollar, sevenleriyle dolup ta\u015ft\u0131. Caminin protokol giri\u015fi yolunun iki taraf\u0131nda Saadet Partisi \u0130stanbul Gen\u00e7lik Kollar\u0131 \u00fcyeleri kol kola girerek bariyer olu\u015fturdu. Bu yol \u00fczerine Saadet Partisi taraf\u0131ndan &#8221;Milletimizin ba\u015f\u0131 sa\u011fo\u011flsun, mekan\u0131n cennet olsun&#8221; ve &#8221;Mavi Marmara senin miras\u0131n&#8221; yaz\u0131l\u0131 pankartlar as\u0131ld\u0131.<\/p>\n<p style=\"text-align: justify;\">Protokol kap\u0131s\u0131ndan giri\u015flere izin verilmezken, cenazeye kat\u0131lanlar caminin di\u011fer kap\u0131s\u0131ndan giri\u015f yap\u0131yor. Necmettin Erbakan&#8217;\u0131n naa\u015f\u0131n\u0131n saat 10.00&#8217;da camiye getirilmesiyle protokol giri\u015finde izdiham ya\u015fand\u0131. Mikrofonla vatanda\u015flar\u0131 s\u00fcrekli uyaran bir partili, &#8221;Hocay\u0131 g\u00f6r\u00fcnce kimse \u00f6ne do\u011fru ad\u0131m atmas\u0131n. 100 ki\u015fiyle izdiham yaratmayal\u0131m. Hocaya yak\u0131\u015fan bir cenaze olsun&#8221; diye anons etti.<\/p>\n<p style=\"text-align: justify;\">Erbakan&#8217;\u0131n k\u0131z\u0131 Elif Erbakan Alt\u0131n\u00f6z e\u015fi Mehmet Alt\u0131n\u00f6z&#8217;le, k\u0131z\u0131 Zeynep Erbakan Bayko\u00e7 e\u015fi Faruk Bayko\u00e7&#8217;la, o\u011flu Fatih Erbakan da e\u015fi Beyza Erbakan ile birlikte musalla ta\u015f\u0131na konulmas\u0131yla birlikte cenazenin ba\u015f\u0131nda beklemeye ba\u015flad\u0131. Cenaze merasiminde, 2003 y\u0131l\u0131ndaki Kuran-\u0131 Kerim&#8217;i G\u00fczel Okuma Yar\u0131\u015fmas\u0131&#8217;nda birinci olan Ahmet Karal\u0131, Kur&#8217;an-\u0131 Kerim okuyor.<\/p>\n<p style=\"text-align: justify;\">Caminin avlusunda kad\u0131n ve erkekler ayr\u0131 ayr\u0131 b\u00f6l\u00fcmlerde saf tutmaya ba\u015flad\u0131. Erbakan&#8217;\u0131n cenazesinin de bulundu\u011fu avlunun birinci b\u00f6l\u00fcm\u00fc protokol i\u00e7in ayr\u0131l\u0131rken, di\u011fer iki b\u00f6l\u00fcme de vatanda\u015flar al\u0131n\u0131yor. Caminin ana giri\u015fine, Saadet Partisi Eski\u015fehir Gen\u00e7lik Kollar\u0131 taraf\u0131ndan &#8221;Sevinme ey siyonist bir \u00f6l\u00fcr bin diriliriz&#8221;, Mamak Gen\u00e7lik Kollar\u0131 taraf\u0131ndan da &#8221;\u015eahidiz, \u015fahidiz, \u015fahidiz, yolun yolumuzdur savunan adam&#8221; yaz\u0131l\u0131 pankart as\u0131ld\u0131.<\/p>\n<p style=\"text-align: justify;\">Cenaze t\u00f6renini Anadolu Ajans\u0131 ve TRT canl\u0131 olarak yay\u0131nlarken, di\u011fer televizyon kanallar\u0131 da 3G yay\u0131n yap\u0131yor. Bu arada, Fatih Belediyesi kat\u0131l\u0131mc\u0131lara \u00e7ay ve su ikram\u0131nda bulunuyor.<\/p>\n<p style=\"text-align: justify;\"><strong>CENAZEYE HER \u00c7EVREDEN B\u00dcY\u00dcK KATILIM<\/strong><\/p>\n<p style=\"text-align: justify;\">KKTC Cumhurba\u015fkan\u0131 Dervi\u015f Ero\u011flu, Devlet Bakan\u0131 ve Ba\u015fbakan Yard\u0131mc\u0131lar\u0131 B\u00fclent Ar\u0131n\u00e7 ile Cemil \u00c7i\u00e7ek ve baz\u0131 bakanlar, 1. Ordu Komutan\u0131 Orgeneral Hayri K\u0131vr\u0131ko\u011flu, siyasi parti genel ba\u015fkanlar\u0131 da Saadet Partisi Genel Ba\u015fkan\u0131 ve eski ba\u015fbakanlardan ve Necmettin Erbakan&#8217;\u0131n cenaze namaz\u0131n\u0131n k\u0131l\u0131naca\u011f\u0131 Fatih Camisi&#8217;ne geldi.<\/p>\n<p style=\"text-align: justify;\">Erbakan i\u00e7in cenaze namaz\u0131n\u0131n k\u0131l\u0131naca\u011f\u0131 Fatih Camisi&#8217;ne, Cumhurba\u015fkan\u0131 Abdullah G\u00fcl, TBMM Ba\u015fkan\u0131 Mehmet Ali \u015eahin, Ba\u015fbakan Recep Tayyip Erdo\u011fan&#8217;\u0131n d\u0131\u015f\u0131nda KKTC Cumhurba\u015fkan\u0131 Dervi\u015f Ero\u011flu, KKTC Cumhuriyet Meclisi Ba\u015fkan\u0131 Hasan Bozer, KKTC Ba\u015fbakan\u0131 \u0130rsen K\u00fc\u00e7\u00fck, Devlet Bakan\u0131 ve Ba\u015fbakan Yard\u0131mc\u0131lar\u0131 B\u00fclent Ar\u0131n\u00e7 ve Cemil \u00c7i\u00e7ek, 1. Ordu Komutan\u0131 Orgeneral Hayri K\u0131vr\u0131ko\u011flu ve \u00fcst d\u00fczey komutanlar\u0131n yan\u0131 s\u0131ra Adalet Bakan\u0131 Sadullah Ergin, \u00c7evre ve Orman Bakan\u0131 Veysel Ero\u011flu, Devlet Bakan\u0131 Faruk \u00c7elik, K\u00fclt\u00fcr ve Turizm Bakan\u0131 Ertu\u011frul G\u00fcnay, Tar\u0131m ve K\u00f6yi\u015fleri Bakan\u0131 Mehmet Mehdi Eker, Maliye Bakan\u0131 Mehmet \u015eim\u015fek, eski Enerji ve Tabii Kaynaklar Bakan\u0131 Hilmi G\u00fcler ile hac protokol\u00fc dolay\u0131s\u0131yla Suudi Arabistan&#8217;a yapt\u0131\u011f\u0131 ziyareti yar\u0131da kesen Diyanet \u0130\u015fleri Ba\u015fkan\u0131 Mehmet G\u00f6rmez&#8217;in geldi\u011fi g\u00f6r\u00fcld\u00fc.<\/p>\n<p style=\"text-align: justify;\">T\u00f6rene ayr\u0131ca \u0130stanbul Valisi H\u00fcseyin Avni Mutlu, MHP Genel Ba\u015fkan\u0131 Devlet Bah\u00e7eli, T\u00fcrkiye Partisi Genel Ba\u015fkan\u0131 Abd\u00fcllatif \u015eener, HAS Parti Genel Ba\u015fkan\u0131 Numan Kurtulmu\u015f, eski ba\u015fbakanlardan Tansu \u00c7iller, eski bakanlardan Mehmet A\u011far ve H\u00fcsamettin \u00d6zkan, AK Parti Genel Ba\u015fkan Yard\u0131mc\u0131lar\u0131 Abdulkadir Aksu, Salih Kapusuz ve H\u00fcseyin Tanr\u0131verdi, CHP Genel Ba\u015fkan Yard\u0131mc\u0131s\u0131 Hur\u015fit G\u00fcne\u015f, CHP Milletvekili Deniz Baykal, BDP Milletvekili S\u0131rr\u0131 Sak\u0131k, \u0130stanbul Ba\u011f\u0131ms\u0131z Milletvekili \u0130lhan Kesici, \u0130stanbul B\u00fcy\u00fck\u015fehir Belediye Ba\u015fkan\u0131 Kadir Topba\u015f, Ankara B\u00fcy\u00fck\u015fehir Belediye Ba\u015fkan\u0131 Melih G\u00f6k\u00e7ek, eski \u0130stanbul B\u00fcy\u00fck\u015fehir Belediye Ba\u015fkan\u0131 Ali M\u00fcfit G\u00fcrtuna, \u015ei\u015fli Belediye Ba\u015fkan\u0131 Mustafa Sar\u0131g\u00fcl, T\u00fcrkiye Caferileri Lideri Selahattin \u00d6zg\u00fcnd\u00fcz ve D\u00fcnya Ehlibeyt Vakf\u0131 Ba\u015fkan\u0131 Fermani Altun kat\u0131ld\u0131.<\/p>\n<p style=\"text-align: justify;\">Cenaze t\u00f6reninde, Saadet Partisi Genel Ba\u015fkan Yard\u0131mc\u0131lar\u0131 \u015eevket Kazan ve Mustafa Kamalak, Saadet Partisi Genel \u0130dare Kurulu \u00fcyesi Yasin Hatipo\u011flu, \u00d6zel Kalem M\u00fcd\u00fcr\u00fc Mehmet Karaman ile Saadet Partisi Y\u00fcksek \u0130sti\u015fare Kurulu \u00fcyesi Ahmet Tekdal da haz\u0131r bulundu.<\/p>\n<p style=\"text-align: justify;\"><strong>CENAZEDE KIVRIKO\u011eLU HAREKETL\u0130L\u0130\u011e\u0130<\/strong><\/p>\n<p style=\"text-align: justify;\">1. Ordu Komutan\u0131 Orgeneral K\u0131vr\u0131ko\u011flu&#8217;nun camiye giden soka\u011fa giri\u015fi s\u0131ras\u0131nda partililer taraf\u0131ndan &#8221;Milli G\u00f6r\u00fc\u015f&#8221; i\u015fareti yap\u0131larak bir s\u00fcre tekbir getirildi.<\/p>\n<p style=\"text-align: justify;\">Bu arada, cami avlusuna gelenlere, aileye taziye ziyaretinin cami avlusunda yap\u0131lmayaca\u011f\u0131, taziyelerin bu ak\u015fam Sultanahmet Camisi&#8217;nde yats\u0131 namaz\u0131ndan sonra okunacak Kur&#8217;an-\u0131 Kerim ve mevlidin ard\u0131ndan kabul edece\u011fi belirtildi. Cenazeye Bosna-Hersek, Sudan, Afganistan, Azerbaycan, Fas, Cezayir, Tunus, Malezya ve Endonezya ile T\u00fcrki Cumhuriyetlerden temsilcilerin kat\u0131ld\u0131\u011f\u0131 \u00f6\u011frenildi.<\/p>\n<p style=\"text-align: justify;\">\u00d6te yandan, camiyi \u00e7evreleyen duvarlarda keskin ni\u015fanc\u0131lar da g\u00fcvenli\u011fi sa\u011flamak amac\u0131yla g\u00f6rev yap\u0131yor. Protokole ayr\u0131lan yerin de dolmas\u0131 \u00fczerine gelen protokol \u00fcyeleri, camiye giri\u015fte s\u0131k\u0131nt\u0131l\u0131 anlar ya\u015fad\u0131. Protokolde yer a\u00e7\u0131lmamas\u0131 \u00fczerine, \u00e7evik kuvvet polisleri devreye girdi ve bir kordon olu\u015fturarak yer a\u00e7maya \u00e7al\u0131\u015ft\u0131. Bu arada kat\u0131l\u0131mc\u0131lar, &#8221;M\u00fccahit Erbakan&#8221; slogan\u0131n\u0131 att\u0131.<\/p>\n<p style=\"text-align: justify;\"><strong>CUMHURBA\u015eKANI  VE BA\u015eBAKAN DA SAF TUTTU<\/strong><\/p>\n<p style=\"text-align: justify;\">Erbakan i\u00e7in Fatih Camisi&#8217;nde cenaze namaz\u0131 k\u0131l\u0131nd\u0131. \u00d6\u011fle namaz\u0131n\u0131 Fatih Camisi&#8217;nde k\u0131lan Cumhurba\u015fkan\u0131 Abdullah G\u00fcl, TBMM Ba\u015fkan\u0131 Mehmet Ali \u015eahin ve Ba\u015fbakan Recep Tayyip Erdo\u011fan, daha sonra Erbakan&#8217;\u0131n cenazesinin bulundu\u011fu avluya \u00e7\u0131kt\u0131.<\/p>\n<p style=\"text-align: justify;\">Cumhurba\u015fkan\u0131 G\u00fcl, TBMM Ba\u015fkan\u0131 \u015eahin ve Ba\u015fbakan Erdo\u011fan&#8217;\u0131n da aralar\u0131nda bulundu\u011fu protokol, saf tuttu. Erbakan&#8217;\u0131n cenaze namaz\u0131, yo\u011fun izdiham alt\u0131nda eski Diyanet \u0130\u015fleri Ba\u015fkan\u0131 L\u00fctf\u00fc Do\u011fan taraf\u0131ndan k\u0131ld\u0131r\u0131ld\u0131.<\/p>\n<p style=\"text-align: justify;\">Bu arada Erbakan&#8217;\u0131n defnedilece\u011fi Zeytinburnu&#8217;ndaki Merkez Efendi Mezarl\u0131\u011f\u0131&#8217;nda bulunanlar da burada cenaze namaz\u0131 k\u0131ld\u0131. Baz\u0131 ki\u015filerin civardaki surlar\u0131n \u00fczerinde namaz k\u0131lmas\u0131 dikkati \u00e7ekti.<\/p>\n<p style=\"text-align: justify;\"><strong>4 K\u0130LOMETREL\u0130K YOL 2.5 SAAT S\u00dcRD\u00dc<\/strong><\/p>\n<p style=\"text-align: justify;\">Erbakan&#8217;\u0131n naa\u015f\u0131, Fatih Camisi&#8217;ndeki t\u00f6renin ard\u0131ndan cenaze nakil arac\u0131na konuldu. Erbakan i\u00e7in Fatih Camisi&#8217;nde \u00f6\u011fle vakti cenaze namaz\u0131 k\u0131l\u0131nd\u0131. Namaz\u0131n ard\u0131ndan, Diyanet \u0130\u015fleri Ba\u015fkan\u0131 Mehmet G\u00f6rmez ve Erbakan&#8217;\u0131n o\u011flu Fatih Erbakan birer konu\u015fma yapt\u0131.<\/p>\n<p style=\"text-align: justify;\">Mehmet G\u00f6rmez, konu\u015fmas\u0131n\u0131n sonunda, cami avlusundaki kat\u0131l\u0131mc\u0131lardan \u00fc\u00e7 kez helallik istedi. Kat\u0131l\u0131mc\u0131lar da \u00fc\u00e7 kez &#8221;Helal olsun&#8221; dedi. Necmettin Erbakan&#8217;\u0131n eller \u00fczerinde ta\u015f\u0131nan naa\u015f\u0131na Cumhurba\u015fkan\u0131 Abdullah G\u00fcl, TBMM Ba\u015fkan\u0131 Mehmet Ali \u015eahin, Ba\u015fbakan Recep Tayyip Erdo\u011fan da el verdi. Erbakan&#8217;\u0131n cenazesi ellerde ta\u015f\u0131narak \u0130stanbul B\u00fcy\u00fck\u015fehir Belediyesi Mezarl\u0131klar M\u00fcd\u00fcrl\u00fc\u011f\u00fcne ait cenaze nakil arac\u0131na konuldu.<\/p>\n<p style=\"text-align: justify;\">Erbakan&#8217;\u0131n cenazesi kortej e\u015fli\u011finde Fevzipa\u015fa Caddesi, Akdeniz Caddesi, Vatan Caddesi ve An\u0131t Mezar&#8217;\u0131 takiben Merkez Efendi Mezarl\u0131\u011f\u0131&#8217;na g\u00f6t\u00fcr\u00fcl\u00fcyor. Kalabal\u0131k bir kortej e\u015fli\u011finde Vatan Caddesi&#8217;nden ge\u00e7erek Topkap\u0131&#8217;ya ula\u015fan cenazesi, Merkez Efendi Mezarl\u0131\u011f\u0131&#8217;na do\u011fru ilerliyor.<\/p>\n<p style=\"text-align: justify;\">Fatih Camisi&#8217;nde \u00f6\u011fle vakti k\u0131l\u0131nan cenaze namaz\u0131n\u0131n ard\u0131ndan \u0130stanbul B\u00fcy\u00fck\u015fehir Belediyesi Mezarl\u0131klar M\u00fcd\u00fcrl\u00fc\u011f\u00fcne ait cenaze nakil arac\u0131na konulan Erbakan&#8217;\u0131n cenazesi, partililer ve sevenlerinden olu\u015fan konvoyun yo\u011funlu\u011fundan dolay\u0131 Fevzipa\u015fa Caddesi&#8217;nde bir s\u00fcre bekledi. Erbakan&#8217;\u0131n cenazesinin defnedilece\u011fi Merkez Efendi Mezarl\u0131\u011f\u0131&#8217;na g\u00f6t\u00fcr\u00fclmesine e\u015flik eden  kortej, yo\u011fun kat\u0131l\u0131m nedeniyle ad\u0131m ad\u0131m ilerleyebiliyor.<\/p>\n<p style=\"text-align: justify;\">Saadet Partisi \u0130stanbul \u0130l Ba\u015fkan\u0131 Selman Esmerer, Akdeniz Caddesi ile Vatan Caddesi&#8217;nin kesi\u015fti\u011fi noktada, eline megafon alarak izdiham ya\u015fanmamas\u0131 i\u00e7in halka ve g\u00f6revlilere uyar\u0131da bulundu. Parti g\u00f6revlileri, cenaze arac\u0131n\u0131n Vatan Caddesi&#8217;ne kadar olan b\u00f6l\u00fcm\u00fcnde g\u00fcvenlik \u015feridi olu\u015fturdu. Cenaze arac\u0131n\u0131n bu noktaya gelmesiyle birlikte partililer aras\u0131nda da k\u0131sa s\u00fcreli izdiham ya\u015fand\u0131. Emniyet g\u00f6revlileri de bu duruma m\u00fcdahale ederek, izdiham\u0131 \u00f6nledi.<\/p>\n<p style=\"text-align: justify;\">Korteje kat\u0131lanlar, &#8221;\u0130\u015fte ordu i\u015fte komutan&#8221;, &#8221;Hocam\u0131z \u015fehit, biz de \u015fahidiz&#8221; sloganlar\u0131 att\u0131, &#8221;Hocam izindeyiz&#8221; ve &#8221;T\u00fcrkiye M\u00fcsl\u00fcmanlar\u0131 sana \u00e7ok \u015fey bor\u00e7lu hakk\u0131n\u0131 helal et&#8221; yaz\u0131l\u0131 pankartlar ta\u015f\u0131d\u0131. &#8221;M\u00fccahit Erbakan&#8221; yaz\u0131l\u0131 atk\u0131 takan vatanda\u015flar, Erbakan&#8217;\u0131n foto\u011fraflar\u0131n\u0131 ta\u015f\u0131d\u0131. Fevzipa\u015fa Caddesi&#8217;ne \u0130nsan Hak ve H\u00fcrriyetleri (\u0130HH) \u0130nsani Yard\u0131m Vakf\u0131 taraf\u0131ndan &#8221;Adaletin, direni\u015fin ve kimli\u011fimizle varolu\u015fun m\u00fccadelesini senden \u00f6\u011frendik milletimizin ba\u015f\u0131 sa\u011folsun&#8221; pankartlar\u0131 as\u0131ld\u0131\u011f\u0131 g\u00f6r\u00fcld\u00fc.<\/p>\n<p style=\"text-align: justify;\">Bas\u0131n mensuplar\u0131 da arkas\u0131 a\u00e7\u0131k bir zab\u0131ta arac\u0131yla cenazeyi takip ederek, korteji g\u00f6r\u00fcnt\u00fcl\u00fcyor. Kortejin \u00f6n\u00fcnde yer alan otob\u00fcsten de parti g\u00f6revlileri, cenazeye kat\u0131lanlara y\u00fcr\u00fcy\u00fc\u015f\u00fcn d\u00fczenli olmas\u0131 konusunda uyar\u0131larda bulunuyor. Otob\u00fcs\u00fcn \u00fczerinde de hocalar taraf\u0131ndan salavat getiriliyor. \u00d6te yandan, Vatan Caddesi&#8217;ndeki direklerin \u00fczerine ve baz\u0131 duvarlara Necmettin Erbakan&#8217;\u0131n posterlerinin as\u0131ld\u0131\u011f\u0131 g\u00f6r\u00fcld\u00fc. Cenaze arac\u0131n\u0131n arkas\u0131ndan korteje e\u015flik edenler i\u00e7in bir ambulans da Merkez Efendi Mezarl\u0131\u011f\u0131&#8217;na do\u011fru gidiyor. Vatan Caddesi&#8217;ndeki \u0130stanbul Emniyet M\u00fcd\u00fcrl\u00fc\u011f\u00fcn\u00fc ge\u00e7en kortej, Topkap\u0131&#8217;ya ula\u015ft\u0131.<\/p>\n<p style=\"text-align: justify;\">Kortej, Erbakan&#8217;\u0131n k\u0131z karde\u015finin de evinin bulundu\u011fu ve \u0130stanbul&#8217;a geldi\u011finde kald\u0131\u011f\u0131 belirtilen Hal\u0131c\u0131lar Caddesi&#8217;nden de ge\u00e7ti. Bu caddedeki evlerde ya\u015fayan baz\u0131 vatanda\u015flar\u0131n evlerinin camlar\u0131na \u00e7\u0131karak dua etti\u011fi ve kortejin ge\u00e7i\u015fini kameraya kaydetti\u011fi g\u00f6r\u00fcld\u00fc.<\/p>\n<p style=\"text-align: justify;\">Erbakan&#8217;\u0131n naa\u015f\u0131n\u0131n bulundu\u011fu cenaze nakil arac\u0131n\u0131n ge\u00e7ti\u011fi g\u00fczergahta y\u00fcksek apartmanlar\u0131n, a\u011fa\u00e7lar\u0131n ve direklerin \u00fczerine \u00e7\u0131kan vatanda\u015flar polis taraf\u0131ndan g\u00fcvenlik gerek\u00e7esiyle indirildi. B\u00fcy\u00fck bir kalabal\u0131\u011f\u0131n da surlar\u0131n \u00fczerine \u00e7\u0131karak, kortejin ge\u00e7i\u015fini izledi\u011fi g\u00f6zlendi. Eski manken Ya\u015far Alptekin de konvoyda vatanda\u015flarla birlikte y\u00fcr\u00fcd\u00fc.<\/p>\n<p style=\"text-align: justify;\"><strong>E\u015e\u0130N\u0130N YANINA DEFNED\u0130LD\u0130<\/strong><\/p>\n<p style=\"text-align: justify;\">Kortej e\u015fli\u011finde Zeytinburnu Merkez Efendi Mezarl\u0131\u011f\u0131na getirilen Erbakan&#8217;\u0131n cenazesi, topra\u011fa verilmek \u00fczere aile kabristan\u0131nda, 2005 y\u0131l\u0131nda vefat eden e\u015fi Nermin Erbakan&#8217;\u0131n mezar\u0131n\u0131n yan\u0131nda haz\u0131rlanan mezar\u0131n ba\u015f\u0131na getirildi.<\/p>\n<p style=\"text-align: justify;\">Erbakan&#8217;\u0131n topra\u011fa verildi\u011fi s\u0131rada o\u011flu Fatih Erbakan, karde\u015fi Kemalettin Erbakan ve damad\u0131 Faruk Bayko\u00e7&#8217;la birlikte TBMM Ba\u015fkan\u0131 Mehmet Ali \u015eahin, D\u0131\u015fi\u015fleri Bakan\u0131 Ahmet Davuto\u011flu, eski Saadet Partisi Genel Ba\u015fkan\u0131 Recai Kutan ve \u0130stanbul B\u00fcy\u00fck\u015fehir Belediye Ba\u015fkan\u0131 Kadir Topba\u015f da mezar\u0131n ba\u015f\u0131nda yer ald\u0131.<\/p>\n<p style=\"text-align: justify;\">Erbakan&#8217;\u0131n mezar\u0131na Mescid-i Aksa, Mekke, Medine, Semerkand, Buhara, memleketi olan Sinop&#8217;un Uzung\u00fcrgen k\u00f6y\u00fc ve T\u00fcrkiye&#8217;nin de\u011fi\u015fik illerinden ve Bosna-Hersek&#8217;in merhum Devlet Ba\u015fkan\u0131 Aliya \u0130zzetbegovi\u00e7&#8217;in kabrinden al\u0131nan topraklar b\u0131rak\u0131ld\u0131. T\u00f6rene kat\u0131lan Erbakan&#8217;\u0131n k\u0131zlar\u0131 Zeynep Bayko\u00e7 ve Elif Altun\u00f6z ile torunu Nermin Bayko\u00e7&#8217;un g\u00f6zya\u015flar\u0131na hakim olamad\u0131klar\u0131 g\u00f6r\u00fcld\u00fc.<\/p>\n<p style=\"text-align: justify;\">Mezarl\u0131ktaki t\u00f6rene kat\u0131lanlar aras\u0131nda DSP Genel Ba\u015fkan\u0131 Masum T\u00fcrker, HAS Parti Genel Ba\u015fkan\u0131 Numan Kurtulmu\u015f, BBP Genel Ba\u015fkan\u0131 Yal\u00e7\u0131n Top\u00e7u, \u0130stanbul Valisi H\u00fcseyin Avni Mutlu ve eski \u0130stanbul B\u00fcy\u00fck\u015fehir Belediye Ba\u015fkan\u0131 Ali M\u00fcfit G\u00fcrtuna, Tunus En-Nahda Hareketi lideri Ra\u015fid Gannu\u015fi ve \u00e7ok say\u0131da partili ile baz\u0131 yabanc\u0131 \u00fclke temsilcileri de yer ald\u0131.<\/p>\n<p style=\"text-align: justify;\">Bu arada, mezarl\u0131k duvar\u0131ndan d\u00fc\u015ferek yaralanan bir ki\u015fi ambulansla hastaneye kald\u0131r\u0131ld\u0131. \u00d6te yandan, g\u00fcn boyunca mezarl\u0131kta 7 haf\u0131z Kur&#8217;an-\u0131 Kerim okudu. \u0130stanbul B\u00fcy\u00fck\u015fehir Belediyesi Lojistik Destek Merkezince de \u00e7ay, po\u011faca, helva, \u00e7orba, meyve suyu, sandvi\u00e7, pilav ve ayran da\u011f\u0131t\u0131ld\u0131.<\/p>\n<p style=\"text-align: justify;\">T\u00f6ren sonras\u0131 bas\u0131n mensuplar\u0131na a\u00e7\u0131klama yapan Ra\u015fid Gannu\u015fi, T\u00fcrkiye&#8217;nin modernli\u011fi ve \u00e7a\u011fda\u015fl\u0131\u011f\u0131yla b\u00fct\u00fcn Arap ve \u0130slam d\u00fcnyas\u0131na \u00f6rnek oldu\u011funu belirterek, Necmettin Erbakan&#8217;\u0131n da hem arkada\u015f hem de bir lider olarak \u00f6rnek oldu\u011funu s\u00f6yledi. Gannu\u015fi, kendisiyle birlikte di\u011fer \u0130slami hareketlerin temsilcilerinin de t\u00f6rene kat\u0131ld\u0131\u011f\u0131n\u0131 ifade etti.<\/p>\n<p style=\"text-align: justify;\"><strong>BU YOLLARA D\u0130KKAT<\/strong><\/p>\n<p style=\"text-align: justify;\">Erbakan&#8217;\u0131n cenaze t\u00f6reni nedeniyle \u0130stanbul&#8217;da baz\u0131 yollar trafi\u011fe kapand\u0131. Cenaze kortej e\u015fli\u011finde Fevzipa\u015fa Caddesi, Akdeniz Caddesi, Vatan Caddesi, 10. Y\u0131l Caddesi\u2019nden Merkez Efendi Mezarl\u0131\u011f\u0131na intikal edecek. Buralar emniyet taraf\u0131ndan trafi\u011fe tamamen kapat\u0131lacak, Fevzipa\u015fa Caddesi\u2019nin b\u00fcy\u00fck bir b\u00f6l\u00fcm\u00fc de namazdan \u00f6nce trafi\u011fe kapat\u0131lacak.<\/p>\n<p style=\"text-align: justify;\"><a href=\"http:\/\/www.gazeteport.com.tr\/GUNCEL\/NEWS\/GP_861489\" target=\"_blank\"><span style=\"color: #888888;\">Kaynak : GAZETEPORT<\/span><\/a><\/p>\n","protected":false},"excerpt":{"rendered":"<p style=\"text-align: center;\">\n<p style=\"text-align: justify;\">Ankara&#8217;da \u00f6nceki g\u00fcn ya\u015fam\u0131n\u0131 yitiren Erbakan i\u00e7in sabah ilk t\u00f6ren Ankara&#8217;da d\u00fczenlendi. Ankara&#8217;daki t\u00f6renin ard\u0131ndan Erbakan&#8217;\u0131n cenazesi u\u00e7akla \u0130stanbul&#8217;a getirildi.<\/p>\n<p style=\"text-align: justify;\">Cenaze Fatih Camisi&#8217;ne getirilmesi s\u0131ras\u0131nda b\u00fcy\u00fck bir izdiham ya\u015fand\u0131. Cenazeye kat\u0131lanlar aras\u0131nda Cumhurba\u015fkan\u0131 G\u00fcl, Ba\u015fbakan Erdo\u011fan, 1. Ordu Komutan\u0131 Orgeneral Hayri K\u0131vr\u0131ko\u011flu&#8217;nun yan\u0131 s\u0131ra CHP, BDP, T\u00fcrkiye Caferileri <\/p>\n","protected":false},"author":1,"featured_media":0,"comment_status":"open","ping_status":"closed","sticky":false,"template":"","format":"standard","meta":{"footnotes":""},"categories":[105],"tags":[],"class_list":["post-28886","post","type-post","status-publish","format-standard","hentry","category-gundem","odd"],"_links":{"self":[{"href":"http:\/\/www.korhanyilmaz.com\/index.php?rest_route=\/wp\/v2\/posts\/28886","targetHints":{"allow":["GET"]}}],"collection":[{"href":"http:\/\/www.korhanyilmaz.com\/index.php?rest_route=\/wp\/v2\/posts"}],"about":[{"href":"http:\/\/www.korhanyilmaz.com\/index.php?rest_route=\/wp\/v2\/types\/post"}],"author":[{"embeddable":true,"href":"http:\/\/www.korhanyilmaz.com\/index.php?rest_route=\/wp\/v2\/users\/1"}],"replies":[{"embeddable":true,"href":"http:\/\/www.korhanyilmaz.com\/index.php?rest_route=%2Fwp%2Fv2%2Fcomments&post=28886"}],"version-history":[{"count":0,"href":"http:\/\/www.korhanyilmaz.com\/index.php?rest_route=\/wp\/v2\/posts\/28886\/revisions"}],"wp:attachment":[{"href":"http:\/\/www.korhanyilmaz.com\/index.php?rest_route=%2Fwp%2Fv2%2Fmedia&parent=28886"}],"wp:term":[{"taxonomy":"category","embeddable":true,"href":"http:\/\/www.korhanyilmaz.com\/index.php?rest_route=%2Fwp%2Fv2%2Fcategories&post=28886"},{"taxonomy":"post_tag","embeddable":true,"href":"http:\/\/www.korhanyilmaz.com\/index.php?rest_route=%2Fwp%2Fv2%2Ftags&post=28886"}],"curies":[{"name":"wp","href":"https:\/\/api.w.org\/{rel}","templated":true}]}}