{"id":28872,"date":"2011-02-27T12:58:51","date_gmt":"2011-02-27T10:58:51","guid":{"rendered":"http:\/\/www.korhanyilmaz.com\/?p=28872"},"modified":"2011-02-27T12:58:51","modified_gmt":"2011-02-27T10:58:51","slug":"necmettin-erbakan-vefat-etti","status":"publish","type":"post","link":"http:\/\/www.korhanyilmaz.com\/?p=28872","title":{"rendered":"Necmettin Erbakan vefat etti"},"content":{"rendered":"<p style=\"text-align: center;\"><a href=\"http:\/\/www.korhanyilmaz.com\/wp-content\/uploads\/2011\/02\/005.jpg\"  class=\"lightview\"><img loading=\"lazy\" decoding=\"async\" class=\"aligncenter size-full wp-image-28873\" src=\"http:\/\/www.korhanyilmaz.com\/wp-content\/uploads\/2011\/02\/005.jpg\" alt=\"\" width=\"307\" height=\"236\" \/><\/a><\/p>\n<p style=\"text-align: justify;\"><strong>Saadet Partisi Genel Ba\u015fkan\u0131 Necmettin Erbakan, hayat\u0131n\u0131 kaybetti.<\/strong><\/p>\n<p style=\"text-align: justify;\">Sol ayak damarlar\u0131ndaki iltihaplanma nedeniyle uzun zamandan beri \u00f6zel G\u00fcven Hastanesi&#8217;nde tedavi g\u00f6ren Milli G\u00f6r\u00fc\u015f lideri 54. H\u00fck\u00fcmet Ba\u015fbakan\u0131 ve Saadet Partisi Genel Ba\u015fkan\u0131 Erbakan, \u00f6\u011fle saatlerinde ya\u015fam\u0131n\u0131 yitirdi. <!--more--><\/p>\n<p style=\"text-align: justify;\">Erbakan&#8217;\u0131n cenazesi 1 Mart 2011 Sal\u0131 g\u00fcn\u00fc \u0130stanbul Fatih Cami&#8217;nde \u00f6\u011fle namaz\u0131ndan sonra k\u0131l\u0131nacak cenaze namaz\u0131n\u0131n ard\u0131ndan \u0130stanbul Merkez Efendi&#8217;deki aile kabristanl\u0131\u011f\u0131na defnedilecek.<\/p>\n<p style=\"text-align: justify;\"><strong>\u00d6ZGE\u00c7M\u0130\u015e\u0130 <\/strong><\/p>\n<p style=\"text-align: justify;\">Necmettin Erbakan, 29 Ekim 1926&#8217;da Sinop&#8217;ta do\u011fdu.<\/p>\n<p style=\"text-align: justify;\">\u0130lkokula Kayseri Cumhuriyet \u0130lkokulu&#8217;nda ba\u015flayan Erbakan, babas\u0131n\u0131n Trabzon&#8217;a tayin olmas\u0131 nedeniyle ilk\u00f6\u011frenimini burada tamamlad\u0131. Orta\u00f6\u011frenimini \u0130stanbul Erkek Lisesi&#8217;nde bitirdi.<\/p>\n<p style=\"text-align: justify;\">1948&#8217;de \u0130T\u00dc Makine Fak\u00fcltesi&#8217;nden mezun olan Erbakan, ayn\u0131 y\u0131l burada asistan olarak g\u00f6reve ba\u015flad\u0131. 1965&#8217;te profes\u00f6r olan Erbakan, 1966&#8217;da Odalar Birli\u011fi Sanayi Dairesi Ba\u015fkanl\u0131\u011f\u0131&#8217;na getirildi.<\/p>\n<p style=\"text-align: justify;\">Daha sonra Genel Sekreter olan Erbakan, 1968 May\u0131s&#8217;\u0131nda Odalar Birli\u011fi \u0130dare Heyeti \u00dcyesi, bir y\u0131l sonra da Odalar Birli\u011fi Ba\u015fkan\u0131 oldu.<\/p>\n<p style=\"text-align: justify;\"><a href=\"http:\/\/www.korhanyilmaz.com\/wp-content\/uploads\/2011\/02\/006.jpg\"  class=\"lightview\"><img loading=\"lazy\" decoding=\"async\" class=\"aligncenter size-full wp-image-28874\" src=\"http:\/\/www.korhanyilmaz.com\/wp-content\/uploads\/2011\/02\/006.jpg\" alt=\"\" width=\"406\" height=\"274\" \/><\/a><\/p>\n<p style=\"text-align: justify;\">1969 se\u00e7imlerinde Konya&#8217;dan ba\u011f\u0131ms\u0131z olarak adayl\u0131\u011f\u0131n\u0131 koydu ve se\u00e7ilerek TBMM&#8217;ye girdi.<\/p>\n<p style=\"text-align: justify;\">Necmettin Erbakan, 24 Ocak 1970&#8217;de Milli Nizam Partisi&#8217;ni (MNP) kurdu. Parti, Nisan 1971&#8217;de kapat\u0131ld\u0131. 11 Ekim 1972&#8217;de kurulan Milli Selamet Partisi (MSP) ise Erbakan ba\u015fkanl\u0131\u011f\u0131nda girdi\u011fi 1973 se\u00e7imlerinde 51 parlamenterle TBMM&#8217;ye girdi.<\/p>\n<p style=\"text-align: justify;\">MSP-CHP koalisyonunda Ba\u015fbakan Yard\u0131mc\u0131s\u0131 olarak g\u00f6rev yapan Erbakan, bu h\u00fck\u00fcmetin 1974 y\u0131l\u0131 ba\u015f\u0131nda bozulmas\u0131n\u0131n ard\u0131ndan kurulan d\u00f6rtl\u00fc koalisyonda da yine Ba\u015fbakan Yard\u0131mc\u0131l\u0131\u011f\u0131 ve Ekonomik Kurul Ba\u015fkanl\u0131\u011f\u0131 g\u00f6revlerini \u00fcstlendi.<\/p>\n<p style=\"text-align: justify;\">5 Haziran 1977 se\u00e7imlerinden sonra olu\u015fturulan 3&#8217;l\u00fc koalisyonda da bu g\u00f6revini s\u00fcrd\u00fcren Erbakan ve liderli\u011fini yapt\u0131\u011f\u0131 MSP, b\u00f6ylece toplam 4 y\u0131l s\u00fcreyle h\u00fck\u00fcmet orta\u011f\u0131 oldu.<\/p>\n<p style=\"text-align: justify;\">1978 y\u0131l\u0131 ba\u015f\u0131ndan 12 Eyl\u00fcl 1980&#8217;e kadar muhalefette kalan MSP&#8217;nin Genel Ba\u015fkanl\u0131\u011f\u0131n\u0131 y\u00fcr\u00fcten Erbakan, Eyl\u00fcl 1987&#8217;deki referandumla yeniden siyasi haklar\u0131n\u0131 elde etti.<\/p>\n<p style=\"text-align: justify;\">Erbakan, 19 Temmuz 1983 tarihinde kurulan Refah Partisi&#8217;nin 11 Ekim 1987 tarihinde yap\u0131lan kongresinde oybirli\u011fiyle Genel Ba\u015fkanl\u0131\u011fa se\u00e7ildi.<\/p>\n<p style=\"text-align: justify;\">20 Ekim 1991 se\u00e7imlerinde Konya&#8217;dan Milletvekili se\u00e7ilen Necmettin Erbakan, 24 Aral\u0131k 1995 genel se\u00e7imlerinde de tekrar Konya&#8217;dan milletvekili se\u00e7ilerek TBMM&#8217;ye girdi.<\/p>\n<p style=\"text-align: justify;\">Erbakan, 28 Haziran 1996&#8217;da Ba\u015fbakan olarak RP-DYP koalisyon h\u00fck\u00fcmetini kurdu. 21 May\u0131s 1997&#8217;de Yarg\u0131tay Cumhuriyet Ba\u015fsavc\u0131s\u0131 Vural Sava\u015f, RP&#8217;nin kapat\u0131lmas\u0131 i\u00e7in Anayasa Mahkemesi&#8217;ne ba\u015fvurdu ve parti Ocak 1998&#8217;de kapat\u0131ld\u0131.<\/p>\n<p style=\"text-align: justify;\">Y\u00fcksek Mahkeme&#8217;nin RP&#8217;nin kapat\u0131lmas\u0131na ili\u015fkin karar\u0131 ile birlikte Erbakan&#8217;a 5 y\u0131l s\u00fcreyle siyasi yasak getirildi. 5 y\u0131ll\u0131k siyasi yasa\u011f\u0131 \u015eubat 2003&#8217;te sona eren Erbakan, 11 May\u0131s 2003&#8217;te Saadet Partisi 1. Ola\u011fan B\u00fcy\u00fck Kongresi&#8217;nde Genel Ba\u015fkanl\u0131\u011fa se\u00e7ildi.<\/p>\n<p style=\"text-align: justify;\">Erbakan, kamuoyunda &#8220;Kay\u0131p Trilyon&#8221; davas\u0131 olarak bilinen davada, Ankara 9. A\u011f\u0131r Ceza Mahkemesi taraf\u0131ndan 6 Mart 2002&#8217;de &#8220;\u00f6zel evrakta sahtecilik&#8221; su\u00e7undan 2 y\u0131l 4 ay hapis cezas\u0131na mahkum oldu.<\/p>\n<p style=\"text-align: justify;\">Yarg\u0131tay 11. Ceza Dairesi, Erbakan&#8217;\u0131n cezas\u0131n\u0131 onad\u0131. Yarg\u0131tay Cumhuriyet Ba\u015fsavc\u0131l\u0131\u011f\u0131, &#8220;Kay\u0131p Trilyon Davas\u0131&#8221;nda mahkum olan ve mahkumiyet kararlar\u0131 kesinle\u015fen Erbakan dahil 6 ki\u015finin parti \u00fcyeli\u011finden \u00e7\u0131kar\u0131lmas\u0131 ve partideki organlardaki g\u00f6revlerine son verilmesini isteyince Erbakan, 30 Ocak 2004&#8217;te Saadet Partisi Genel Ba\u015fkanl\u0131\u011f\u0131ndan ve parti \u00fcyeli\u011finden ayr\u0131ld\u0131.<\/p>\n<p style=\"text-align: justify;\">Ankara Numune Hastanesi&#8217;nden ald\u0131\u011f\u0131 sa\u011fl\u0131k raporu do\u011frultusunda infaz\u0131 ertelen Erbakan&#8217;\u0131n &#8220;Kay\u0131p Trilyon&#8221; davas\u0131nda ald\u0131\u011f\u0131 hapis cezas\u0131 TCK&#8217;da yap\u0131lan de\u011fi\u015fiklik uyar\u0131nca ev hapsine \u00e7evrildi. Erbakan ev hapsini \u00e7ekerken Adli T\u0131p Kurumunun &#8220;s\u00fcrekli hastal\u0131k&#8221; raporu do\u011frultusunda Cumhurba\u015fkan\u0131 Abdullah G\u00fcl taraf\u0131ndan 19 A\u011fustos 2008&#8217;de affedildi.<\/p>\n<p style=\"text-align: justify;\"><a href=\"http:\/\/www.cnnturk.com\/2011\/turkiye\/02\/27\/necmettin.erbakan.vefat.etti\/608307.0\/index.html\" target=\"_blank\"><span style=\"color: #888888;\">CNN T\u00dcRK<\/span><\/a><\/p>\n","protected":false},"excerpt":{"rendered":"<p style=\"text-align: center;\">\n<p style=\"text-align: justify;\">Saadet Partisi Genel Ba\u015fkan\u0131 Necmettin Erbakan, hayat\u0131n\u0131 kaybetti.<\/p>\n<p style=\"text-align: justify;\">Sol ayak damarlar\u0131ndaki iltihaplanma nedeniyle uzun zamandan beri \u00f6zel G\u00fcven Hastanesi&#8217;nde tedavi g\u00f6ren Milli G\u00f6r\u00fc\u015f lideri 54. H\u00fck\u00fcmet Ba\u015fbakan\u0131 ve Saadet Partisi Genel Ba\u015fkan\u0131 Erbakan, \u00f6\u011fle saatlerinde ya\u015fam\u0131n\u0131 yitirdi. <\/p>\n","protected":false},"author":1,"featured_media":0,"comment_status":"open","ping_status":"closed","sticky":false,"template":"","format":"standard","meta":{"footnotes":""},"categories":[105],"tags":[],"class_list":["post-28872","post","type-post","status-publish","format-standard","hentry","category-gundem","odd"],"_links":{"self":[{"href":"http:\/\/www.korhanyilmaz.com\/index.php?rest_route=\/wp\/v2\/posts\/28872","targetHints":{"allow":["GET"]}}],"collection":[{"href":"http:\/\/www.korhanyilmaz.com\/index.php?rest_route=\/wp\/v2\/posts"}],"about":[{"href":"http:\/\/www.korhanyilmaz.com\/index.php?rest_route=\/wp\/v2\/types\/post"}],"author":[{"embeddable":true,"href":"http:\/\/www.korhanyilmaz.com\/index.php?rest_route=\/wp\/v2\/users\/1"}],"replies":[{"embeddable":true,"href":"http:\/\/www.korhanyilmaz.com\/index.php?rest_route=%2Fwp%2Fv2%2Fcomments&post=28872"}],"version-history":[{"count":0,"href":"http:\/\/www.korhanyilmaz.com\/index.php?rest_route=\/wp\/v2\/posts\/28872\/revisions"}],"wp:attachment":[{"href":"http:\/\/www.korhanyilmaz.com\/index.php?rest_route=%2Fwp%2Fv2%2Fmedia&parent=28872"}],"wp:term":[{"taxonomy":"category","embeddable":true,"href":"http:\/\/www.korhanyilmaz.com\/index.php?rest_route=%2Fwp%2Fv2%2Fcategories&post=28872"},{"taxonomy":"post_tag","embeddable":true,"href":"http:\/\/www.korhanyilmaz.com\/index.php?rest_route=%2Fwp%2Fv2%2Ftags&post=28872"}],"curies":[{"name":"wp","href":"https:\/\/api.w.org\/{rel}","templated":true}]}}