{"id":28868,"date":"2011-02-27T08:04:56","date_gmt":"2011-02-27T06:04:56","guid":{"rendered":"http:\/\/www.korhanyilmaz.com\/?p=28868"},"modified":"2011-02-27T08:04:56","modified_gmt":"2011-02-27T06:04:56","slug":"valinin-agabeyi-de-var","status":"publish","type":"post","link":"http:\/\/www.korhanyilmaz.com\/?p=28868","title":{"rendered":"Valinin a\u011fabeyi de var"},"content":{"rendered":"<p style=\"text-align: center;\"><a href=\"http:\/\/www.korhanyilmaz.com\/wp-content\/uploads\/2011\/02\/004.jpg\"  class=\"lightview\"><img loading=\"lazy\" decoding=\"async\" class=\"aligncenter size-full wp-image-28869\" src=\"http:\/\/www.korhanyilmaz.com\/wp-content\/uploads\/2011\/02\/004.jpg\" alt=\"\" width=\"414\" height=\"221\" \/><\/a><\/p>\n<p style=\"text-align: justify;\">HSYK taraf\u0131ndan Yarg\u0131tay ve Dan\u0131\u015ftay \u00fcyeliklerine \u201cAkrabalar\u201d da se\u00e7ildi. 211 \u00fcye aras\u0131nda, HSYK \u00fcyeleri ve Valilerin e\u015f ve karde\u015fleri de bulunuyor.<\/p>\n<p style=\"text-align: justify;\">ANKARA- Hakimler ve Savc\u0131lar Y\u00fcksek Kurulu (HSYK) taraf\u0131ndan Yarg\u0131tay ve Dan\u0131\u015ftay \u00fcyeliklerine \u201cAkrabalar\u201d da se\u00e7ildi. 211 \u00fcye aras\u0131nda, HSYK \u00fcyeleri ve Valilerin e\u015f ve karde\u015fleri de bulunuyor. <!--more--><\/p>\n<p style=\"text-align: justify;\">Yarg\u0131tay \u00fcyeli\u011fine HSYK yedek \u00fcyesi Hayrettin T\u00fcre\u2019nin e\u015fi de se\u00e7ildi. Suna T\u00fcre, Ankara Ankara 22. Asliye Hukuk Mahkemesi hakimi olarak siyasilerin tazminat davalar\u0131na bakm\u0131\u015ft\u0131.<\/p>\n<p style=\"text-align: justify;\">MHP \u0130l Binas\u0131\u2019ndaki \u201cSen a\u00e7\u0131ld\u0131k\u00e7a analar\u0131m\u0131z a\u011fl\u0131yor\u201d yaz\u0131l\u0131 pankart\u0131 indirtmesiyle ad\u0131 g\u00fcndeme gelen daha sonra CHP\u2019li belediye ba\u015fkan\u0131 ve milletvekilleriyle tart\u0131\u015fan Ayd\u0131n Valisi H\u00fcseyin Avni Co\u015f\u2019un a\u011fabeyi, Tetkik Hakimi Mustafa Abdullah Co\u015f da Yarg\u0131tay \u00fcyesi olarak atand\u0131. Vali Co\u015f, M\u00fclkiye Ba\u015fm\u00fcfetti\u015fiyken, Ba\u015fbakan Erdo\u011fan\u2019\u0131n \u0130stanbul B\u00fcy\u00fck\u015fehir Belediye Ba\u015fkanl\u0131\u011f\u0131 d\u00f6nemiyle ilgili iddialar\u0131 ara\u015ft\u0131rm\u0131\u015f ve iddialar\u0131n \u201cAs\u0131ls\u0131z\u201d oldu\u011funa karar vermi\u015fti.<\/p>\n<p style=\"text-align: justify;\">Yarg\u0131tay \u00fcyeli\u011fine atanan bir ba\u015fka isim de Denizli valisi iken ge\u00e7ti\u011fimiz Ocak ay\u0131nda merkeze al\u0131nan Hasan Canpolat\u2019\u0131n e\u015fi Ankara Ticaret Mahkemesi \u00fcyesi Saliha Nuran Canpolat oldu. HSYK yedek \u00fcyesi \u0130brahim Topuz\u2019un e\u015fi Nurdane Topuz ise, Dan\u0131\u015ftay \u00fcyesi olarak se\u00e7ildi.<\/p>\n<p style=\"text-align: justify;\"><a href=\"http:\/\/www.gazeteport.com.tr\/GUNCEL\/NEWS\/GP_860310\" target=\"_blank\"><span style=\"color: #888888;\">Kaynak : Yusuf Sahici &#8211; GAZETEPORT<\/span><\/a><\/p>\n","protected":false},"excerpt":{"rendered":"<p style=\"text-align: center;\">\n<p style=\"text-align: justify;\">HSYK taraf\u0131ndan Yarg\u0131tay ve Dan\u0131\u015ftay \u00fcyeliklerine \u201cAkrabalar\u201d da se\u00e7ildi. 211 \u00fcye aras\u0131nda, HSYK \u00fcyeleri ve Valilerin e\u015f ve karde\u015fleri de bulunuyor.<\/p>\n<p style=\"text-align: justify;\">ANKARA- Hakimler ve Savc\u0131lar Y\u00fcksek Kurulu (HSYK) taraf\u0131ndan Yarg\u0131tay ve Dan\u0131\u015ftay \u00fcyeliklerine \u201cAkrabalar\u201d da se\u00e7ildi. 211 \u00fcye aras\u0131nda, HSYK \u00fcyeleri ve Valilerin e\u015f ve karde\u015fleri de bulunuyor. <\/p>\n","protected":false},"author":1,"featured_media":0,"comment_status":"open","ping_status":"closed","sticky":false,"template":"","format":"standard","meta":{"footnotes":""},"categories":[105],"tags":[],"class_list":["post-28868","post","type-post","status-publish","format-standard","hentry","category-gundem","odd"],"_links":{"self":[{"href":"http:\/\/www.korhanyilmaz.com\/index.php?rest_route=\/wp\/v2\/posts\/28868","targetHints":{"allow":["GET"]}}],"collection":[{"href":"http:\/\/www.korhanyilmaz.com\/index.php?rest_route=\/wp\/v2\/posts"}],"about":[{"href":"http:\/\/www.korhanyilmaz.com\/index.php?rest_route=\/wp\/v2\/types\/post"}],"author":[{"embeddable":true,"href":"http:\/\/www.korhanyilmaz.com\/index.php?rest_route=\/wp\/v2\/users\/1"}],"replies":[{"embeddable":true,"href":"http:\/\/www.korhanyilmaz.com\/index.php?rest_route=%2Fwp%2Fv2%2Fcomments&post=28868"}],"version-history":[{"count":0,"href":"http:\/\/www.korhanyilmaz.com\/index.php?rest_route=\/wp\/v2\/posts\/28868\/revisions"}],"wp:attachment":[{"href":"http:\/\/www.korhanyilmaz.com\/index.php?rest_route=%2Fwp%2Fv2%2Fmedia&parent=28868"}],"wp:term":[{"taxonomy":"category","embeddable":true,"href":"http:\/\/www.korhanyilmaz.com\/index.php?rest_route=%2Fwp%2Fv2%2Fcategories&post=28868"},{"taxonomy":"post_tag","embeddable":true,"href":"http:\/\/www.korhanyilmaz.com\/index.php?rest_route=%2Fwp%2Fv2%2Ftags&post=28868"}],"curies":[{"name":"wp","href":"https:\/\/api.w.org\/{rel}","templated":true}]}}