{"id":28864,"date":"2011-02-26T23:57:49","date_gmt":"2011-02-26T21:57:49","guid":{"rendered":"http:\/\/www.korhanyilmaz.com\/?p=28864"},"modified":"2011-02-26T23:57:49","modified_gmt":"2011-02-26T21:57:49","slug":"obama-cok-net-muammer-kaddafi-gitmeli","status":"publish","type":"post","link":"http:\/\/www.korhanyilmaz.com\/?p=28864","title":{"rendered":"Obama \u00e7ok net: Muammer Kaddafi gitmeli!"},"content":{"rendered":"<p style=\"text-align: center;\"><a href=\"http:\/\/www.korhanyilmaz.com\/wp-content\/uploads\/2011\/02\/003.jpg\"  class=\"lightview\"><img loading=\"lazy\" decoding=\"async\" class=\"aligncenter size-full wp-image-28865\" src=\"http:\/\/www.korhanyilmaz.com\/wp-content\/uploads\/2011\/02\/003.jpg\" alt=\"\" width=\"307\" height=\"236\" \/><\/a><\/p>\n<p style=\"text-align: justify;\">Libya lideri Muammer Kaddafi&#8217;nin o\u011flu Seyf\u00fclislam Kaddafi, \u00fclkedeki karga\u015fan\u0131n i\u00e7 sava\u015f da dahil t\u00fcm se\u00e7eneklere kap\u0131y\u0131 a\u00e7t\u0131\u011f\u0131n\u0131 s\u00f6yledi. O\u011ful Kaddafi, &#8220;Bir anla\u015fmaya var\u0131lmak zorunda&#8221; dedi. ABD Ba\u015fkan\u0131 Barack Obama da, Muammer Kaddafi&#8217;nin gitmesi gerekti\u011fini s\u00f6yledi.<!--more--><\/p>\n<p style=\"text-align: justify;\">Seyf\u00fclislam Kaddafi El Arabiye televizyonuna yapt\u0131\u011f\u0131 a\u00e7\u0131klamada, &#8220;Libya halk\u0131n\u0131n kar\u015f\u0131 kar\u015f\u0131ya oldu\u011fu durum, t\u00fcm se\u00e7eneklere kap\u0131y\u0131 a\u00e7m\u0131\u015ft\u0131r ve \u015fu anda i\u00e7 sava\u015f ve d\u0131\u015f m\u00fcdahale i\u015faretleri ba\u015flam\u0131\u015ft\u0131r&#8221; dedi.<\/p>\n<p style=\"text-align: justify;\">O\u011ful Kaddafi, &#8220;Bir anla\u015fmaya var\u0131lmak zorunda. \u00c7\u00fcnk\u00fc, birlikte yeni bir program \u00fczerinde anla\u015fmad\u0131k\u00e7a halk\u0131n gelece\u011fi bulunmuyor&#8221; diye konu\u015ftu.<\/p>\n<p style=\"text-align: justify;\"><strong>Sivillere silah m\u0131 da\u011f\u0131t\u0131ld\u0131? <\/strong><\/p>\n<p style=\"text-align: justify;\">Bu arada Muammer Kaddafi y\u00f6netiminin, sivil destek\u00e7ilerine silah da\u011f\u0131tt\u0131\u011f\u0131, silahlanan gruplar\u0131n Trablus ve \u00e7evresinde yollarda kontrol noktalar\u0131 olu\u015fturdu\u011fu ileri s\u00fcr\u00fcld\u00fc.<\/p>\n<p style=\"text-align: justify;\">G\u00f6rg\u00fc tan\u0131klar\u0131n\u0131n anlat\u0131mlar\u0131na g\u00f6re, bu \u00e7al\u0131\u015fmalara kat\u0131l\u0131p da beraberinde 3 ki\u015fi daha getirene, rejim taraf\u0131ndan otomobil ve para vaat ediliyor. Bu sivillerin, Devrim Komiteleri binalar\u0131na giderek silah ald\u0131klar\u0131 \u00f6ne s\u00fcr\u00fcl\u00fcyor.<\/p>\n<p style=\"text-align: justify;\">Caddelerde, silahlanm\u0131\u015f sivillerle dolu kamyonlar\u0131n ge\u00e7ti\u011fi s\u00f6yleniyor. Bu sivillerin \u00e7o\u011funun gen\u00e7, baz\u0131lar\u0131n\u0131n 20 ya\u015f alt\u0131 oldu\u011fu, ye\u015fil bandaj takt\u0131klar\u0131 belirtiliyor.<\/p>\n<p style=\"text-align: justify;\">Libya lideri Kaddafi, yapt\u0131\u011f\u0131 bir konu\u015fmada &#8220;Zaman\u0131 geldi\u011finde silah depolar\u0131n\u0131 t\u00fcm Libyal\u0131lara, a\u015firetlere a\u00e7aca\u011f\u0131z&#8221; demi\u015fti.<\/p>\n<p style=\"text-align: justify;\">Bu arada  \u0130ngiltere, Fransa ve Kanada, Libya&#8217;daki b\u00fcy\u00fckel\u00e7ilikleri ge\u00e7ici olarak kapatarak, bu \u00fclkedeki diplomatik faaliyetlerini ask\u0131ya ald\u0131klar\u0131n\u0131 a\u00e7\u0131klad\u0131lar.<\/p>\n<p style=\"text-align: justify;\">Libya&#8217;n\u0131n eski adalet bakan\u0131 Mustafa Muhammed Ebud El Celil&#8217;in, Bingazi kentinde ge\u00e7ici bir h\u00fck\u00fcmetin kurulmas\u0131na liderlik etti\u011fi bildirildi.<\/p>\n<p style=\"text-align: justify;\"><strong>OBAMA: &#8220;KADDAF\u0130 G\u0130TMEL\u0130&#8221; <\/strong><\/p>\n<p style=\"text-align: justify;\">Geli\u015fmeleri izleyen ABD Ba\u015fkan\u0131 Barack Obama, Libya lideri Muammer Kaddafi&#8217;nin gitmesi gerekti\u011fini s\u00f6yledi.<\/p>\n<p style=\"text-align: justify;\">Beyaz Saray&#8217;dan yap\u0131lan a\u00e7\u0131klamaya g\u00f6re, Obama, Almanya Ba\u015fbakan\u0131 Angela Merkel&#8217;le yapt\u0131\u011f\u0131 telefon g\u00f6r\u00fc\u015fmesinde, &#8220;Bir liderin iktidarda kalmas\u0131n\u0131n tek yolunun kendi halk\u0131na \u015fiddet kullanmas\u0131 oldu\u011fu vakit, o ki\u015fi me\u015fruiyetini yitirmi\u015f demektir ve hemen ayr\u0131larak \u00fclkesi i\u00e7in do\u011fru olan\u0131 yapmal\u0131d\u0131r&#8221; dedi.<\/p>\n<p style=\"text-align: justify;\">A\u00e7\u0131klamada, Obama ile Merkel&#8217;in Libya halk\u0131n\u0131n evrensel haklar konusundaki talebini destekledikleri ve Kaddafi y\u00f6netiminin &#8220;Sorumlu tutulmas\u0131 gerekti\u011fi&#8221; konusunda mutab\u0131k kald\u0131klar\u0131 kaydedildi.<\/p>\n<p style=\"text-align: justify;\"><strong>BM HEN\u00dcZ ANLA\u015eAMADI <\/strong><\/p>\n<p style=\"text-align: justify;\">Libya&#8217;da Muammer Kaddafi rejimine y\u00f6nelik yapt\u0131r\u0131m se\u00e7eneklerini de\u011ferlendiren BM G\u00fcvenlik Konseyi&#8217;nin \u00fcyeleri aras\u0131nda \u00fclkedeki \u015fiddet olaylar\u0131n\u0131 Uluslararas\u0131 Ceza Mahkemesi&#8217;ne (UCM) ta\u015f\u0131y\u0131p ta\u015f\u0131mama noktas\u0131nda hen\u00fcz anla\u015fma sa\u011flanamad\u0131\u011f\u0131 belirtildi.<\/p>\n<p style=\"text-align: justify;\">Bu arada Kaddafi rejimiyle bir s\u00fcredir yollar\u0131n\u0131 ay\u0131ran ve Konsey&#8217;e yapt\u0131r\u0131m \u00e7a\u011fr\u0131s\u0131nda bulunan Libya&#8217;n\u0131n BM Daimi Temsilcili\u011fi&#8217;nin Konsey&#8217;e bir mektup yazd\u0131\u011f\u0131 ve mektupta \u015fiddet olaylar\u0131n\u0131n UCM&#8217;ye derhal havalesine destek verildi\u011fi bildirildi.<\/p>\n<p style=\"text-align: justify;\">Libya&#8217;n\u0131n BM Daimi Temsilcisi B\u00fcy\u00fckel\u00e7i Abdurrahman \u015ealgam&#8217;\u0131n mektubunda, &#8220;Daimi Temsilcili\u011fin, Libya&#8217;da sivillere kar\u015f\u0131 silahl\u0131 sald\u0131r\u0131da bulunanlar\u0131n, UCM yoluyla da olmak \u00fczere, sorumlu tutulmas\u0131n\u0131 istedi\u011fi&#8221; kaydedildi.<\/p>\n<p style=\"text-align: justify;\">Konsey&#8217;in bug\u00fcne dek sadece Sudan&#8217;\u0131n Darfur b\u00f6lgesindeki \u00e7at\u0131\u015fmalar\u0131UCM&#8217;ye sevketti\u011fi biliniyor. UCM ald\u0131\u011f\u0131 kararla Sudan Devlet Ba\u015fkan\u0131 \u00d6mer ElBe\u015fir&#8217;i insanl\u0131k su\u00e7u i\u015flemekle itham etmi\u015fti.<\/p>\n<p style=\"text-align: justify;\"><strong>TEPK\u0130LER <\/strong><\/p>\n<p style=\"text-align: justify;\"><strong>ABD:<\/strong><\/p>\n<p style=\"text-align: justify;\">Libya ile ilgili yapt\u0131r\u0131mlar\u0131 i\u00e7eren bir ba\u015fkanl\u0131k kararnamesi imzalayan ABD Ba\u015fkan\u0131 Obama, yapt\u0131\u011f\u0131 a\u00e7\u0131klamada, Libya lideri Muammer Kaddafi y\u00f6netimini hedef alan tek tarafl\u0131 yapt\u0131r\u0131mlar\u0131n amac\u0131n\u0131n Libya halk\u0131na ait varl\u0131klar\u0131 korumak oldu\u011funu belirtti.<\/p>\n<p style=\"text-align: justify;\">Obama, Kaddafi h\u00fck\u00fcmetinin uluslararas\u0131 normlar ve ortak kurallar\u0131 ihlal etti\u011fini ve yapt\u0131klar\u0131ndan sorumlu tutulmas\u0131 gerekti\u011fini kaydetti.<\/p>\n<p style=\"text-align: justify;\">Obama&#8217;n\u0131n imzalad\u0131\u011f\u0131 yapt\u0131r\u0131mlar \u00e7er\u00e7evesinde, Kaddafi ve 4 \u00e7ocu\u011funun ABD&#8217;deki mal varl\u0131klar\u0131 donduruluyor.<\/p>\n<p style=\"text-align: justify;\">Hazine Bakanl\u0131\u011f\u0131, Muammer Kaddafi, 3 o\u011flu ve k\u0131z\u0131na y\u00f6nelik yapt\u0131r\u0131mlar\u0131n Libya h\u00fck\u00fcmetine de uygulanaca\u011f\u0131n\u0131 bildirdi.<\/p>\n<p style=\"text-align: justify;\"><strong>\u0130talya:<\/strong><\/p>\n<p style=\"text-align: justify;\">\u0130talya Ba\u015fbakan\u0131 Silvio Berlusconi de, Libya lideri Muammer Kaddafi&#8217;nin &#8220;art\u0131k \u00fclkesinde kontrol sahibi olmad\u0131\u011f\u0131n\u0131&#8221; ileri s\u00fcrd\u00fc.<\/p>\n<p style=\"text-align: justify;\"><strong>Fransa:<\/strong><\/p>\n<p style=\"text-align: justify;\">Frans\u0131z yetkililer, Libya lideri Muammer Kaddafi&#8217;nin, \u00fclkede mal varl\u0131\u011f\u0131 olup olmad\u0131\u011f\u0131n\u0131n ara\u015ft\u0131r\u0131lmas\u0131n\u0131 kararla\u015ft\u0131rd\u0131.<\/p>\n<p style=\"text-align: justify;\">Uluslararas\u0131 \u015eeffafl\u0131k \u00d6rg\u00fct\u00fc&#8217;n\u00fcn Fransa \u015eubesinin yapt\u0131\u011f\u0131 ba\u015fvuruyu inceleyen savc\u0131l\u0131k, Kaddafi ve ailesinin mal varl\u0131\u011f\u0131yla ilgili bir \u00f6n soru\u015fturma ba\u015flat\u0131lmas\u0131na karar verdi. Kurulu\u015f, tespit edilmesi halinde Kaddafi&#8217;nin Fransa&#8217;daki mal varl\u0131\u011f\u0131n\u0131n dondurulmas\u0131n\u0131 talep ediyor.<\/p>\n<p style=\"text-align: justify;\">S\u00f6z konusu kurulu\u015fun \u015fikayeti \u00fczerine, M\u0131s\u0131r Cumhurba\u015fkan\u0131 H\u00fcsn\u00fc M\u00fcbarek&#8217;in de Fransa&#8217;daki mal varl\u0131\u011f\u0131n\u0131n ara\u015ft\u0131r\u0131lmas\u0131 kararla\u015ft\u0131r\u0131lm\u0131\u015ft\u0131.<\/p>\n<p style=\"text-align: justify;\">Fransa, Tunus&#8217;un devrik lideri ZeynelAbidin Bin Ali&#8217;nin mal varl\u0131\u011f\u0131n\u0131n tespiti i\u00e7in daha \u00f6nce bir soru\u015fturma ba\u015flatm\u0131\u015ft\u0131.<\/p>\n<p style=\"text-align: justify;\"><a href=\"http:\/\/www.cnnturk.com\/2011\/dunya\/02\/26\/obama.cok.net.muammer.kaddafi.gitmeli\/608231.0\/index.html\" target=\"_blank\">CNN T\u00dcRK<\/a><\/p>\n","protected":false},"excerpt":{"rendered":"<p style=\"text-align: center;\">\n<p style=\"text-align: justify;\">Libya lideri Muammer Kaddafi&#8217;nin o\u011flu Seyf\u00fclislam Kaddafi, \u00fclkedeki karga\u015fan\u0131n i\u00e7 sava\u015f da dahil t\u00fcm se\u00e7eneklere kap\u0131y\u0131 a\u00e7t\u0131\u011f\u0131n\u0131 s\u00f6yledi. O\u011ful Kaddafi, &#8220;Bir anla\u015fmaya var\u0131lmak zorunda&#8221; dedi. ABD Ba\u015fkan\u0131 Barack Obama da, Muammer Kaddafi&#8217;nin gitmesi gerekti\u011fini s\u00f6yledi.<\/p>\n","protected":false},"author":1,"featured_media":0,"comment_status":"open","ping_status":"closed","sticky":false,"template":"","format":"standard","meta":{"footnotes":""},"categories":[105],"tags":[],"class_list":["post-28864","post","type-post","status-publish","format-standard","hentry","category-gundem","odd"],"_links":{"self":[{"href":"http:\/\/www.korhanyilmaz.com\/index.php?rest_route=\/wp\/v2\/posts\/28864","targetHints":{"allow":["GET"]}}],"collection":[{"href":"http:\/\/www.korhanyilmaz.com\/index.php?rest_route=\/wp\/v2\/posts"}],"about":[{"href":"http:\/\/www.korhanyilmaz.com\/index.php?rest_route=\/wp\/v2\/types\/post"}],"author":[{"embeddable":true,"href":"http:\/\/www.korhanyilmaz.com\/index.php?rest_route=\/wp\/v2\/users\/1"}],"replies":[{"embeddable":true,"href":"http:\/\/www.korhanyilmaz.com\/index.php?rest_route=%2Fwp%2Fv2%2Fcomments&post=28864"}],"version-history":[{"count":0,"href":"http:\/\/www.korhanyilmaz.com\/index.php?rest_route=\/wp\/v2\/posts\/28864\/revisions"}],"wp:attachment":[{"href":"http:\/\/www.korhanyilmaz.com\/index.php?rest_route=%2Fwp%2Fv2%2Fmedia&parent=28864"}],"wp:term":[{"taxonomy":"category","embeddable":true,"href":"http:\/\/www.korhanyilmaz.com\/index.php?rest_route=%2Fwp%2Fv2%2Fcategories&post=28864"},{"taxonomy":"post_tag","embeddable":true,"href":"http:\/\/www.korhanyilmaz.com\/index.php?rest_route=%2Fwp%2Fv2%2Ftags&post=28864"}],"curies":[{"name":"wp","href":"https:\/\/api.w.org\/{rel}","templated":true}]}}