{"id":28860,"date":"2011-02-27T09:21:07","date_gmt":"2011-02-27T07:21:07","guid":{"rendered":"http:\/\/www.korhanyilmaz.com\/?p=28860"},"modified":"2011-02-27T09:21:07","modified_gmt":"2011-02-27T07:21:07","slug":"bm-libyaya-yaptirim-karari-verdi","status":"publish","type":"post","link":"http:\/\/www.korhanyilmaz.com\/?p=28860","title":{"rendered":"BM, Libya&#8217;ya yapt\u0131r\u0131m karar\u0131 verdi!"},"content":{"rendered":"<p style=\"text-align: center;\"><a href=\"http:\/\/www.korhanyilmaz.com\/wp-content\/uploads\/2011\/02\/002.jpg\"  class=\"lightview\"><img loading=\"lazy\" decoding=\"async\" class=\"aligncenter size-full wp-image-28862\" src=\"http:\/\/www.korhanyilmaz.com\/wp-content\/uploads\/2011\/02\/002.jpg\" alt=\"\" width=\"307\" height=\"236\" \/><\/a><\/p>\n<p style=\"text-align: justify;\">BM G\u00fcvenlik Konseyi, Libya&#8217;da Muammer Kaddafi rejimine y\u00f6nelik yapt\u0131r\u0131mlar getiren karar tasar\u0131s\u0131n\u0131 &#8220;oybirli\u011fiyle&#8221; kabul etti. Tasar\u0131da Kaddafi&#8217;yle birlikte ailesinden 9 ve kendisine yak\u0131n 6 ki\u015fiye uluslararas\u0131 seyahat yasa\u011f\u0131 getirilmesi de \u00f6ng\u00f6r\u00fcl\u00fcyor.<!--more--><\/p>\n<p style=\"text-align: justify;\">Konsey&#8217;in bug\u00fcn oybirli\u011fiyle kabul etti\u011fi 1970 say\u0131l\u0131 kararda, Libya&#8217;daki olaylardan ciddi endi\u015fe duyuldu\u011fu belirtilerek, sivillere y\u00f6nelik \u015fiddet ve g\u00fc\u00e7 kullan\u0131lmas\u0131 &#8220;k\u0131nan\u0131yor.&#8221;<\/p>\n<p style=\"text-align: justify;\">Libya&#8217;da &#8220;sivil halka kar\u015f\u0131 kullan\u0131lan yayg\u0131n ve sistematik sald\u0131r\u0131lar\u0131n, insanl\u0131\u011fa kar\u015f\u0131 su\u00e7 te\u015fkil edebilece\u011fi&#8221; kaydedilen kararda, bu sald\u0131r\u0131lar\u0131 d\u00fczenleyenlerin yapt\u0131klar\u0131ndan sorumlu tutulmas\u0131 gere\u011fi de vurgulan\u0131yor.<\/p>\n<p style=\"text-align: justify;\">Bu kapsamda konsey karar\u0131nda, BM Ana S\u00f6zle\u015fmesi&#8217;nin (\u015eart\u0131) 7. B\u00f6l\u00fcm\u00fc&#8217;n\u00fcn 41. maddesi \u00e7er\u00e7ecevesinde, a\u015fa\u011f\u0131daki hususlarda \u00e7a\u011fr\u0131da bulunuyor:<\/p>\n<p style=\"text-align: justify;\">** \u015eiddetin derhal sona ermesi ve n\u00fcfusun me\u015fru taleplerinin yerine getirilmesi,<\/p>\n<p style=\"text-align: justify;\">** Libya&#8217;dan ayr\u0131lmak isteyen t\u00fcm yabanc\u0131lar\u0131n tahliyesinde BM&#8217;ye \u00fcye t\u00fcm \u00fclkelerin i\u015fbirli\u011finde bulunmas\u0131,<\/p>\n<p style=\"text-align: justify;\">** 15 \u015eubat&#8217;tan beri Libya&#8217;da meydana gelen \u015fiddet olaylar\u0131n\u0131n Uluslararas\u0131 Ceza Mahkemesi&#8217;ne (UCM) havale edilmesi ve UCM&#8217;nin savc\u0131s\u0131n\u0131n 2 ay i\u00e7erisinde Konsey&#8217;e bu konuda bilgi vermesi, ard\u0131ndan her 6 ayda bir geli\u015fmelerden Konsey&#8217;i haberdar etmesi,<\/p>\n<p style=\"text-align: justify;\">** T\u00fcm \u00fcye \u00fclkelerin Libya&#8217;ya do\u011frudan ya da dolayl\u0131 silah, m\u00fchimmat, askeri ara\u00e7 ya da yedek par\u00e7as\u0131 tedari\u011fini, sat\u0131\u015f\u0131n\u0131 veya transferini durduracak \u00f6nlemler almas\u0131,<\/p>\n<p style=\"text-align: justify;\">** Libya&#8217;n\u0131n t\u00fcm silah ve ilgili malzemelerin ihracat\u0131n\u0131 durdurmas\u0131,<\/p>\n<p style=\"text-align: justify;\">** BM&#8217;ye \u00fcye \u00fclkelerin, vatanda\u015flar\u0131n\u0131n, Libya yetkililerinin insan haklar\u0131 ihlallerine katk\u0131da bulunacak faaliyetlere kat\u0131lmak \u00fczere Libya&#8217;ya seyahat etmelerinin \u00f6n\u00fcne ge\u00e7meleri.<\/p>\n<p style=\"text-align: justify;\">Karar\u0131n eklerinde uluslararas\u0131 seyahat yasa\u011f\u0131 getirilen toplam 16 ki\u015fi aras\u0131nda Muammer Kaddafi ba\u015fta olmak \u00fczere Kaddafi&#8217;nin ailesi ve yak\u0131n \u00e7evresinden ki\u015filer bulunuyor.<\/p>\n<p style=\"text-align: justify;\">Bu ki\u015filer \u015fu \u015fekilde belirtildi: Muammer Kaddafi, Dr. Abd\u00fclkadir Muhammed El Ba\u011fdadi, Abd\u00fclkadir Yusuf Dibri, Ebu Zeyd Umar Dorda, T\u00fcmgeneral Ebu Bekir Yunus Cebir, Matuk Muhammed Matuk, Seyyid Muhammed Kadaf El-dam (Kaddafi&#8217;nin kuzeni), Ay\u015fe Muammer Kaddafi (k\u0131z\u0131), Hannibal Muammer Kaddafi (o\u011flu), Hamis Muammer Kaddafi (o\u011flu), Muhammed Muammer Kaddafi (o\u011flu), Mutaas\u0131m Kaddafi (o\u011flu), Seydi Kaddafi (o\u011flu), Seyif El-Arab Kaddafi (o\u011flu), Seyif El-\u0130slam Kaddafi (o\u011flu), Albay Abdullah El-Senusi.<\/p>\n<p style=\"text-align: justify;\">Karar ekinde malvarl\u0131\u011f\u0131 dondurulan 6 ki\u015finin isimleri de \u015fu \u015fekilde s\u0131raland\u0131: Muammer Kaddafi, Ay\u015fe Muammer Kaddafi, Hannibal Muammer Kaddafi, Hamis Muammer Kaddafi, Mutaas\u0131m Kaddafi, Seyif El-\u0130slam Kaddafi.<\/p>\n<p style=\"text-align: justify;\">Bu arada 15 \u00fcyeli BM G\u00fcvenlik Konseyi&#8217;nin, Kaddafi rejimine y\u00f6nelik yapt\u0131r\u0131m karar\u0131n\u0131 &#8220;oy birli\u011fiyle&#8221; almas\u0131, karar\u0131n etkinli\u011fini daha da art\u0131rd\u0131.<\/p>\n<p style=\"text-align: justify;\">Konsey&#8217;in veto g\u00fcc\u00fcne sahip 5 daimi \u00fcyesi (ABD, Rusya, \u0130ngiltere, Fransa, \u00c7in) ve 10 ge\u00e7ici \u00fcyesinin (Bosna-Hersek, Brezilya, Kolombiya, Gabon, Almanya, Hindistan, L\u00fcbnan, Nijerya, Portekiz ve G\u00fcney Afrika) tamam\u0131, yapt\u0131r\u0131m karar\u0131na &#8220;evet&#8221; oyu verdi.<\/p>\n<p style=\"text-align: justify;\">Karar\u0131n di\u011fer \u00f6nemli bir \u00f6zelli\u011fi de Konsey&#8217;in, Sudan&#8217;\u0131n Darfur b\u00f6lgesindeki \u00e7at\u0131\u015fmalar\u0131 Uluslararas\u0131 Ceza Mahkemesi&#8217;ne (UCM) havale etmesinin ard\u0131ndan tarihinde ikinci kez Libya&#8217;daki \u015fiddet olaylar\u0131n\u0131 UCM&#8217;ye ta\u015f\u0131ma karar\u0131 almas\u0131 ve bu karar\u0131 ilk kez bu defa &#8220;oybirli\u011fiyle&#8221; almas\u0131 oldu.<\/p>\n<p style=\"text-align: justify;\"><strong>Libyal\u0131 diplomat Dabba\u015fi ve genel sekreterden Konsey&#8217;e te\u015fekk\u00fcr <\/strong><\/p>\n<p style=\"text-align: justify;\">Konsey yapt\u0131r\u0131m karar\u0131n\u0131 almas\u0131n\u0131n ard\u0131ndan Libya&#8217;n\u0131n BM Daimi Temsilci Yard\u0131mc\u0131s\u0131 \u0130brahim Dabba\u015fi Konsey&#8217;e hitaben bir te\u015fekk\u00fcr konu\u015fmas\u0131 yapt\u0131. Dabba\u015fi konu\u015fmas\u0131nda, yapt\u0131r\u0131m karar\u0131n\u0131n Kaddafi&#8217;ye direnen halka &#8220;manevi destek verdi\u011fini&#8221; ifade etti.<\/p>\n<p style=\"text-align: justify;\">Kaddafi&#8217;ye ilk isyan bayra\u011f\u0131n\u0131 \u00e7eken ve onu liderlikten \u00e7ekilmeye davet eden ilk Libyal\u0131 diplomat olan Dabba\u015fi konu\u015fmas\u0131nda, Kaddafi rejiminin \u00e7oktan g\u00fcvenirli\u011fini ve me\u015fruiyetini kaybetti\u011fini belirterek &#8220;Bu karar\u0131n, Trablus&#8217;ta hala varl\u0131\u011f\u0131n\u0131 s\u00fcrd\u00fcren bu fa\u015fist rejimin sona ermesine yard\u0131mc\u0131 olmas\u0131n\u0131 umuyoruz&#8221; dedi.<\/p>\n<p style=\"text-align: justify;\">Dabba\u015fi, Libya ordusu mensuplar\u0131na da \u00e7a\u011fr\u0131da bulunarak onlardan halka destek vermelerini ve Kaddafi rejimini k\u0131namalar\u0131n\u0131 istedi.<\/p>\n<p style=\"text-align: justify;\">&#8220;En \u00f6nemli \u015fey bu rejimin sona ermesidir&#8221; diye konu\u015fan Libyal\u0131 diplomat, halk\u0131n rejime direnmeye devam etmesini istediklerini ve yak\u0131nda rejimin devrilece\u011fine inand\u0131\u011f\u0131n\u0131 s\u00f6yledi.<\/p>\n<p style=\"text-align: justify;\">Dabba\u015fi daha sonra gazetecilerin sorular\u0131 \u00fczerine ise kendilerinin Libya halk\u0131 i\u00e7in \u00e7al\u0131\u015ft\u0131klar\u0131n\u0131, bir s\u00fcredir Trablus&#8217;taki rejimle ilgilerini kestiklerini s\u00f6yledi.<\/p>\n<p style=\"text-align: justify;\">Dabba\u015fi sorular \u00fczerine kendisinin sadece g\u00f6revini yapt\u0131\u011f\u0131n\u0131 ve as\u0131l cesareti Libya halk\u0131n\u0131n g\u00f6sterdi\u011fini de s\u00f6yledi.<\/p>\n<p style=\"text-align: justify;\">Genel Sekreter Ban Ki-mun da Konsey&#8217;de yapt\u0131\u011f\u0131 konu\u015fmada, Konsey&#8217;i kabul etti\u011fi karar dolay\u0131s\u0131yla tebrik etti\u011fini belirterek &#8220;Bu karar, temel insan haklar\u0131n\u0131n ihlallerinin ho\u015fg\u00f6r\u00fclemeyece\u011fi, ve bu t\u00fcr ciddi su\u00e7 i\u015fleyenlerin sorumlu tutulacaklar\u0131 y\u00f6n\u00fcnde t\u00fcm d\u00fcnyaya g\u00fc\u00e7l\u00fc bir mesaj vermektedir. Umar\u0131m bu mesaj, Libya&#8217;daki liderlik taraf\u0131ndan dinlenir&#8221; dedi. Ban \u00f6n\u00fcm\u00fczdeki g\u00fcnlerde daha da sert \u00f6nlemlerin al\u0131nabilece\u011fini de belirtti.<\/p>\n<p style=\"text-align: justify;\"><strong>Bat\u0131l\u0131 temsilciler <\/strong><\/p>\n<p style=\"text-align: justify;\">\u0130ngiltere&#8217;nin BM Daimi Temsilcisi B\u00fcy\u00fckel\u00e7i Mark Lyall Grant yapt\u0131\u011f\u0131 a\u00e7\u0131klamada, &#8220;Yapt\u0131r\u0131mlar, uluslararas\u0131 toplumun Libya&#8217;daki \u015fiddete kar\u015f\u0131 duydu\u011fu derin endi\u015fe ve asl\u0131nda k\u0131zg\u0131nl\u0131\u011f\u0131n g\u00fc\u00e7l\u00fc bir ifadesi oldu&#8221; dedi.<\/p>\n<p style=\"text-align: justify;\">Grant gazetecilerin sorular\u0131 \u00fczerine de, UCM Savc\u0131s\u0131ndan Libya&#8217;daki olaylarla ilgili derhal soru\u015fturma ba\u015flatmas\u0131n\u0131 ve kendilerine 2 ay i\u00e7inde bilgi vermesini istediklerini belirtirken karar\u0131n Kaddafi rejimine y\u00f6nelik son derece &#8220;sert ve ba\u011flay\u0131c\u0131 yapt\u0131r\u0131mlar&#8221; getirmesinden son derece memnun olduklar\u0131n\u0131 s\u00f6yledi.<\/p>\n<p style=\"text-align: justify;\">Grant, 24 saat \u00f6nce Konsey&#8217;e sunduklar\u0131 karar tasar\u0131s\u0131n\u0131n h\u0131zla ve oybirli\u011fiyle kabul\u00fcnden ayr\u0131ca memnun olduklar\u0131n\u0131 da dile getirdi.<\/p>\n<p style=\"text-align: justify;\">ABD&#8217;nin BM Daimi Temsilcisi B\u00fcy\u00fckel\u00e7i Susan Rice da konu\u015fmas\u0131nda, yapt\u0131r\u0131m karar\u0131n\u0131n son derece h\u0131zl\u0131 al\u0131nm\u0131\u015f, g\u00fc\u00e7l\u00fc, ba\u011flay\u0131c\u0131 ve etkin bir karar oldu\u011funu d\u00fc\u015f\u00fcnd\u00fclerini vurgulayarak &#8220;Sivillere k\u0131y\u0131m uygulayanlar ki\u015fisel olarak yapt\u0131klar\u0131ndan sorumlu tutulacaklard\u0131r&#8221; dedi.<\/p>\n<p style=\"text-align: justify;\">Rice bu kapsamda Konsey&#8217;in &#8220;tek ses olmas\u0131ndan ve sert ve ba\u011flay\u0131c\u0131 yapt\u0131r\u0131m karar\u0131 almas\u0131ndan&#8221; dolay\u0131 son derece memnun olduklar\u0131n\u0131 ifade etti.<\/p>\n<p style=\"text-align: justify;\">Fransa&#8217;n\u0131n BM Daimi Temsilcisi B\u00fcy\u00fckel\u00e7i Gerard Araud da, Ortado\u011fu&#8217;da ve Kuzey Afrika&#8217;da &#8220;\u00f6zg\u00fcrl\u00fck ve de\u011fi\u015fim r\u00fczgarlar\u0131n\u0131n esti\u011fini&#8221; belirterek, BM G\u00fcvenlik Konseyi&#8217;nin de uluslararas\u0131 ili\u015fkilerdeki bu yeni d\u00f6neme yan\u0131t verebilmeyi ba\u015fard\u0131\u011f\u0131n\u0131 s\u00f6yledi.<\/p>\n<p style=\"text-align: justify;\">Almanya&#8217;n\u0131n BM Daimi Temsilcisi B\u00fcy\u00fckel\u00e7i Peter Wittig ise Konsey&#8217;in d\u00fcnyaya bu derece g\u00fc\u00e7l\u00fc bir mesaj vermesinden \u00e7ok memnun olduklar\u0131n\u0131 belirterek, Konsey a\u00e7\u0131s\u0131ndan &#8220;tarihi bir g\u00fcn&#8221; ya\u015fand\u0131\u011f\u0131n\u0131 s\u00f6yledi.<\/p>\n<p style=\"text-align: justify;\"><a href=\"http:\/\/www.cnnturk.com\/2011\/dunya\/02\/27\/bm.libyaya.yaptirim.karari.verdi\/608281.0\/index.html\" target=\"_blank\"><span style=\"color: #888888;\">CNN T\u00dcRK<\/span><\/a><\/p>\n","protected":false},"excerpt":{"rendered":"<p style=\"text-align: center;\">\n<p style=\"text-align: justify;\">BM G\u00fcvenlik Konseyi, Libya&#8217;da Muammer Kaddafi rejimine y\u00f6nelik yapt\u0131r\u0131mlar getiren karar tasar\u0131s\u0131n\u0131 &#8220;oybirli\u011fiyle&#8221; kabul etti. Tasar\u0131da Kaddafi&#8217;yle birlikte ailesinden 9 ve kendisine yak\u0131n 6 ki\u015fiye uluslararas\u0131 seyahat yasa\u011f\u0131 getirilmesi de \u00f6ng\u00f6r\u00fcl\u00fcyor.<\/p>\n","protected":false},"author":1,"featured_media":0,"comment_status":"open","ping_status":"closed","sticky":false,"template":"","format":"standard","meta":{"footnotes":""},"categories":[105],"tags":[],"class_list":["post-28860","post","type-post","status-publish","format-standard","hentry","category-gundem","odd"],"_links":{"self":[{"href":"http:\/\/www.korhanyilmaz.com\/index.php?rest_route=\/wp\/v2\/posts\/28860","targetHints":{"allow":["GET"]}}],"collection":[{"href":"http:\/\/www.korhanyilmaz.com\/index.php?rest_route=\/wp\/v2\/posts"}],"about":[{"href":"http:\/\/www.korhanyilmaz.com\/index.php?rest_route=\/wp\/v2\/types\/post"}],"author":[{"embeddable":true,"href":"http:\/\/www.korhanyilmaz.com\/index.php?rest_route=\/wp\/v2\/users\/1"}],"replies":[{"embeddable":true,"href":"http:\/\/www.korhanyilmaz.com\/index.php?rest_route=%2Fwp%2Fv2%2Fcomments&post=28860"}],"version-history":[{"count":0,"href":"http:\/\/www.korhanyilmaz.com\/index.php?rest_route=\/wp\/v2\/posts\/28860\/revisions"}],"wp:attachment":[{"href":"http:\/\/www.korhanyilmaz.com\/index.php?rest_route=%2Fwp%2Fv2%2Fmedia&parent=28860"}],"wp:term":[{"taxonomy":"category","embeddable":true,"href":"http:\/\/www.korhanyilmaz.com\/index.php?rest_route=%2Fwp%2Fv2%2Fcategories&post=28860"},{"taxonomy":"post_tag","embeddable":true,"href":"http:\/\/www.korhanyilmaz.com\/index.php?rest_route=%2Fwp%2Fv2%2Ftags&post=28860"}],"curies":[{"name":"wp","href":"https:\/\/api.w.org\/{rel}","templated":true}]}}