{"id":28857,"date":"2011-02-26T17:47:22","date_gmt":"2011-02-26T15:47:22","guid":{"rendered":"http:\/\/www.korhanyilmaz.com\/?p=28857"},"modified":"2011-02-26T17:47:22","modified_gmt":"2011-02-26T15:47:22","slug":"turkiye-ile-uyelik-muzakerelerini-durdurun","status":"publish","type":"post","link":"http:\/\/www.korhanyilmaz.com\/?p=28857","title":{"rendered":"&#8216;T\u00fcrkiye ile \u00fcyelik m\u00fczakerelerini durdurun!&#8217;"},"content":{"rendered":"<p><a href=\"http:\/\/www.korhanyilmaz.com\/wp-content\/uploads\/2011\/02\/001.jpg\"  class=\"lightview\"><img loading=\"lazy\" decoding=\"async\" class=\"aligncenter size-full wp-image-28858\" src=\"http:\/\/www.korhanyilmaz.com\/wp-content\/uploads\/2011\/02\/001.jpg\" alt=\"\" width=\"292\" height=\"167\" \/><\/a><\/p>\n<p style=\"text-align: justify;\">Alman Hristiyan Birlik partilerinin (CDU\/CSU) Federal Meclis Grubu Ba\u015fkan\u0131 Volker Kauder, T\u00fcrkiye ile y\u00fcr\u00fct\u00fclmekte olan AB \u00fcyelik m\u00fczakerelerinin durdurulmas\u0131n\u0131 istedi.<\/p>\n<p style=\"text-align: justify;\">Kauder, D\u00fcsseldorf kentinde yay\u0131mlanan &#8220;Rheinische Post&#8221; gazetesine yapt\u0131\u011f\u0131 a\u00e7\u0131klamada, &#8220;T\u00fcrkiye din \u00f6zg\u00fcrl\u00fc\u011f\u00fcn\u00fc t\u00fcm\u00fcyle sa\u011flamad\u0131\u011f\u0131 s\u00fcrece AB&#8217;den \u00fcyelik m\u00fczakerelerinde hi\u00e7bir yeni ba\u015fl\u0131k a\u00e7mamas\u0131n\u0131 talep ediyorum&#8221; dedi. <!--more--><\/p>\n<p style=\"text-align: justify;\">T\u00fcrkiye&#8217;nin bu konuda yapt\u0131\u011f\u0131 a\u00e7\u0131klamalar\u0131n yeterli olmad\u0131\u011f\u0131n\u0131 ve bu a\u00e7\u0131klamalar\u0131 uygulamalar\u0131n izlemesi gerekti\u011fini belirten Kauder, bunun i\u00e7in T\u00fcrkiye&#8217;de ya\u015fayan Rum Ortodoks Hristiyanlar\u0131n e\u011fitimine izin verilmesi gerekti\u011fini savundu.<\/p>\n<p style=\"text-align: justify;\">Mor Gabriel Manast\u0131r\u0131 arazisiyle de ilgili olarak Kauder, &#8220;Bu kritik bir nokta. Faal bir manast\u0131rdan sessiz bir m\u00fcze yap\u0131labilmesi i\u00e7in Hristiyan S\u00fcryanilerin burada kas\u0131tl\u0131 olarak s\u0131k\u0131\u015ft\u0131r\u0131ld\u0131\u011f\u0131na inan\u0131yorum&#8221; \u015feklinde konu\u015ftu.<\/p>\n<p style=\"text-align: justify;\">Bu sorunun siyasi yoldan \u00e7\u00f6z\u00fclmesi gerekti\u011fini ifade eden Kauder, &#8220;Ba\u015fbakan Recep Tayyip Erdo\u011fan&#8217;\u0131n, yar\u0131n D\u00fcsseldorf&#8217;ta vatanda\u015flara hitaben yapaca\u011f\u0131 konu\u015fmada bu konulara ili\u015fkin olarak a\u00e7\u0131k\u00e7a bir \u015fey s\u00f6ylemesini bekledi\u011fini&#8221; s\u00f6yledi.<\/p>\n<p style=\"text-align: justify;\"><a href=\"http:\/\/www.cnnturk.com\/2011\/dunya\/02\/26\/turkiye.ile.uyelik.muzakerelerini.durdurun\/608253.0\/index.html\" target=\"_blank\"><span style=\"color: #888888;\">CNN T\u00dcRK<\/span><\/a><\/p>\n","protected":false},"excerpt":{"rendered":"<\/p>\n<p style=\"text-align: justify;\">Alman Hristiyan Birlik partilerinin (CDU\/CSU) Federal Meclis Grubu Ba\u015fkan\u0131 Volker Kauder, T\u00fcrkiye ile y\u00fcr\u00fct\u00fclmekte olan AB \u00fcyelik m\u00fczakerelerinin durdurulmas\u0131n\u0131 istedi.<\/p>\n<p style=\"text-align: justify;\">Kauder, D\u00fcsseldorf kentinde yay\u0131mlanan &#8220;Rheinische Post&#8221; gazetesine yapt\u0131\u011f\u0131 a\u00e7\u0131klamada, &#8220;T\u00fcrkiye din \u00f6zg\u00fcrl\u00fc\u011f\u00fcn\u00fc t\u00fcm\u00fcyle sa\u011flamad\u0131\u011f\u0131 s\u00fcrece AB&#8217;den \u00fcyelik m\u00fczakerelerinde hi\u00e7bir yeni ba\u015fl\u0131k a\u00e7mamas\u0131n\u0131 talep ediyorum&#8221; dedi. <\/p>\n","protected":false},"author":1,"featured_media":0,"comment_status":"open","ping_status":"closed","sticky":false,"template":"","format":"standard","meta":{"footnotes":""},"categories":[105],"tags":[],"class_list":["post-28857","post","type-post","status-publish","format-standard","hentry","category-gundem","odd"],"_links":{"self":[{"href":"http:\/\/www.korhanyilmaz.com\/index.php?rest_route=\/wp\/v2\/posts\/28857","targetHints":{"allow":["GET"]}}],"collection":[{"href":"http:\/\/www.korhanyilmaz.com\/index.php?rest_route=\/wp\/v2\/posts"}],"about":[{"href":"http:\/\/www.korhanyilmaz.com\/index.php?rest_route=\/wp\/v2\/types\/post"}],"author":[{"embeddable":true,"href":"http:\/\/www.korhanyilmaz.com\/index.php?rest_route=\/wp\/v2\/users\/1"}],"replies":[{"embeddable":true,"href":"http:\/\/www.korhanyilmaz.com\/index.php?rest_route=%2Fwp%2Fv2%2Fcomments&post=28857"}],"version-history":[{"count":0,"href":"http:\/\/www.korhanyilmaz.com\/index.php?rest_route=\/wp\/v2\/posts\/28857\/revisions"}],"wp:attachment":[{"href":"http:\/\/www.korhanyilmaz.com\/index.php?rest_route=%2Fwp%2Fv2%2Fmedia&parent=28857"}],"wp:term":[{"taxonomy":"category","embeddable":true,"href":"http:\/\/www.korhanyilmaz.com\/index.php?rest_route=%2Fwp%2Fv2%2Fcategories&post=28857"},{"taxonomy":"post_tag","embeddable":true,"href":"http:\/\/www.korhanyilmaz.com\/index.php?rest_route=%2Fwp%2Fv2%2Ftags&post=28857"}],"curies":[{"name":"wp","href":"https:\/\/api.w.org\/{rel}","templated":true}]}}