{"id":28839,"date":"2011-02-24T14:46:39","date_gmt":"2011-02-24T12:46:39","guid":{"rendered":"http:\/\/www.korhanyilmaz.com\/?p=28839"},"modified":"2011-02-24T14:46:39","modified_gmt":"2011-02-24T12:46:39","slug":"dspden-buyukersene-buyuk-suclama","status":"publish","type":"post","link":"http:\/\/www.korhanyilmaz.com\/?p=28839","title":{"rendered":"DSP&#8217;den B\u00fcy\u00fcker\u015fen&#8217;e b\u00fcy\u00fck su\u00e7lama"},"content":{"rendered":"<p style=\"text-align: justify;\"><a href=\"http:\/\/www.korhanyilmaz.com\/wp-content\/uploads\/2011\/02\/534.jpg\"  class=\"lightview\"><img loading=\"lazy\" decoding=\"async\" class=\"aligncenter size-full wp-image-28840\" src=\"http:\/\/www.korhanyilmaz.com\/wp-content\/uploads\/2011\/02\/534.jpg\" alt=\"\" width=\"465\" height=\"223\" \/><\/a><\/p>\n<p style=\"text-align: justify;\">DSP Genel Ba\u015fkan Yard\u0131mc\u0131s\u0131 \u00d6nder Aksakal, partiden istifa eden Eski\u015fehir B\u00fcy\u00fck\u015fehir Belediye Ba\u015fkan\u0131 Y\u0131lmaz B\u00fcy\u00fcker\u015fen\u2019in, DSP\u2019yi se\u00e7imlere kat\u0131lamayacak bir parti haline getirmeyi hedefleyen projede yer ald\u0131\u011f\u0131n\u0131 iddia etti.<\/p>\n<p style=\"text-align: justify;\">Aksakal, &#8220;DSP\u2019li belediye ba\u015fkanlar\u0131n\u0131, farkl\u0131 tarihlerde birer birer istifa ettirerek nisan ay\u0131nda da kendisi istifa ederek toplumda \u2019DSP bitti\u2019 imaj\u0131 yaratacaklard\u0131&#8221; dedi. <!--more--><\/p>\n<p style=\"text-align: justify;\">Genel Ba\u015fkan Yard\u0131mc\u0131s\u0131 \u00d6nder Aksakal, Antalya\u2019da parti binas\u0131nda d\u00fczenledi\u011fi bas\u0131n toplant\u0131s\u0131nda T\u00fcrkiye B\u00fcy\u00fck Millet Meclisi\u2019nin (TBMM) 12 Haziran\u2019\u0131 se\u00e7im tarihi olarak belirlemesiyle, Ba\u015fbakan Recep Tayyip Erdo\u011fan\u2019\u0131n \u00f6zlemi ve ana muhalefet partisinin &#8220;\u0130stemem yan cebime koy&#8221; dedi\u011fi iki partili parlamento senaryosunun hayata ge\u00e7irilmeye \u00e7al\u0131\u015f\u0131laca\u011f\u0131n\u0131 s\u00f6yledi. \u0130ki partili parlamentonun T\u00fcrkiye\u2019nin yeni anayasan\u0131n\u0131 yapaca\u011f\u0131n\u0131 belirten Aksakal, &#8220;Toplumun yar\u0131s\u0131n\u0131n yer almad\u0131\u011f\u0131 bir Meclis aritmeti\u011fiyle toplumun tamam\u0131n\u0131 y\u00f6netecek bir anayasa yap\u0131lacak ve yeni d\u00fcnya d\u00fczeninde yeni T\u00fcrkiye projesi yatar\u0131lacak&#8221; diye konu\u015ftu. T\u00fcrkiye\u2019de ba\u015fkanl\u0131k sistemine ge\u00e7ilece\u011fini ileri s\u00fcren \u00d6nder Aksakal, buna da en b\u00fcy\u00fck deste\u011fin &#8220;yeni CHP&#8221;den gelece\u011fini savundu.<\/p>\n<p style=\"text-align: justify;\">Aksakal, &#8220;Demokrasinin olmazsa olmaz\u0131 \u00e7ok partili sistemi T\u00fcrk halk\u0131na kazand\u0131ran bir partinin \u00f6rt\u00fcl\u00fc deste\u011fiyle b\u00f6yle bir projenin hayata ge\u00e7irilmeye \u00e7al\u0131\u015f\u0131lmas\u0131 en hafif deyimiyle \u2019yaz\u0131klar olsun\u2019 dedirtiyor&#8221; diye konu\u015ftu.<\/p>\n<p style=\"text-align: justify;\"><strong>&#8220;ULUSAL B\u0130RL\u0130KTEL\u0130K&#8221;<\/strong><\/p>\n<p style=\"text-align: justify;\">T\u00fcrkiye\u2019nin y\u00fczde 10 se\u00e7im baraj\u0131na dayal\u0131 antidemokratik bir se\u00e7im sistemine sahip oldu\u011funu belirten DSP Genel Ba\u015fkan Yard\u0131mc\u0131s\u0131 \u00d6nder Aksakal, baraj alt\u0131nda g\u00f6sterilen, se\u00e7ime kat\u0131lma yeterlili\u011fi olan ya da olmayan, yasal b\u00fct\u00fcn partilerin biraraya gelmesiyle antidemokratik oldu\u011funu belirtti\u011fi y\u00fczde 10\u2019luk se\u00e7im baraj\u0131n\u0131 ortadan kald\u0131racak bir birliktelik yap\u0131lmas\u0131nda yarar oldu\u011funu s\u00f6yledi. Bunun ad\u0131n\u0131n koalisyon olamayaca\u011f\u0131n\u0131 ancak &#8220;ulusal birliktelik&#8221; olarak isimlendirmenin daha do\u011fru olaca\u011f\u0131n\u0131 belirten Aksakal, \u015funlar\u0131 s\u00f6yledi:<\/p>\n<p style=\"text-align: justify;\">&#8220;Masaya oturuldu\u011funda hi\u00e7bir \u00f6nyarg\u0131 olmaks\u0131n\u0131z\u0131n, hi\u00e7bir komplekse kap\u0131lmaks\u0131z\u0131n, \u2019sen y\u00fczde \u015fu kadard\u0131n, di\u011feri y\u00fczde \u015fu kadar\u2019 hesab\u0131 yapmaks\u0131z\u0131n b\u00fct\u00fcn toplum kesimlerinin parlamentoda temsilini sa\u011flayacak bir sistemin g\u00f6r\u00fc\u015fmelerini s\u00fcrd\u00fcr\u00fcyoruz.&#8221;<\/p>\n<p style=\"text-align: justify;\"><strong>B\u00dcY\u00dcKER\u015eEN \u0130DD\u0130ASI<\/strong><\/p>\n<p style=\"text-align: justify;\">\u00d6nder Aksakal, bir soru \u00fczerine, partisinden istifa eden Eski\u015fehir B\u00fcy\u00fck\u015fehir Belediye Ba\u015fkan\u0131 Y\u0131lmaz B\u00fcy\u00fcker\u015fen\u2019in, &#8220;Ben zaten 20009\u2019dan beri CHP ile diyaloglar\u0131 s\u00fcrd\u00fcr\u00fcyorum&#8221; demekle asl\u0131nda DSP\u2019li olmad\u0131\u011f\u0131n\u0131, DSP\u2019nin ismini ve uzla\u015ft\u0131r\u0131c\u0131 yap\u0131s\u0131n\u0131 kullanarak kendi iktidar\u0131n\u0131 s\u00fcrd\u00fcrd\u00fc\u011f\u00fcn\u00fc itiraf etti\u011fini ileri s\u00fcrd\u00fc. B\u00fcy\u00fcker\u015fen\u2019in, toplum nezdinde DSP\u2019yi se\u00e7imlere kat\u0131lamayacak bir parti haline getirmek, olan projenin bir aya\u011f\u0131nda yer ald\u0131\u011f\u0131n\u0131 iddia eden Aksakal, &#8220;Nas\u0131l yapacakt\u0131 bunu? DSP\u2019li belediye ba\u015fkanlar\u0131n\u0131, farkl\u0131 tarihlerde birer birer istifa ettirerek, nisan ay\u0131nda da kendisi istifa ederek toplumda \u2019DSP bitti\u2019 imaj\u0131 yaratacaklard\u0131. Bunu kendi beyan\u0131yla, parti meclisi \u00fcyemize s\u00f6ylemesiyle, bunu DSP Genel Merkezi tebligat olarak alg\u0131lad\u0131. O zaman, \u2019\u00d6n\u00fcn\u00fczde iki yol var. Ya DSP\u2019li oldu\u011funuzu a\u00e7\u0131klay\u0131n ya da gere\u011fini yap\u0131n\u2019 dedik, o da gere\u011fini yapt\u0131&#8221; diye konu\u015ftu.<\/p>\n<p style=\"text-align: justify;\"><a href=\"http:\/\/www.gazeteport.com.tr\/SIYASET\/NEWS\/GP_859116\" target=\"_blank\"><span style=\"color: #888888;\">Kaynak : GAZETEPORT<\/span><\/a><\/p>\n","protected":false},"excerpt":{"rendered":"<p style=\"text-align: justify;\">\n<p style=\"text-align: justify;\">DSP Genel Ba\u015fkan Yard\u0131mc\u0131s\u0131 \u00d6nder Aksakal, partiden istifa eden Eski\u015fehir B\u00fcy\u00fck\u015fehir Belediye Ba\u015fkan\u0131 Y\u0131lmaz B\u00fcy\u00fcker\u015fen\u2019in, DSP\u2019yi se\u00e7imlere kat\u0131lamayacak bir parti haline getirmeyi hedefleyen projede yer ald\u0131\u011f\u0131n\u0131 iddia etti.<\/p>\n<p style=\"text-align: justify;\">Aksakal, &#8220;DSP\u2019li belediye ba\u015fkanlar\u0131n\u0131, farkl\u0131 tarihlerde birer birer istifa ettirerek nisan ay\u0131nda da kendisi istifa ederek toplumda \u2019DSP bitti\u2019 imaj\u0131 <\/p>\n","protected":false},"author":1,"featured_media":0,"comment_status":"open","ping_status":"closed","sticky":false,"template":"","format":"standard","meta":{"footnotes":""},"categories":[105],"tags":[],"class_list":["post-28839","post","type-post","status-publish","format-standard","hentry","category-gundem","odd"],"_links":{"self":[{"href":"http:\/\/www.korhanyilmaz.com\/index.php?rest_route=\/wp\/v2\/posts\/28839","targetHints":{"allow":["GET"]}}],"collection":[{"href":"http:\/\/www.korhanyilmaz.com\/index.php?rest_route=\/wp\/v2\/posts"}],"about":[{"href":"http:\/\/www.korhanyilmaz.com\/index.php?rest_route=\/wp\/v2\/types\/post"}],"author":[{"embeddable":true,"href":"http:\/\/www.korhanyilmaz.com\/index.php?rest_route=\/wp\/v2\/users\/1"}],"replies":[{"embeddable":true,"href":"http:\/\/www.korhanyilmaz.com\/index.php?rest_route=%2Fwp%2Fv2%2Fcomments&post=28839"}],"version-history":[{"count":0,"href":"http:\/\/www.korhanyilmaz.com\/index.php?rest_route=\/wp\/v2\/posts\/28839\/revisions"}],"wp:attachment":[{"href":"http:\/\/www.korhanyilmaz.com\/index.php?rest_route=%2Fwp%2Fv2%2Fmedia&parent=28839"}],"wp:term":[{"taxonomy":"category","embeddable":true,"href":"http:\/\/www.korhanyilmaz.com\/index.php?rest_route=%2Fwp%2Fv2%2Fcategories&post=28839"},{"taxonomy":"post_tag","embeddable":true,"href":"http:\/\/www.korhanyilmaz.com\/index.php?rest_route=%2Fwp%2Fv2%2Ftags&post=28839"}],"curies":[{"name":"wp","href":"https:\/\/api.w.org\/{rel}","templated":true}]}}