{"id":28835,"date":"2011-02-24T17:35:17","date_gmt":"2011-02-24T15:35:17","guid":{"rendered":"http:\/\/www.korhanyilmaz.com\/?p=28835"},"modified":"2011-02-24T17:35:17","modified_gmt":"2011-02-24T15:35:17","slug":"kaddafi-sucluyu-ilan-etti-el-kaide","status":"publish","type":"post","link":"http:\/\/www.korhanyilmaz.com\/?p=28835","title":{"rendered":"Kaddafi su\u00e7luyu ilan etti: &#8220;El Kaide&#8221;"},"content":{"rendered":"<p style=\"text-align: center;\"><a href=\"http:\/\/www.korhanyilmaz.com\/wp-content\/uploads\/2011\/02\/533.jpg\"  class=\"lightview\"><img loading=\"lazy\" decoding=\"async\" class=\"aligncenter size-full wp-image-28836\" src=\"http:\/\/www.korhanyilmaz.com\/wp-content\/uploads\/2011\/02\/533.jpg\" alt=\"\" width=\"307\" height=\"236\" \/><\/a><\/p>\n<p style=\"text-align: justify;\">Libya&#8217;n\u0131n taht\u0131 sallant\u0131da olan lideri Muammer Kaddafi devlet televizyonuna telefonla yapt\u0131\u011f\u0131 a\u00e7\u0131klamada, &#8220;Protestolar\u0131n amac\u0131 Libya&#8217;y\u0131 yok etmek. Kar\u0131\u015f\u0131kl\u0131ktan Usame Bin Ladin sorumlu&#8221; dedi, El Kaide&#8217;yi su\u00e7lad\u0131. Kaddafi&#8217;nin bir ele\u015ftirisi de Washington&#8217;ayd\u0131; &#8220;Bu s\u00fcre i\u00e7inde ABD&#8217;nin bu \u00e7at\u0131\u015fmalar\u0131 ate\u015fledi\u011fi \u00e7ok a\u00e7\u0131k&#8221; diye konu\u015ftu. Libya lideri taraftarlar\u0131na da &#8220;Bir an \u00f6nce soka\u011fa \u00e7\u0131kmal\u0131s\u0131n\u0131z&#8221; \u00e7a\u011fr\u0131s\u0131 yapt\u0131.<!--more--><\/p>\n<p style=\"text-align: justify;\">Kaddafi, &#8220;Libya&#8217;n\u0131n \u00e7ocuklar\u0131&#8221; olarak nitelendirdi\u011fi \u00f6lenlerin yak\u0131nlar\u0131na taziyelerini sundu.<\/p>\n<p style=\"text-align: justify;\">Konu\u015fmas\u0131nda \u00fclkesindeki ayaklanmadan El Kaide lideri Usame Bin Ladin&#8217;i sorumlu tutan Kaddafi, &#8220;Bu ki\u015filerin ger\u00e7ek talepleri yok, bu talepler Bin Ladin&#8217;in talepleri&#8221; dedi.<\/p>\n<p style=\"text-align: justify;\">&#8220;\u0130nsanlar\u0131 manip\u00fcle eden d\u00fc\u015fman Bin Ladin. Onun akl\u0131n\u0131z\u0131 \u00e7elmesine izin vermeyin&#8221; diye konu\u015fan Kaddafi, El Kaide militanlar\u0131n\u0131n, gen\u00e7lerin &#8220;kahvelerine s\u00fctle birlikte hal\u00fcsinasyona yol a\u00e7an haplar katarak&#8221; onlar\u0131 &#8220;kulland\u0131\u011f\u0131n\u0131&#8221;savundu.<\/p>\n<p style=\"text-align: justify;\">&#8220;El Kaide ideolojisi Libya&#8217;y\u0131 etki alt\u0131na ald\u0131&#8221; diyen Kaddafi,  &#8220;\u0130\u00e7 kar\u0131\u015f\u0131kl\u0131ktan Usame Bin Ladin sorumlu. Bu eylemlerde tamamen gen\u00e7 insanlar s\u00f6m\u00fcr\u00fcl\u00fcyor. Gen\u00e7ler uyu\u015fturucu hap al\u0131p soka\u011fa d\u00f6k\u00fcl\u00fcyor. Bin Ladin daha \u00f6nce de gen\u00e7leri s\u00f6m\u00fcrece\u011fini s\u00f6ylemi\u015f bir ki\u015fi. Neden b\u00f6yle bir gen\u00e7lik var&#8221; diye sordu.<\/p>\n<p style=\"text-align: justify;\">Libya lideri, s\u00f6zlerine, &#8220;Yani hap al\u0131p, kendilerinden bir haber soka\u011fa d\u00f6k\u00fclenler utanmal\u0131. Aileler neden \u00e7ocuklar\u0131n\u0131n bu haplar\u0131 almas\u0131na izin veriyor?&#8221; diye devam etti.<\/p>\n<p style=\"text-align: justify;\">Kaddafi, &#8220;Asl\u0131nda bizim bu bo\u015f konu\u015fmalara harcayacak zaman\u0131m\u0131z olmamal\u0131. Bizi k\u0131skan\u0131yorlar. Hepimiz M\u00fcsl\u00fcman\u0131z. Hepimiz Peygamber&#8217;e inan\u0131yoruz&#8221; \u015feklinde konu\u015ftu.<\/p>\n<p style=\"text-align: justify;\">Libya lideri, &#8220;\u00c7ocuklar\u0131m\u0131z\u0131n El Kaide taraf\u0131ndan manip\u00fcle edildi\u011fi \u00e7ok a\u00e7\u0131k.  Protestoculara para teklif edildi&#8221; dedi.<\/p>\n<p style=\"text-align: justify;\"><strong>Bir su\u00e7lama da ABD&#8217;ye&#8230; <\/strong><\/p>\n<p style=\"text-align: justify;\">&#8220;Bu s\u00fcre i\u00e7inde de ABD&#8217;nin bu \u00e7at\u0131\u015fmalar\u0131 ate\u015fledi\u011fi \u00e7ok a\u00e7\u0131k&#8221; diyen Kaddafi, &#8220;Evlerinizden \u00e7\u0131k\u0131n ve \u00e7ocuklar\u0131n\u0131z\u0131 geri getirin. Hap ve uyu\u015fturucu kullan\u0131p, ellerindeki silahlarla etrafa ate\u015f a\u00e7\u0131yorlar. E\u011fer evin erke\u011fi d\u0131\u015far\u0131 \u00e7\u0131km\u0131yorsa, kad\u0131nlar \u00e7ocuklar\u0131n\u0131 geri getirsin&#8221; diye konu\u015ftu.<\/p>\n<p style=\"text-align: justify;\">Muammer Kaddafi, konu\u015fmas\u0131n\u0131n devam\u0131nda, sokaklara d\u00f6k\u00fclen bu gen\u00e7lerin ailelerine seslenmek istedi\u011fini s\u00f6yledi; \u015fu mesajlar\u0131 verdi:<\/p>\n<p style=\"text-align: justify;\">&#8220;\u00c7ocuklar\u0131 onlar\u0131n elinden al\u0131n\u0131yor ve daha sonra onlar\u0131n cans\u0131z bedenlerini teslim al\u0131yorlar. \u00c7ocuklar\u0131n\u0131zla konu\u015fun, kimseye sald\u0131rmamalar\u0131n\u0131 s\u00f6yleyin. Onlara ailelerine itaat etmeyi \u00f6\u011fretin.&#8221;<\/p>\n<p style=\"text-align: justify;\"><strong>&#8220;Bir iktidar\u0131m, bir g\u00fcc\u00fcm yok&#8221; <\/strong><\/p>\n<p style=\"text-align: justify;\">&#8220;Ahlaki a\u00e7\u0131dan b\u00fct\u00fcn g\u00fc\u00e7, iktidar halk\u0131n elinde&#8221; diyen Libya lideri, &#8220;Burada asl\u0131nda bir iktidar\u0131m, bir g\u00fcc\u00fcm yok. B\u00fct\u00fcn g\u00fc\u00e7, otorite halkta yani halk komitelerinde. Bug\u00fcn sokaklarda g\u00f6rd\u00fcklerimiz uluslararas\u0131 ter\u00f6r\u00fcn destekledi\u011fi \u015feyler&#8221; a\u00e7\u0131klamas\u0131nda bulundu.<\/p>\n<p style=\"text-align: justify;\"><strong>&#8220;Hi\u00e7bir mant\u0131kl\u0131 insan&#8230;&#8221; <\/strong><\/p>\n<p style=\"text-align: justify;\">&#8220;Mant\u0131kl\u0131 hi\u00e7bir insan\u0131n&#8221; y\u00f6netimine kar\u015f\u0131 protestolara kat\u0131lmayaca\u011f\u0131n\u0131 kaydeden Kaddafi, ba\u015fkent Trablus&#8217;un 50 kilometre bat\u0131s\u0131ndaki Zaviye \u015fehrinde \u00e7\u0131kan \u00e7at\u0131\u015fmalara at\u0131fla &#8220;Zaviye&#8217;de olanlar bir sa\u00e7mal\u0131k. Mant\u0131kl\u0131 insanlar b\u00f6yle bir sa\u00e7mal\u0131\u011f\u0131n i\u00e7ine girmez&#8221; diye konu\u015ftu.<\/p>\n<p style=\"text-align: justify;\"><a href=\"http:\/\/www.cnnturk.com\/2011\/dunya\/02\/24\/kaddafi.sucluyu.ilan.etti.el.kaide\/608040.0\/index.html\" target=\"_blank\"><span style=\"color: #888888;\">CNN T\u00dcRK<\/span><\/a><\/p>\n","protected":false},"excerpt":{"rendered":"<p style=\"text-align: center;\">\n<p style=\"text-align: justify;\">Libya&#8217;n\u0131n taht\u0131 sallant\u0131da olan lideri Muammer Kaddafi devlet televizyonuna telefonla yapt\u0131\u011f\u0131 a\u00e7\u0131klamada, &#8220;Protestolar\u0131n amac\u0131 Libya&#8217;y\u0131 yok etmek. Kar\u0131\u015f\u0131kl\u0131ktan Usame Bin Ladin sorumlu&#8221; dedi, El Kaide&#8217;yi su\u00e7lad\u0131. Kaddafi&#8217;nin bir ele\u015ftirisi de Washington&#8217;ayd\u0131; &#8220;Bu s\u00fcre i\u00e7inde ABD&#8217;nin bu \u00e7at\u0131\u015fmalar\u0131 ate\u015fledi\u011fi \u00e7ok a\u00e7\u0131k&#8221; diye konu\u015ftu. Libya lideri taraftarlar\u0131na da &#8220;Bir an \u00f6nce soka\u011fa <\/p>\n","protected":false},"author":1,"featured_media":0,"comment_status":"open","ping_status":"closed","sticky":false,"template":"","format":"standard","meta":{"footnotes":""},"categories":[105],"tags":[],"class_list":["post-28835","post","type-post","status-publish","format-standard","hentry","category-gundem","odd"],"_links":{"self":[{"href":"http:\/\/www.korhanyilmaz.com\/index.php?rest_route=\/wp\/v2\/posts\/28835","targetHints":{"allow":["GET"]}}],"collection":[{"href":"http:\/\/www.korhanyilmaz.com\/index.php?rest_route=\/wp\/v2\/posts"}],"about":[{"href":"http:\/\/www.korhanyilmaz.com\/index.php?rest_route=\/wp\/v2\/types\/post"}],"author":[{"embeddable":true,"href":"http:\/\/www.korhanyilmaz.com\/index.php?rest_route=\/wp\/v2\/users\/1"}],"replies":[{"embeddable":true,"href":"http:\/\/www.korhanyilmaz.com\/index.php?rest_route=%2Fwp%2Fv2%2Fcomments&post=28835"}],"version-history":[{"count":0,"href":"http:\/\/www.korhanyilmaz.com\/index.php?rest_route=\/wp\/v2\/posts\/28835\/revisions"}],"wp:attachment":[{"href":"http:\/\/www.korhanyilmaz.com\/index.php?rest_route=%2Fwp%2Fv2%2Fmedia&parent=28835"}],"wp:term":[{"taxonomy":"category","embeddable":true,"href":"http:\/\/www.korhanyilmaz.com\/index.php?rest_route=%2Fwp%2Fv2%2Fcategories&post=28835"},{"taxonomy":"post_tag","embeddable":true,"href":"http:\/\/www.korhanyilmaz.com\/index.php?rest_route=%2Fwp%2Fv2%2Ftags&post=28835"}],"curies":[{"name":"wp","href":"https:\/\/api.w.org\/{rel}","templated":true}]}}