{"id":28832,"date":"2011-02-24T17:01:13","date_gmt":"2011-02-24T15:01:13","guid":{"rendered":"http:\/\/www.korhanyilmaz.com\/?p=28832"},"modified":"2011-02-24T17:01:13","modified_gmt":"2011-02-24T15:01:13","slug":"ve-iddialarin-odagindaki-adam-konustu","status":"publish","type":"post","link":"http:\/\/www.korhanyilmaz.com\/?p=28832","title":{"rendered":"Ve iddialar\u0131n oda\u011f\u0131ndaki adam konu\u015ftu!"},"content":{"rendered":"<p style=\"text-align: justify;\"><a href=\"http:\/\/www.korhanyilmaz.com\/wp-content\/uploads\/2011\/02\/532.jpg\"  class=\"lightview\"><img loading=\"lazy\" decoding=\"async\" class=\"aligncenter size-full wp-image-28833\" src=\"http:\/\/www.korhanyilmaz.com\/wp-content\/uploads\/2011\/02\/532.jpg\" alt=\"\" width=\"292\" height=\"224\" \/><\/a><\/p>\n<p style=\"text-align: justify;\">OdaTV internet sitesinin sahibi gazeteci Soner Yal\u00e7\u0131n&#8217;\u0131n ifade tutanaklar\u0131na CHP Grup Ba\u015fkan Vekili Muharrem \u0130nce ile ilgili iddialar yans\u0131d\u0131. \u0130ddia; \u0130nce&#8217;nin gizli toplant\u0131lar\u0131 s\u0131zd\u0131rd\u0131\u011f\u0131 y\u00f6n\u00fcndeydi. G\u00fcn boyu geli\u015fmeleri izleyen \u0130nce sonunda sessizli\u011fini bozdu; iddialar\u0131n tamam\u0131n\u0131 &#8220;yalan, iftira ve tertip&#8221; olarak niteledi. \u0130nce, OdaTV muhabirine bir belge vermek istedi\u011fini ancak bunun iddia edildi\u011fi gibi Kemal K\u0131l\u0131\u00e7daro\u011flu&#8217;na y\u00f6nelik de\u011fil, &#8220;bir AKP yanda\u015f\u0131yla&#8221; ilgili oldu\u011funu s\u00f6yledi. \u0130nce iddialarla ilgili dava a\u00e7aca\u011f\u0131n\u0131 da a\u00e7\u0131klad\u0131. <!--more--><\/p>\n<p style=\"text-align: justify;\">Konuyla ilgili olarak CHP kanad\u0131ndan Genel Ba\u015fkan Kemal K\u0131l\u0131\u00e7daro\u011flu&#8217;nun ard\u0131ndan iddialar\u0131n hedefindeki isim Muharrem \u0130nce konu\u015ftu.<\/p>\n<p style=\"text-align: justify;\">Bir gazetede yer alan ve telefon kayd\u0131n\u0131n de\u015fifresi oldu\u011fu belirtilen haberde ad\u0131 ge\u00e7en \u0130nce, TBMM&#8217;de bir bas\u0131n toplant\u0131s\u0131 d\u00fczenledi.<\/p>\n<p style=\"text-align: justify;\">Muharrem \u0130nce, konu\u015fmada ge\u00e7en iddialar\u0131n tamam\u0131n\u0131, &#8220;yalan, iftira ve tertip&#8221; olarak nitelendirdi.<\/p>\n<p style=\"text-align: justify;\">&#8220;Bu ahlaks\u0131z proje, CHP i\u00e7erisinde \u00e7at\u0131\u015fma tuza\u011f\u0131d\u0131r&#8221; diyen \u0130nce, yarg\u0131 \u00f6n\u00fcnde hesap soraca\u011f\u0131n\u0131 bildirdi.<\/p>\n<p style=\"text-align: justify;\"><strong>&#8220;S\u00f6z konusu muhabire belge vermek istedim ama&#8230; &#8220;<\/strong><\/p>\n<p style=\"text-align: justify;\">\u0130nce, OdaTV muhabirine bir belge vermek istedi\u011fini ancak bunun iddia edildi\u011fi gibi CHP Genel Ba\u015fkan\u0131 Kemal K\u0131l\u0131\u00e7daro\u011flu&#8217;na y\u00f6nelik de\u011fil, &#8220;bir AKP yanda\u015f\u0131yla&#8221; ilgili oldu\u011funu s\u00f6yledi.<\/p>\n<p style=\"text-align: justify;\">Telefon g\u00f6r\u00fc\u015fmesinde kendisine y\u00f6nelik iddialar\u0131 Yal\u00e7\u0131n&#8217;a ileten gazeteciyi tan\u0131y\u0131p tan\u0131mad\u0131\u011f\u0131n\u0131n sorulmas\u0131 \u00fczerine \u0130nce, muhabiri tan\u0131d\u0131\u011f\u0131n\u0131 belirtti.<\/p>\n<p style=\"text-align: justify;\">&#8220;Telefonlar\u0131n\u0131n dinlendi\u011fini bilerek mi bu telefon g\u00f6r\u00fc\u015fmesini yapt\u0131&#8221; y\u00f6n\u00fcndeki soruyu \u0130nce, &#8220;Bana ne, onun telefonlar\u0131 dinlenir dinlenmez, onun telefonlar\u0131 beni ilgilendirmiyor&#8221; diye yan\u0131tlad\u0131.<\/p>\n<p style=\"text-align: justify;\">\u0130nce, haberi yay\u0131mlayan gazete, muhabir ile savc\u0131 hakk\u0131nda dava a\u00e7aca\u011f\u0131n\u0131 bildirdi. Telefon konu\u015fmas\u0131n\u0131 yapan gazeteci hakk\u0131nda ise dava a\u00e7mayaca\u011f\u0131n\u0131 belirten \u0130nce, &#8220;Ona niye dava a\u00e7ay\u0131m? \u015eimdilik d\u00fc\u015f\u00fcnm\u00fcyorum ama avukat\u0131m daha iyi bilir. O bir ba\u015fka ki\u015fiyle konu\u015fmu\u015f, alenen bir yerde s\u00f6ylemiyor. Orada iftira var, ba\u015ftan sona yalan&#8221; diye konu\u015ftu.<\/p>\n<p style=\"text-align: justify;\"><strong>&#8220;&#8230; milletvekilli\u011finden istifa ederim&#8221;<\/strong><\/p>\n<p style=\"text-align: justify;\">Muharrem \u0130nce, &#8220;Benim elimde CHP Genel Ba\u015fkan\u0131 ile ilgili belge varm\u0131\u015f, o gazeteciye verecekmi\u015fim&#8230; Niye ona veriyorum? Neymi\u015f o a\u00e7\u0131klas\u0131n. Acaba AKP&#8217;lilerle ilgili belge olmas\u0131n? Acemi bir milletvekili de\u011filim. Hainlik, al\u00e7akl\u0131k benim kitab\u0131mda yoktur ama korku da yoktur. Zannetmesinler ki susaca\u011f\u0131m&#8221; \u015feklinde konu\u015ftu.<\/p>\n<p style=\"text-align: justify;\">&#8220;Neymi\u015f o belge, Genel Ba\u015fkan\u0131m ile ilgili ne verecekmi\u015fim? Var m\u0131 b\u00f6yle bir babayi\u011fit, \u00e7\u0131ks\u0131n bir tanesi. B\u00fct\u00fcn siyaseti b\u0131rak\u0131r\u0131m, milletvekilli\u011finden \u015fu anda istifa ederim; yok b\u00f6yle bir \u015fey&#8221; diyen CHP&#8217;li \u0130nce, &#8220;Genel Ba\u015fkan\u0131m, \u00f6rg\u00fct\u00fcm buna inanmad\u0131, ben de zaten b\u00f6yle bir \u015fey yapmad\u0131\u011f\u0131m\u0131 biliyorum. Bu bir projedir, bunu yenece\u011fiz&#8221; ifadesini kulland\u0131.<\/p>\n<p style=\"text-align: justify;\"><strong>&#8220;\u00c7ocu\u011funun \u00fczerine yemin etsin&#8221; <\/strong><\/p>\n<p style=\"text-align: justify;\">\u0130nce, muhabirin, telefon konu\u015fmas\u0131nda s\u00f6yledi\u011fi iddia edilen &#8220;Gece 10&#8217;da kap\u0131ma dayand\u0131, alkoll\u00fcyd\u00fc&#8221; y\u00f6n\u00fcndeki ifadelerin sorulmas\u0131 \u00fczerine, &#8220;O arkada\u015f\u0131m\u0131z\u0131n \u00e7ocu\u011fu var, \u00e7ocu\u011funun \u00fczerine yemin etsin b\u00f6yle bir \u015fey oldu\u011funa dair, ben s\u00f6ylediklerinin t\u00fcm\u00fcn\u00fc kabul edece\u011fim. E\u011fer biraz vicdan\u0131, ahlak\u0131, anne sevgisi, insanl\u0131ktan bir nebze varsa, e\u011fer oraya gittiysem, \u00e7ocu\u011funun \u00fczerine yemin ederse, oldu derse o zaman ayr\u0131ca konu\u015fal\u0131m. Ama \u015fimdi s\u00f6ylemek istemedi\u011fim&#8230; Ben ona bir belge vermek istedim ama Genel Ba\u015fkan\u0131m ile ilgili de\u011fil, bir AKP yanda\u015f\u0131yla ilgili&#8221; diye konu\u015ftu.<\/p>\n<p style=\"text-align: justify;\">&#8220;Servisi savc\u0131n\u0131n yapt\u0131\u011f\u0131na nas\u0131l eminsiniz&#8221; sorusuna \u0130nce, &#8220;Kim yapabilir; ya savc\u0131 ya polis yapt\u0131. Benim Odatv soru\u015fturmas\u0131yla ne alakam var, bunun neresindeyim; hi\u00e7bir yerinde yokum. Sadece ma\u011fduruyum. Odatv muhabiri ile sahibi aras\u0131ndaki telefon konu\u015fmas\u0131 dinleniyor, arada ad\u0131m ge\u00e7iyor, gazeteye servis yap\u0131l\u0131yor, parti i\u00e7inde hain konumuna sokuluyorum. Hangi M\u00fcsl\u00fcman, ahlak, \u00f6\u011freti bunu yap\u0131yor? Bunlar M\u00fcsl\u00fcman ise ben de\u011filim. Ben ger\u00e7ek M\u00fcsl\u00fcman oldu\u011fumu d\u00fc\u015f\u00fcn\u00fcyorum&#8221; kar\u015f\u0131l\u0131\u011f\u0131n\u0131 verdi.<\/p>\n<p style=\"text-align: justify;\">\u0130nce, adalete g\u00fcvendi\u011fini, yarg\u0131 \u00f6n\u00fcnde hesapla\u015faca\u011f\u0131n\u0131 ve susmayaca\u011f\u0131n\u0131 s\u00f6zlerine ekledi.<\/p>\n<p style=\"text-align: justify;\"><strong>&#8220;Bu CHP&#8217;ye sald\u0131r\u0131d\u0131r&#8230;&#8221; <\/strong><\/p>\n<p style=\"text-align: justify;\">\u0130nce, &#8220;T\u00fcrkiye&#8217;nin i\u00e7inde bulundu\u011fu kaos ortam\u0131nda, \u00fclkenin tek umudu ve diren\u00e7 noktas\u0131 CHP&#8217;ye kar\u015f\u0131, hayas\u0131z, ahlaks\u0131z, \u015ferefsiz ve al\u00e7ak\u00e7a bir sald\u0131r\u0131yla kar\u015f\u0131 kar\u015f\u0131ya olduklar\u0131n\u0131&#8221; s\u00f6yledi.<\/p>\n<p style=\"text-align: justify;\">Bunlar\u0131n ne ilk ne de son olaca\u011f\u0131n\u0131, bundan sonras\u0131n\u0131n da gelece\u011fini ifade eden \u0130nce, bir kale gibi dik durmaya devam edeceklerini vurgulad\u0131. CHP&#8217;li \u0130nce, &#8220;B\u00f6l, par\u00e7ala, y\u00f6net, birbirine d\u00fc\u015f\u00fcr, yok et senaryolar\u0131n\u0131n senarist ve uygulay\u0131c\u0131lar\u0131n\u0131n, se\u00e7ime yakla\u015f\u0131ld\u0131\u011f\u0131 bu d\u00f6nemde CHP&#8217;yi, kendi hayas\u0131z ve ahlaks\u0131zca kurduklar\u0131 tuza\u011fa d\u00fc\u015f\u00fcrebileceklerine inand\u0131klar\u0131n\u0131&#8221; belirtti.<\/p>\n<p style=\"text-align: justify;\">&#8220;Bug\u00fcn bir gazetede yer alan, g\u00fcya \u015fahs\u0131m\u0131 hedef alan ancak as\u0131l CHP&#8217;yi hedef alan bir haberle kar\u015f\u0131 kar\u015f\u0131yay\u0131z&#8221; diyen \u0130nce, &#8220;CHP, bu ucuz ve d\u00fczeysiz senaryolar\u0131 tarihinde \u00e7ok g\u00f6rm\u00fc\u015f, defalarca ya\u015fam\u0131\u015ft\u0131r. Bu senaryoyu yazanlar\u0131 ve uygulay\u0131c\u0131lar\u0131n\u0131 hepimiz \u00e7ok iyi biliriz. Kamuoyunun \u00f6n\u00fcnde, gazetede ge\u00e7en haberde iddia sahibi, haber yapan, yorumlayan kim varsa yarg\u0131 mercileri nezdinde iddialar\u0131n\u0131 kan\u0131tlamaya davet ediyorum. Bu ahlaks\u0131z iftiralarla ilgili a\u00e7aca\u011f\u0131m davalarda, yarg\u0131 \u00f6n\u00fcnde de bu iddialar\u0131n\u0131 kan\u0131tlama f\u0131rsat\u0131 verece\u011fim onlara&#8221; dedi.<\/p>\n<p style=\"text-align: justify;\">\u0130nce s\u00f6zlerine, &#8220;Bu ahlaks\u0131z proje, CHP i\u00e7erisinde \u00e7at\u0131\u015fma tuza\u011f\u0131d\u0131r. Bunlar\u0131n tamam\u0131, yalan, iftira, tertiptir, s\u00f6ylenenler al\u00e7akl\u0131k, s\u00f6yleyenler al\u00e7akt\u0131r. CHP, bu tuzaklara d\u00fc\u015fmeyecek kadar siyasal birikim sahibidir. Zekeriya \u00d6z&#8217;e sesleniyorum; sizin titrinizin \u00f6n\u00fcndeki C harfi, Cumhuriyet kelimesini ifade ediyorsa sizi Cumhuriyet&#8217;in savc\u0131s\u0131 gibi y\u00fcrekli olmaya davet ediyorum. Ama o C, ba\u015fka bir \u015feyi simgeliyorsa onu bilemem. \u00d6z, meni muhakeme z\u0131rh\u0131ndan ar\u0131ns\u0131n, onun titrinin \u00f6n\u00fcndeki C harfinin Cumhuriyet&#8217;i ifade etmedi\u011fini kan\u0131tlamaya haz\u0131r\u0131m. Hi\u00e7bir dokunulmazl\u0131k z\u0131rh\u0131na s\u0131\u011f\u0131nmaks\u0131z\u0131n, \u00fcretilen senaryolar\u0131n yalan ve iftira tertiplerini, halen ba\u011f\u0131ms\u0131z olabilece\u011fine inanmak istedi\u011fim y\u00fcce yarg\u0131 \u00f6n\u00fcnde hesab\u0131n\u0131 soraca\u011f\u0131m&#8221; diye devam etti.<\/p>\n<p style=\"text-align: justify;\"><strong>&#8220;Savc\u0131 bunu s\u0131zd\u0131r\u0131yor&#8221; <\/strong><\/p>\n<p style=\"text-align: justify;\">\u0130nce, bir b\u00fcrokrat\u0131n telefonunun dinlenmesi ve b\u00fcrokrat\u0131n bir i\u015fadam\u0131na,&#8221;Senin enerji i\u015fini hallederim, \u015fu genel m\u00fcd\u00fcr tan\u0131d\u0131\u011f\u0131m&#8221; demesi halinde, genel m\u00fcd\u00fcr\u00fcn su\u00e7lu olup olmayaca\u011f\u0131n\u0131 sordu.\u0130ki ki\u015fi aras\u0131nda telefon konu\u015fmas\u0131 ge\u00e7ti\u011fini, olaya m\u00fcdahil olmad\u0131\u011f\u0131n\u0131, kendisinin konu\u015fmad\u0131\u011f\u0131n\u0131 vurgulayan \u0130nce, do\u011fru ya da yanl\u0131\u015f bir iddiada bulunuldu\u011funu s\u00f6yledi.<\/p>\n<p style=\"text-align: justify;\">\u0130nce, &#8220;Savc\u0131 bunu s\u0131zd\u0131r\u0131yor. Ne demek istiyor burada? Diyor ki; AKP&#8217;nin derdi, CHP i\u00e7erisinde sorun \u00e7\u0131karmak. Savc\u0131 da buna yard\u0131mc\u0131 oluyor. B\u00f6yle bir tezgah&#8221; diye konu\u015ftu.<\/p>\n<p style=\"text-align: justify;\">\u0130nce, sabah haberi okudu\u011funda konuyu CHP Genel Ba\u015fkan\u0131 KemalK\u0131l\u0131\u00e7daro\u011flu&#8217;na aktard\u0131\u011f\u0131n\u0131, K\u0131l\u0131\u00e7daro\u011flu&#8217;nun da &#8220;Can\u0131n\u0131 s\u0131kmana gerek yok, bunlar kafaya tak\u0131lacak \u015feyler de\u011fildir. Moralini bozma, \u00e7al\u0131\u015fmaya devam et&#8221; dedi\u011fini iletti.<\/p>\n<p style=\"text-align: justify;\"><strong>K\u0131l\u0131\u00e7daro\u011flu ona ne dedi? <\/strong><\/p>\n<p style=\"text-align: justify;\">\u0130nce, Parti Meclisi toplant\u0131s\u0131 \u00f6ncesinde ise yan\u0131na gitti\u011fi K\u0131l\u0131\u00e7daro\u011flu&#8217;nun, &#8220;Hala bununla m\u0131 me\u015fguls\u00fcn? Yapaca\u011f\u0131n bir i\u015f var, gazeteye, muhabirine, savc\u0131ya su\u00e7 duyurusunda bulun, konuyu yarg\u0131ya ta\u015f\u0131. Ayr\u0131nt\u0131larla ilgilenme&#8221; dedi\u011fini aktard\u0131.<\/p>\n<p style=\"text-align: justify;\"><a href=\"http:\/\/www.cnnturk.com\/2011\/turkiye\/02\/24\/ve.iddialarin.odagindaki.adam.konustu\/608037.0\/index.html\" target=\"_blank\"><span style=\"color: #888888;\">CNN T\u00dcRK<\/span><\/a><\/p>\n","protected":false},"excerpt":{"rendered":"<p style=\"text-align: justify;\">\n<p style=\"text-align: justify;\">OdaTV internet sitesinin sahibi gazeteci Soner Yal\u00e7\u0131n&#8217;\u0131n ifade tutanaklar\u0131na CHP Grup Ba\u015fkan Vekili Muharrem \u0130nce ile ilgili iddialar yans\u0131d\u0131. \u0130ddia; \u0130nce&#8217;nin gizli toplant\u0131lar\u0131 s\u0131zd\u0131rd\u0131\u011f\u0131 y\u00f6n\u00fcndeydi. G\u00fcn boyu geli\u015fmeleri izleyen \u0130nce sonunda sessizli\u011fini bozdu; iddialar\u0131n tamam\u0131n\u0131 &#8220;yalan, iftira ve tertip&#8221; olarak niteledi. \u0130nce, OdaTV muhabirine bir belge vermek istedi\u011fini ancak bunun <\/p>\n","protected":false},"author":1,"featured_media":0,"comment_status":"open","ping_status":"closed","sticky":false,"template":"","format":"standard","meta":{"footnotes":""},"categories":[105],"tags":[],"class_list":["post-28832","post","type-post","status-publish","format-standard","hentry","category-gundem","odd"],"_links":{"self":[{"href":"http:\/\/www.korhanyilmaz.com\/index.php?rest_route=\/wp\/v2\/posts\/28832","targetHints":{"allow":["GET"]}}],"collection":[{"href":"http:\/\/www.korhanyilmaz.com\/index.php?rest_route=\/wp\/v2\/posts"}],"about":[{"href":"http:\/\/www.korhanyilmaz.com\/index.php?rest_route=\/wp\/v2\/types\/post"}],"author":[{"embeddable":true,"href":"http:\/\/www.korhanyilmaz.com\/index.php?rest_route=\/wp\/v2\/users\/1"}],"replies":[{"embeddable":true,"href":"http:\/\/www.korhanyilmaz.com\/index.php?rest_route=%2Fwp%2Fv2%2Fcomments&post=28832"}],"version-history":[{"count":0,"href":"http:\/\/www.korhanyilmaz.com\/index.php?rest_route=\/wp\/v2\/posts\/28832\/revisions"}],"wp:attachment":[{"href":"http:\/\/www.korhanyilmaz.com\/index.php?rest_route=%2Fwp%2Fv2%2Fmedia&parent=28832"}],"wp:term":[{"taxonomy":"category","embeddable":true,"href":"http:\/\/www.korhanyilmaz.com\/index.php?rest_route=%2Fwp%2Fv2%2Fcategories&post=28832"},{"taxonomy":"post_tag","embeddable":true,"href":"http:\/\/www.korhanyilmaz.com\/index.php?rest_route=%2Fwp%2Fv2%2Ftags&post=28832"}],"curies":[{"name":"wp","href":"https:\/\/api.w.org\/{rel}","templated":true}]}}