{"id":28827,"date":"2011-02-24T15:21:00","date_gmt":"2011-02-24T13:21:00","guid":{"rendered":"http:\/\/www.korhanyilmaz.com\/?p=28827"},"modified":"2011-02-24T15:21:00","modified_gmt":"2011-02-24T13:21:00","slug":"iki-feribotla-3-bin-turk-evine-dondu","status":"publish","type":"post","link":"http:\/\/www.korhanyilmaz.com\/?p=28827","title":{"rendered":"\u0130ki feribotla 3 bin T\u00fcrk evine d\u00f6nd\u00fc"},"content":{"rendered":"<p style=\"text-align: center;\"><a href=\"http:\/\/www.korhanyilmaz.com\/wp-content\/uploads\/2011\/02\/529.jpg\"  class=\"lightview\"><img loading=\"lazy\" decoding=\"async\" class=\"aligncenter size-full wp-image-28829\" src=\"http:\/\/www.korhanyilmaz.com\/wp-content\/uploads\/2011\/02\/529.jpg\" alt=\"\" width=\"307\" height=\"236\" \/><\/a><\/p>\n<p style=\"text-align: justify;\">Libya&#8217;n\u0131n Bingazi kentinde kaosun ortas\u0131nda kalan T\u00fcrk vatanda\u015flar\u0131n\u0131 getirmek i\u00e7in pazartesi g\u00fcn\u00fc yola \u00e7\u0131kan &#8220;Orhangazi&#8221; ve &#8220;Osmangazi&#8221; adl\u0131 feribotlar, 20 saatlik yolculu\u011fun ard\u0131ndan Marmaris liman\u0131na geldi. \u0130ki feribot, 3 binden fazla yolcu getirdi. Ula\u015ft\u0131rma Bakan\u0131 ile Sa\u011fl\u0131k Bakan\u0131 da Marmaris&#8217;teydi.<!--more--><\/p>\n<p style=\"text-align: justify;\">\u0130DO&#8217;ya ba\u011fl\u0131 iki feribot, Bingazi yoluna \u0130stanbul Yenikap\u0131&#8217;dan pazartesi g\u00fcn\u00fc \u00e7\u0131km\u0131\u015ft\u0131.<\/p>\n<p style=\"text-align: justify;\">Bini\u015f ve yolculuk s\u0131ras\u0131nda k\u0131sa s\u00fcreli s\u0131k\u0131nt\u0131lar oldu, ancak sonu mutlu bitti. Marmaris liman\u0131nda \u00f6nce &#8220;Orhangazi-1&#8221; g\u00f6r\u00fcnd\u00fc.<\/p>\n<p style=\"text-align: justify;\">&#8220;Orhangazi-1&#8221;,  bin 486 T\u00fcrk ve 30 yabanc\u0131 yolcusuyla saat 23.40&#8217;ta Marmaris liman\u0131na yana\u015ft\u0131.<\/p>\n<p style=\"text-align: justify;\">Yakla\u015f\u0131k 3 saat sonra &#8220;Osmangazi-1&#8221; geldi. Bu feribotta da bin 512 ki\u015fi bulunuyordu. Yolcular\u0131n 29&#8217;u yabanc\u0131 uyrukluydu.<\/p>\n<p style=\"text-align: justify;\">Feribotlar\u0131 Ula\u015ft\u0131rma Bakan\u0131 Binali Y\u0131ld\u0131r\u0131m, Sa\u011fl\u0131k Bakan\u0131 Recep Akda\u011f, Mu\u011fla Valisi Fatih \u015eahin ve K\u0131z\u0131lay g\u00f6revlileri kar\u015f\u0131lad\u0131.<\/p>\n<p style=\"text-align: justify;\">Y\u0131ld\u0131r\u0131m ve Akda\u011f Orhangazi&#8217;ye \u00e7\u0131karak, yolculara &#8220;Ho\u015fgeliniz&#8221; dedi, ge\u00e7mi\u015f olsun dileklerini iletti.<\/p>\n<p style=\"text-align: justify;\"><strong>\u00d6ncelik hastalar ve kad\u0131nlara<\/strong><\/p>\n<p style=\"text-align: justify;\">Feribotlardan \u00f6nce hasta, \u00e7ocuk ve kad\u0131nlar indirildi. Yakla\u015f\u0131k 50 ki\u015finin muayenesi haz\u0131r bekletilen ambulanslarda ve seyyar hastanelerde yap\u0131ld\u0131.<\/p>\n<p style=\"text-align: justify;\">Sa\u011fl\u0131k Bakan\u0131 Akda\u011f, iki ki\u015finin durumunun yak\u0131ndan takip edildi\u011fini ve hastaneye kald\u0131r\u0131ld\u0131\u011f\u0131n\u0131 s\u00f6yledi.<\/p>\n<p style=\"text-align: justify;\">Yolcular\u0131n \u00e7o\u011fu Libya halk\u0131n\u0131n kendilerine iyi davrand\u0131\u011f\u0131n\u0131 s\u00f6yledi. Hepsi de yorgun ve sevin\u00e7liydi.<\/p>\n<p style=\"text-align: justify;\"><strong>Otob\u00fcslerle memleketlerine g\u00f6nderildiler <\/strong><\/p>\n<p style=\"text-align: justify;\">\u00d6nce pasaport kontrolleri yap\u0131ld\u0131, ard\u0131ndan kendilerine s\u0131cak i\u00e7ecek ve yiyecek ikram edildi.<\/p>\n<p style=\"text-align: justify;\">Hangi kente gidecekleri belirlendikten sonra haz\u0131r bekletilen otob\u00fcslere bindirildiler. Geceyi Marmaris&#8217;te ge\u00e7irmek isteyenler ise \u00f6nceden haz\u0131rlanan otellere y\u00f6nlendirildi. Onlar\u0131n da odalar\u0131nda temiz k\u0131yafet ve yiyecekleri haz\u0131rd\u0131.<\/p>\n<p style=\"text-align: justify;\">\u0130ki feribot ile 59&#8217;u yabanc\u0131 toplam 3 bin 28 yolcu T\u00fcrkiye&#8217;ye getirilmi\u015f oldu. Orhangazi ve Osmangazi&#8217;nin bak\u0131mlar\u0131n\u0131n ard\u0131ndan Trablus&#8217;a gitmesi planland\u0131.<\/p>\n<p style=\"text-align: justify;\">Ula\u015ft\u0131rma Bakan\u0131 Binali Y\u0131ld\u0131r\u0131m da tahliye operasyonunun ba\u015far\u0131yla s\u00fcrd\u00fc\u011f\u00fcn\u00fc belirtti.<\/p>\n<p style=\"text-align: center;\"><a href=\"http:\/\/www.korhanyilmaz.com\/wp-content\/uploads\/2011\/02\/530.jpg\"  class=\"lightview\"><img loading=\"lazy\" decoding=\"async\" class=\"aligncenter size-full wp-image-28828\" src=\"http:\/\/www.korhanyilmaz.com\/wp-content\/uploads\/2011\/02\/530.jpg\" alt=\"\" width=\"464\" height=\"224\" \/><\/a><\/p>\n<p style=\"text-align: justify;\"><strong>Toplamda 7 bin T\u00fcrk getirildi<\/strong><\/p>\n<p style=\"text-align: justify;\">D\u0131\u015fi\u015fleri Bakanl\u0131\u011f\u0131, 19 \u015eubat&#8217;tan bu yana hava ve deniz yoluyla Libya&#8217;dan T\u00fcrkiye&#8217;ye getirilenlerin say\u0131s\u0131n\u0131 7 bin 62 olarak a\u00e7\u0131klad\u0131. D\u0131\u015fi\u015fleri Bakanl\u0131\u011f\u0131 ve kriz masas\u0131 s\u00f6zc\u00fcs\u00fc Sel\u00e7uk \u00dcnal, 4 bin 34 ki\u015finin hava, 3 bin 28 ki\u015finin de deniz yoluyla getirildi\u011fini s\u00f6yledi.<\/p>\n<p style=\"text-align: justify;\">\u00dcnal, M\u0131s\u0131r ve Tunus \u00fczerinden de tahliyelerin s\u00fcrd\u00fc\u011f\u00fcn\u00fc belirtti. \u0130skenderiye&#8217;den \u0130stanbul&#8217;a iki u\u00e7a\u011f\u0131n ve Cerba&#8217;dan \u0130stanbul&#8217;a bir u\u00e7a\u011f\u0131n hareket edece\u011fini s\u00f6yledi.<\/p>\n<p style=\"text-align: justify;\">Sel\u00e7uk \u00dcnal, Libya&#8217;da vurularak \u00f6ld\u00fcr\u00fclen T\u00fcrk i\u015f\u00e7i Yunus Emre \u00c7elik&#8217;in cenaze i\u015flemlerinin s\u00fcrd\u00fc\u011f\u00fc bilgisini de verdi.<\/p>\n<p style=\"text-align: justify;\">Rehin tutulan ve tutuklanan T\u00fcrkler oldu\u011fu iddialar\u0131 i\u00e7in de, &#8220;Bize resmi kanallardan iletilen bir \u015fey yok. \u00c7eli\u015fkili haberler geliyor ara\u015ft\u0131r\u0131yoruz&#8221; dedi.<\/p>\n<p style=\"text-align: justify;\">D\u0131\u015fi\u015fleri S\u00f6zc\u00fcs\u00fc, 21 yabanc\u0131 \u00fclkenin vatanda\u015flar\u0131n\u0131n tahliyesi i\u00e7in T\u00fcrkiye&#8217;den yard\u0131m istedi\u011fini de anlatt\u0131.<\/p>\n<p style=\"text-align: justify;\">Devlet Bakan\u0131 Zafer \u00c7a\u011flayan da, Libya&#8217;dan yap\u0131lan tahliyeler hakk\u0131nda konu\u015ftu. Karde\u015flerinin de Libya&#8217;da oldu\u011funu belirten \u00c7a\u011flayan, gemilerin hala sefer halinde oldu\u011funu ifade etti.<\/p>\n<p style=\"text-align: justify;\">Zafer \u00c7a\u011flayan, bug\u00fcn de 1496 ki\u015finin Bingazi&#8217;den gemiyle al\u0131naca\u011f\u0131n\u0131 s\u00f6yledi. Bakan \u00c7a\u011flayan, kom\u015fu \u00fclkelere ge\u00e7irilmi\u015f olan vatanda\u015flar\u0131n da karayolu ile T\u00fcrkiye&#8217;ye getirilece\u011fini belirtti.<\/p>\n<p style=\"text-align: justify;\"><strong>G\u00fcvenlik SAT&#8217;lara emanet <\/strong><\/p>\n<p style=\"text-align: justify;\">Libya&#8217;dan d\u00f6nen iki feribotun g\u00fcvenli\u011fi, SAT komandolar\u0131 taraf\u0131ndan sa\u011fland\u0131.<\/p>\n<p style=\"text-align: justify;\">\u0130ki g\u00fcn boyunca feribotta kalan SAT komandolar\u0131, t\u00fcm yolcular indikten sonra feribottan inerek Aksaz Deniz \u00dcs Komutanl\u0131\u011f\u0131&#8217;na hareket ettiler.<\/p>\n<p style=\"text-align: justify;\">SAT Komandolar\u0131, tam te\u00e7hizat ku\u015fan\u0131rken, a\u011f\u0131r u\u00e7aksavar silahlar\u0131n\u0131n da bulunmas\u0131 dikkat \u00e7ekti.<\/p>\n<p style=\"text-align: center;\"><a href=\"http:\/\/www.korhanyilmaz.com\/wp-content\/uploads\/2011\/02\/531.jpg\"  class=\"lightview\"><img loading=\"lazy\" decoding=\"async\" class=\"aligncenter size-full wp-image-28830\" src=\"http:\/\/www.korhanyilmaz.com\/wp-content\/uploads\/2011\/02\/531.jpg\" alt=\"\" width=\"464\" height=\"280\" \/><\/a><\/p>\n<p style=\"text-align: justify;\"><strong>&#8220;Ankara&#8221; gemisi de yola \u00e7\u0131kt\u0131<\/strong><\/p>\n<p style=\"text-align: justify;\">\u00d6te yandan gece \u0130stanbul&#8217;dan bir gemi daha Libya&#8217;ya hareket etti. &#8220;Ankara&#8221; adl\u0131 gemi saat 00.30 s\u0131ralar\u0131nda Sarayburnu&#8217;ndan yola \u00e7\u0131kt\u0131. Bu geminin de 3 g\u00fcn s\u00fcrecek yolculuktan sonra talimata g\u00f6re Bingazi ya da Trablus&#8217;tan alaca\u011f\u0131 yolcular\u0131 Marmaris&#8217;e getirmesi bekleniyor.<\/p>\n<p style=\"text-align: justify;\"><strong>Yolcu listesi yay\u0131mland\u0131 <\/strong><\/p>\n<p style=\"text-align: justify;\">Bu arada D\u0131\u015fi\u015fleri Bakanl\u0131\u011f\u0131, Orhangazi-1 feribotuyla Libya&#8217;n\u0131n Bingazi kentinden T\u00fcrkiye&#8217;ye getirilen yolcular\u0131n listesini yay\u0131mlad\u0131.<\/p>\n<p style=\"text-align: justify;\">Listeye internette, &#8220;http:\/\/www.mfa.gov.tr\/orhangazi-feribotu-yolcu-listesi.tr.mfa&#8221; adresinden ula\u015f\u0131labiliyor.<\/p>\n<p style=\"text-align: justify;\"><strong>Havayoluyla gelenler <\/strong><\/p>\n<p style=\"text-align: justify;\">Libya&#8217;dan hava yoluyla tahliyeler de s\u00fcr\u00fcyor. D\u00fcn gece T\u00fcrkiye&#8217;ye \u00e7o\u011funlu\u011fu kad\u0131n ve \u00e7ocuklardan olu\u015fan toplam 279 ki\u015fi daha getirildi.<\/p>\n<p style=\"text-align: justify;\">Trablus&#8217;tan gelenler, T\u00fcrk pasaportunu g\u00f6ren Libyal\u0131 g\u00f6revlilerin kolayl\u0131k g\u00f6sterdi\u011fini s\u00f6yledi. Yolcular \u015fehrin en sakin b\u00f6lgelerinde bile \u00e7at\u0131\u015fmalar\u0131n korkutucu boyutlara ula\u015ft\u0131\u011f\u0131n\u0131 belirtti.<\/p>\n<p style=\"text-align: justify;\"><strong>Derne ve Tobruk&#8217;tan tahliyeler s\u00fcr\u00fcyor <\/strong><\/p>\n<p style=\"text-align: justify;\">D\u0131\u015fi\u015fleri Bakanl\u0131\u011f\u0131, Libya&#8217;daki T\u00fcrk vatanda\u015flar\u0131n\u0131n T\u00fcrkiye&#8217;ye nakilleri konusundaki \u00e7al\u0131\u015fmalar\u0131n\u0131, T\u00fcrkiye&#8217;deki ilgili kurum ve kurulu\u015flarla yo\u011fun i\u015fbirli\u011fi i\u00e7inde s\u00fcrd\u00fcrmeye devam ediyor.<\/p>\n<p style=\"text-align: justify;\">D\u0131\u015fi\u015fleri Bakanl\u0131\u011f\u0131 Libya kriz merkezi taraf\u0131ndan yap\u0131lan a\u00e7\u0131klamada, \u00f6zellikle Libya&#8217;n\u0131n Derne ve Tobruk b\u00f6lgelerindeki T\u00fcrk vatanda\u015flar\u0131n\u0131n tahliyelerinin M\u0131s\u0131r s\u0131n\u0131r\u0131 \u00fczerinden karayoluyla yap\u0131ld\u0131\u011f\u0131 belirtildi.<\/p>\n<p style=\"text-align: justify;\">A\u00e7\u0131klamada, Sallum Hudut Kap\u0131s\u0131&#8217;na gelen T\u00fcrk vatanda\u015flar\u0131n\u0131n giri\u015f i\u015flemlerine, T\u00fcrkiye&#8217;nin Kahire B\u00fcy\u00fckel\u00e7ili\u011fi ve \u0130skenderiye Ba\u015fkonsoloslu\u011funca g\u00f6revlendirilen D\u0131\u015fi\u015fleri Bakanl\u0131\u011f\u0131 personelinin yard\u0131mc\u0131 oldu\u011fu ifade edildi.<\/p>\n<p style=\"text-align: justify;\">T\u00fcrk vatanda\u015flar\u0131n\u0131n giri\u015f i\u015flemlerinin tamamlamas\u0131n\u0131n ard\u0131ndan B\u00fcy\u00fckel\u00e7ilik taraf\u0131ndan tahsis edilen otob\u00fcslerle \u0130skenderiye Havaalan\u0131&#8217;na intikal ettirildi\u011fi ifade edilen a\u00e7\u0131klamada, vatanda\u015flar\u0131n daha sonra da THY&#8217;nin d\u00fczenledi\u011fi charter seferleriyle Istanbul&#8217;a getirildi\u011fi kaydedildi.<\/p>\n<p style=\"text-align: justify;\">S\u00f6z konusu hudut i\u015flemlerine yard\u0131mc\u0131 olmak \u00fczere b\u00f6lgede g\u00f6revlendirilen D\u0131\u015fi\u015fleri Bakanl\u0131\u011f\u0131 personeli Derne ve Tobruk&#8217;taki tahliye i\u015flemleri bitene kadar b\u00f6lgede kalacak.<\/p>\n<p style=\"text-align: justify;\"><a href=\"http:\/\/www.cnnturk.com\/2011\/turkiye\/02\/24\/iki.feribotla.3.bin.turk.evine.dondu\/607929.0\/index.html\" target=\"_blank\"><span style=\"color: #888888;\">CNN T\u00dcRK<\/span><\/a><\/p>\n","protected":false},"excerpt":{"rendered":"<p style=\"text-align: center;\">\n<p style=\"text-align: justify;\">Libya&#8217;n\u0131n Bingazi kentinde kaosun ortas\u0131nda kalan T\u00fcrk vatanda\u015flar\u0131n\u0131 getirmek i\u00e7in pazartesi g\u00fcn\u00fc yola \u00e7\u0131kan &#8220;Orhangazi&#8221; ve &#8220;Osmangazi&#8221; adl\u0131 feribotlar, 20 saatlik yolculu\u011fun ard\u0131ndan Marmaris liman\u0131na geldi. \u0130ki feribot, 3 binden fazla yolcu getirdi. Ula\u015ft\u0131rma Bakan\u0131 ile Sa\u011fl\u0131k Bakan\u0131 da Marmaris&#8217;teydi.<\/p>\n","protected":false},"author":1,"featured_media":0,"comment_status":"open","ping_status":"closed","sticky":false,"template":"","format":"standard","meta":{"footnotes":""},"categories":[105],"tags":[],"class_list":["post-28827","post","type-post","status-publish","format-standard","hentry","category-gundem","odd"],"_links":{"self":[{"href":"http:\/\/www.korhanyilmaz.com\/index.php?rest_route=\/wp\/v2\/posts\/28827","targetHints":{"allow":["GET"]}}],"collection":[{"href":"http:\/\/www.korhanyilmaz.com\/index.php?rest_route=\/wp\/v2\/posts"}],"about":[{"href":"http:\/\/www.korhanyilmaz.com\/index.php?rest_route=\/wp\/v2\/types\/post"}],"author":[{"embeddable":true,"href":"http:\/\/www.korhanyilmaz.com\/index.php?rest_route=\/wp\/v2\/users\/1"}],"replies":[{"embeddable":true,"href":"http:\/\/www.korhanyilmaz.com\/index.php?rest_route=%2Fwp%2Fv2%2Fcomments&post=28827"}],"version-history":[{"count":0,"href":"http:\/\/www.korhanyilmaz.com\/index.php?rest_route=\/wp\/v2\/posts\/28827\/revisions"}],"wp:attachment":[{"href":"http:\/\/www.korhanyilmaz.com\/index.php?rest_route=%2Fwp%2Fv2%2Fmedia&parent=28827"}],"wp:term":[{"taxonomy":"category","embeddable":true,"href":"http:\/\/www.korhanyilmaz.com\/index.php?rest_route=%2Fwp%2Fv2%2Fcategories&post=28827"},{"taxonomy":"post_tag","embeddable":true,"href":"http:\/\/www.korhanyilmaz.com\/index.php?rest_route=%2Fwp%2Fv2%2Ftags&post=28827"}],"curies":[{"name":"wp","href":"https:\/\/api.w.org\/{rel}","templated":true}]}}