{"id":28821,"date":"2011-02-23T16:56:25","date_gmt":"2011-02-23T14:56:25","guid":{"rendered":"http:\/\/www.korhanyilmaz.com\/?p=28821"},"modified":"2011-02-23T16:56:25","modified_gmt":"2011-02-23T14:56:25","slug":"anayasa-mahkemesine-reddihakim-talebinde-bulunacak","status":"publish","type":"post","link":"http:\/\/www.korhanyilmaz.com\/?p=28821","title":{"rendered":"&#8220;Anayasa Mahkemesi&#8217;ne reddihakim talebinde bulunacak&#8221;"},"content":{"rendered":"<p style=\"text-align: center;\"><a href=\"http:\/\/www.korhanyilmaz.com\/wp-content\/uploads\/2011\/02\/528.jpg\"  class=\"lightview\"><img loading=\"lazy\" decoding=\"async\" class=\"aligncenter size-full wp-image-28822\" src=\"http:\/\/www.korhanyilmaz.com\/wp-content\/uploads\/2011\/02\/528.jpg\" alt=\"\" width=\"290\" height=\"217\" \/><\/a><\/p>\n<p style=\"text-align: justify;\">CHP Manisa Milletvekili \u015eahin Meng\u00fc, Anayasa Mahkemesi&#8217;ne, Yarg\u0131tay ve Dan\u0131\u015ftay&#8217;\u0131n yap\u0131s\u0131n\u0131 de\u011fi\u015ftiren yasa ve reddihakim talebi i\u00e7in Cuma ya da Pazartesi g\u00fcn\u00fc ba\u015fvuracaklar\u0131n\u0131 a\u00e7\u0131klad\u0131.<!--more--><\/p>\n<p style=\"text-align: justify;\">Ankara- TBMM&#8217;de bas\u0131n toplant\u0131s\u0131 d\u00fczenleyen CHP Manisa Milletvekili \u015eahin Meng\u00fc, Yarg\u0131tay ve Dan\u0131\u015ftay&#8217;\u0131n yap\u0131s\u0131n\u0131 de\u011fi\u015ftiren kanunu Anayasa Mahkemesi&#8217;ne g\u00f6t\u00fcrecekleri bilinmekte iken Hakimler ve Savc\u0131lar Y\u00fcksek Kurulu&#8217;nun toplanarak Yarg\u0131tay&#8217;a ve Dan\u0131\u015ftay&#8217;a \u00fcye se\u00e7imini yapaca\u011f\u0131n\u0131 \u00f6\u011frendiklerini belirterek, \u015f\u00f6yle dedi:<\/p>\n<p style=\"text-align: justify;\">&#8220;Bu se\u00e7im yar\u0131n yap\u0131lacak. Bu yasan\u0131n Anayasa Mahkemesi&#8217;ne g\u00f6t\u00fcr\u00fclece\u011fi bilinmekteydi. Durum b\u00f6yle iken HSYK&#8217;n\u0131n apar topar, yang\u0131ndan mal ka\u00e7\u0131r\u0131r \u015fekilde bir se\u00e7im yapmas\u0131n\u0131n hi\u00e7bir etik taraf\u0131 yoktur. Baz\u0131 olaylar kanuna uygun olabilir ama her kanuna uygun olan olay etik mi tart\u0131\u015fmak laz\u0131m. Buradaki durum da etik de\u011fildir. B\u00f6yle bir davran\u0131\u015fta bulunmak yarg\u0131n\u0131n ele ge\u00e7irilmesi operasyonun son a\u015famas\u0131d\u0131r.&#8221;<\/p>\n<p style=\"text-align: justify;\">Yarg\u0131tay ve Dan\u0131\u015ftay&#8217;\u0131n yap\u0131s\u0131n\u0131 de\u011fi\u015ftiren yasay\u0131 Anayasa Mahkemesi&#8217;ne g\u00f6t\u00fcrmek i\u00e7in Cuma ya da Pazartesi ba\u015fvuracaklar\u0131n\u0131 a\u00e7\u0131klayan Meng\u00fc, &#8220;Reddi hakim talebimiz de var. Anayasa Mahkemesi Ba\u015fkan\u0131&#8217;n\u0131n bu davadan \u00e7ekilmesini istiyoruz. Anayasa Mahkemesi Ba\u015fkan\u0131 bir siyasi parti mensubu ki\u015fili\u011fiyle bu yasa ile ilgili a\u00e7\u0131klama yapm\u0131\u015ft\u0131r. Kendisi hakk\u0131nda tarafs\u0131zl\u0131k konusunda b\u00fcy\u00fck bir inan\u00e7s\u0131zl\u0131k yaratm\u0131\u015ft\u0131r. Bu bir \u00e7ekilme nedenidir&#8221; dedi.<\/p>\n<p style=\"text-align: justify;\">Anayasa Mahkemesi tarihinde b\u00f6yle \u00e7ekilmelerin s\u00f6z konusu oldu\u011funa dikkat \u00e7eken Meng\u00fc, \u015f\u00f6yle dedi:<\/p>\n<p style=\"text-align: justify;\">&#8220;Mahkemenin ret taleplerinin arkas\u0131ndan aleyhinde ret talebi bulunan sayg\u0131de\u011fer ba\u015fkan ve ba\u015fkanvekili iki ayr\u0131 d\u00f6nemde bu g\u00f6revlerinde o duru\u015fmalara kat\u0131lmam\u0131\u015flard\u0131r. Bir tanesi ge\u00e7mi\u015f d\u00f6nemden kalan iznini kullanarak kat\u0131lmam\u0131\u015ft\u0131r, bir tanesi \u00e7ekilmi\u015ftir. O bak\u0131mdan Anayasa Mahkemesi Ba\u015fkan\u0131&#8217;n\u0131n bu kadar taraf oldu\u011fu bir davada \u00e7ekilece\u011fini umut ediyoruz. HSYK \u00fcyelerinin de \u015fu a\u015famada Yarg\u0131tay&#8217;a ve Dan\u0131\u015ftay&#8217;a \u00fcye se\u00e7imi yapmamas\u0131 gerekti\u011fi inanc\u0131nday\u0131m ve yapmayacaklar\u0131na inan\u0131yorum.&#8221;<\/p>\n<p style=\"text-align: justify;\">Bir bas\u0131n mensubunun, &#8220;BDP se\u00e7imlere ba\u011f\u0131ms\u0131z girme d\u00fc\u015f\u00fcncelerini a\u00e7\u0131klad\u0131, nas\u0131l de\u011ferlendiriyorsunuz&#8221; sorusuna Meng\u00fc, \u015f\u00f6yle dedi:<\/p>\n<p style=\"text-align: justify;\">&#8220;Temsilde adalet istiyorsak se\u00e7im baraj\u0131n\u0131n indirilmesi gerekirdi. Hatta \u015fu anda bile bu yap\u0131labilir. Akla \u015fu gelebilir. Se\u00e7imlerle ilgili yasa bir y\u0131l evvelden y\u00fcr\u00fcrl\u00fc\u011fe girer. Hay\u0131r, bir ufak Anayasa de\u011fi\u015fikli\u011fi yapars\u0131n\u0131z, bir ge\u00e7ici madde de\u011fi\u015fikli\u011fi ile bu yap\u0131lan de\u011fi\u015fikli\u011fin ilk se\u00e7imde uygulanaca\u011f\u0131 \u015feklinde bir Anayasa de\u011fi\u015fikli\u011fi de se\u00e7im baraj\u0131 y\u00fczde 5&#8217;e, y\u00fczde 7&#8217;ye tart\u0131\u015f\u0131l\u0131r. Ka\u00e7a inecekse oraya iner. Arkada\u015flar\u0131m\u0131z\u0131n ba\u011f\u0131ms\u0131z kat\u0131lma d\u00fc\u015f\u00fcncesi \u00e7ok sayg\u0131 duyar\u0131m, onlar\u0131n kanaati ama bu T\u00fcrk siyasi ya\u015fam\u0131 i\u00e7in bir z\u00fcld\u00fcr, ay\u0131pt\u0131r.&#8221;<\/p>\n<p style=\"text-align: justify;\">&#8220;Cezaevindeki isimlerin de KCK davas\u0131 \u00e7er\u00e7evesinde aday g\u00f6sterebileceklerini ifade ettiler?&#8221; sorusuna da Meng\u00fc, &#8220;O arkada\u015flar\u0131m\u0131z\u0131n kendi demokratik takdirleridir. Hakk\u0131nda mahkumiyet karar\u0131 olmayan herkes masumdur. Hakk\u0131nda h\u00fck\u00fcm olmayan insan Anayasa hakk\u0131n\u0131 kullan\u0131r aday olur, bunda bir \u015fey yok&#8221; dedi.<\/p>\n<p style=\"text-align: justify;\"><a href=\"http:\/\/www.cumhuriyet.com.tr\/?kn=6&amp;hn=219458\" target=\"_blank\"><span style=\"color: #888888;\">Kaynak : Cumhuriyet Haber Portal\u0131<\/span><\/a><\/p>\n","protected":false},"excerpt":{"rendered":"<p style=\"text-align: center;\">\n<p style=\"text-align: justify;\">CHP Manisa Milletvekili \u015eahin Meng\u00fc, Anayasa Mahkemesi&#8217;ne, Yarg\u0131tay ve Dan\u0131\u015ftay&#8217;\u0131n yap\u0131s\u0131n\u0131 de\u011fi\u015ftiren yasa ve reddihakim talebi i\u00e7in Cuma ya da Pazartesi g\u00fcn\u00fc ba\u015fvuracaklar\u0131n\u0131 a\u00e7\u0131klad\u0131.<\/p>\n","protected":false},"author":1,"featured_media":0,"comment_status":"open","ping_status":"closed","sticky":false,"template":"","format":"standard","meta":{"footnotes":""},"categories":[105],"tags":[],"class_list":["post-28821","post","type-post","status-publish","format-standard","hentry","category-gundem","odd"],"_links":{"self":[{"href":"http:\/\/www.korhanyilmaz.com\/index.php?rest_route=\/wp\/v2\/posts\/28821","targetHints":{"allow":["GET"]}}],"collection":[{"href":"http:\/\/www.korhanyilmaz.com\/index.php?rest_route=\/wp\/v2\/posts"}],"about":[{"href":"http:\/\/www.korhanyilmaz.com\/index.php?rest_route=\/wp\/v2\/types\/post"}],"author":[{"embeddable":true,"href":"http:\/\/www.korhanyilmaz.com\/index.php?rest_route=\/wp\/v2\/users\/1"}],"replies":[{"embeddable":true,"href":"http:\/\/www.korhanyilmaz.com\/index.php?rest_route=%2Fwp%2Fv2%2Fcomments&post=28821"}],"version-history":[{"count":0,"href":"http:\/\/www.korhanyilmaz.com\/index.php?rest_route=\/wp\/v2\/posts\/28821\/revisions"}],"wp:attachment":[{"href":"http:\/\/www.korhanyilmaz.com\/index.php?rest_route=%2Fwp%2Fv2%2Fmedia&parent=28821"}],"wp:term":[{"taxonomy":"category","embeddable":true,"href":"http:\/\/www.korhanyilmaz.com\/index.php?rest_route=%2Fwp%2Fv2%2Fcategories&post=28821"},{"taxonomy":"post_tag","embeddable":true,"href":"http:\/\/www.korhanyilmaz.com\/index.php?rest_route=%2Fwp%2Fv2%2Ftags&post=28821"}],"curies":[{"name":"wp","href":"https:\/\/api.w.org\/{rel}","templated":true}]}}