{"id":28817,"date":"2011-02-23T16:49:47","date_gmt":"2011-02-23T14:49:47","guid":{"rendered":"http:\/\/www.korhanyilmaz.com\/?p=28817"},"modified":"2011-02-23T16:49:47","modified_gmt":"2011-02-23T14:49:47","slug":"hsykye-suc-duyurusunda-bulunacagim","status":"publish","type":"post","link":"http:\/\/www.korhanyilmaz.com\/?p=28817","title":{"rendered":"&#8216;HSYK&#8217;ye su\u00e7 duyurusunda bulunaca\u011f\u0131m&#8217;"},"content":{"rendered":"<p style=\"text-align: center;\"><a href=\"http:\/\/www.korhanyilmaz.com\/wp-content\/uploads\/2011\/02\/527.jpg\"  class=\"lightview\"><img loading=\"lazy\" decoding=\"async\" class=\"aligncenter size-full wp-image-28818\" src=\"http:\/\/www.korhanyilmaz.com\/wp-content\/uploads\/2011\/02\/527.jpg\" alt=\"\" width=\"322\" height=\"241\" \/><\/a><\/p>\n<p style=\"text-align: justify;\">CHP Konya Milletvekili Atilla Kart, baz\u0131 soru\u015fturmalarla ilgili baz\u0131 savc\u0131lar\u0131n meslekten ihra\u00e7 edilmesi ya da yer de\u011fi\u015ftirmesi i\u00e7in Hakimler ve Savc\u0131lar Y\u00fcksek Kuruluna (HSYK) su\u00e7 duyurusunda bulunaca\u011f\u0131n\u0131 bildirdi.<\/p>\n<p style=\"text-align: justify;\">Ankara- CHP Konya Milletvekili Atilla Kart, &#8221;b\u00fcrokraside yarat\u0131lan parti-cemaat memuru yap\u0131lanmas\u0131n\u0131n yarg\u0131da da tezah\u00fcrlerinin g\u00f6r\u00fcld\u00fc\u011f\u00fcn\u00fc&#8221; s\u00f6yledi. <!--more--><\/p>\n<p style=\"text-align: justify;\">Kart, b\u00f6yle bir anlay\u0131\u015f i\u00e7inde himaye edilen savc\u0131lar\u0131n &#8221;Elaz\u0131\u011f Belediyesi ile ilgili raporlar\u0131 i\u015fleme koymad\u0131klar\u0131n\u0131, Kayseri B\u00fcy\u00fck\u015fehir Belediyesi ile ilgili soru\u015fturmada bilirki\u015fi tayininden \u00f6nce haz\u0131rlanan bilirki\u015fi raporunu esas ald\u0131klar\u0131n\u0131, Silivri soru\u015fturmalar\u0131 kapsam\u0131ndaki soru\u015fturmada Kayseri B\u00fcy\u00fck\u015fehir Belediyesine y\u00f6nelik maddi su\u00e7 bulgular\u0131n\u0131 Kayseri ya da Ankara Cumhuriyet Ba\u015fsavc\u0131l\u0131klar\u0131na g\u00f6ndermediklerini, 1 milyar dolar\u0131 a\u015fan k\u00f6m\u00fcr yolsuzlu\u011funu kamufle ettiklerini, AKP Rize Milletvekili Ali Bayramo\u011flu hakk\u0131ndaki g\u00fcmr\u00fck ka\u00e7ak\u00e7\u0131l\u0131\u011f\u0131 iddialar\u0131 konusunda zaman a\u015f\u0131m\u0131ndan takipsizlik karar\u0131 verdiklerini, \u0130stanbul B\u00fcy\u00fck\u015fehir Belediyesi k\u00f6kenli 22. d\u00f6nem milletvekilleri hakk\u0131ndaki doland\u0131r\u0131c\u0131l\u0131k dosyalar\u0131n\u0131 delil yetersizli\u011fi gerek\u00e7esiyle hallettiklerini&#8221; iddia etti.<\/p>\n<p style=\"text-align: justify;\">&#8221;Bu ki\u015filerin art\u0131k devletin ya da Cumhuriyetin savc\u0131s\u0131 olmad\u0131\u011f\u0131n\u0131&#8221; ileri s\u00fcren Kart, &#8221;Bu savc\u0131lar art\u0131k AKP&#8217;nin memuru, Adalet Bakanl\u0131\u011f\u0131n\u0131n b\u00fcrokrat\u0131 olmu\u015flard\u0131r. Delillere m\u00fcdahale ederler, y\u00f6nlendirirler, karart\u0131rlar. H\u00fck\u00fcmet taraf\u0131ndan \u00f6zel olarak himaye edilirler&#8221; g\u00f6r\u00fc\u015f\u00fcn\u00fc dile getirdi.<\/p>\n<p style=\"text-align: justify;\">Kart, &#8221;Bu savc\u0131lar\u0131n Adalet Bakanl\u0131\u011f\u0131 ve HSYK&#8217;dan cesaret ald\u0131klar\u0131n\u0131&#8221; iddia ederek, bu savc\u0131lar hakk\u0131nda &#8221;meslekten ihra\u00e7 ya da yer de\u011fi\u015ftirme&#8221; yapt\u0131r\u0131mlar\u0131n\u0131n uygulanmas\u0131 i\u00e7in HSYK&#8217;ye su\u00e7 duyurusunda bulunaca\u011f\u0131n\u0131 s\u00f6yledi. Bir soru \u00fczerine, HSYK&#8217;ya bu hafta ba\u015fvuraca\u011f\u0131n\u0131 bildiren Kart, ba\u015fvuruya konu savc\u0131larla ilgili isim vermedi, ancak belirtti\u011fi soru\u015fturmalar kapsam\u0131ndaki 5 ba\u015fsavc\u0131 ve savc\u0131n\u0131n s\u00f6z konusu oldu\u011funu bildirdi. Kart, &#8221;Silivri savc\u0131lar\u0131&#8221; konusunda ise daha \u00f6nce ba\u015fvurular yapt\u0131\u011f\u0131n\u0131 ifade etti.<\/p>\n<p style=\"text-align: justify;\">Kart, TBMM&#8217;de da\u011f\u0131t\u0131ld\u0131\u011f\u0131 belirtilen CHP Genel Ba\u015fkan\u0131 Kemal K\u0131l\u0131\u00e7daro\u011flu ile ilgili kitap konusundaki bir soruya kar\u015f\u0131l\u0131k ise \u015funlar\u0131 s\u00f6yledi:<\/p>\n<p style=\"text-align: justify;\">&#8221;Bu t\u00fcrl\u00fc \u00e7irkin, provokatif, toplumda ayr\u0131\u015fmay\u0131 yaratan yay\u0131nlara itibar edilmemesi gerekti\u011fi a\u00e7\u0131kt\u0131r. Bu nitelikteki yay\u0131nlar\u0131n da\u011f\u0131t\u0131lmas\u0131na TBMM Ba\u015fkanl\u0131\u011f\u0131 nas\u0131l ve neden g\u00f6z yumuyor? Benzeri kitaplar\u0131 yay\u0131nlad\u0131klar\u0131 ifade edilen baz\u0131 ki\u015filere y\u00f6nelik Silivri uygulamalar\u0131 ortadayken bakal\u0131m h\u00fck\u00fcmet bu kitab\u0131 yay\u0131mlayan, bu karalamay\u0131 yapan odaklar\u0131n \u00fcst\u00fcne gitme sorumlulu\u011funu, dirayetini g\u00f6sterebilecek mi? \u00dcmitvar de\u011filim. \u00c7\u00fcnk\u00fc, bu ve benzeri kitaplar\u0131n h\u00fck\u00fcmete ba\u011fl\u0131 olan belli odaklar taraf\u0131ndan beslendi\u011fini, himaye edildi\u011fini \u00f6ng\u00f6r\u00fcyoruz. Olay\u0131 kararl\u0131 bir \u015fekilde takip edece\u011fiz. O kitap ve yay\u0131mlayanlar\u0131, kullananlar\u0131n kimli\u011fini kamuoyuna de\u015fifre edece\u011fiz.&#8221;<\/p>\n<p style=\"text-align: justify;\"><a href=\"http:\/\/www.cumhuriyet.com.tr\/?kn=6&amp;hn=219398\" target=\"_blank\"><span style=\"color: #888888;\">Kaynak : Cumhuriyet Haber Portal\u0131<\/span><\/a><\/p>\n","protected":false},"excerpt":{"rendered":"<p style=\"text-align: center;\">\n<p style=\"text-align: justify;\">CHP Konya Milletvekili Atilla Kart, baz\u0131 soru\u015fturmalarla ilgili baz\u0131 savc\u0131lar\u0131n meslekten ihra\u00e7 edilmesi ya da yer de\u011fi\u015ftirmesi i\u00e7in Hakimler ve Savc\u0131lar Y\u00fcksek Kuruluna (HSYK) su\u00e7 duyurusunda bulunaca\u011f\u0131n\u0131 bildirdi.<\/p>\n<p style=\"text-align: justify;\">Ankara- CHP Konya Milletvekili Atilla Kart, &#8221;b\u00fcrokraside yarat\u0131lan parti-cemaat memuru yap\u0131lanmas\u0131n\u0131n yarg\u0131da da tezah\u00fcrlerinin g\u00f6r\u00fcld\u00fc\u011f\u00fcn\u00fc&#8221; s\u00f6yledi. <\/p>\n","protected":false},"author":1,"featured_media":0,"comment_status":"open","ping_status":"closed","sticky":false,"template":"","format":"standard","meta":{"footnotes":""},"categories":[105],"tags":[],"class_list":["post-28817","post","type-post","status-publish","format-standard","hentry","category-gundem","odd"],"_links":{"self":[{"href":"http:\/\/www.korhanyilmaz.com\/index.php?rest_route=\/wp\/v2\/posts\/28817","targetHints":{"allow":["GET"]}}],"collection":[{"href":"http:\/\/www.korhanyilmaz.com\/index.php?rest_route=\/wp\/v2\/posts"}],"about":[{"href":"http:\/\/www.korhanyilmaz.com\/index.php?rest_route=\/wp\/v2\/types\/post"}],"author":[{"embeddable":true,"href":"http:\/\/www.korhanyilmaz.com\/index.php?rest_route=\/wp\/v2\/users\/1"}],"replies":[{"embeddable":true,"href":"http:\/\/www.korhanyilmaz.com\/index.php?rest_route=%2Fwp%2Fv2%2Fcomments&post=28817"}],"version-history":[{"count":0,"href":"http:\/\/www.korhanyilmaz.com\/index.php?rest_route=\/wp\/v2\/posts\/28817\/revisions"}],"wp:attachment":[{"href":"http:\/\/www.korhanyilmaz.com\/index.php?rest_route=%2Fwp%2Fv2%2Fmedia&parent=28817"}],"wp:term":[{"taxonomy":"category","embeddable":true,"href":"http:\/\/www.korhanyilmaz.com\/index.php?rest_route=%2Fwp%2Fv2%2Fcategories&post=28817"},{"taxonomy":"post_tag","embeddable":true,"href":"http:\/\/www.korhanyilmaz.com\/index.php?rest_route=%2Fwp%2Fv2%2Ftags&post=28817"}],"curies":[{"name":"wp","href":"https:\/\/api.w.org\/{rel}","templated":true}]}}