{"id":28811,"date":"2011-02-23T14:13:13","date_gmt":"2011-02-23T12:13:13","guid":{"rendered":"http:\/\/www.korhanyilmaz.com\/?p=28811"},"modified":"2011-02-23T14:13:13","modified_gmt":"2011-02-23T12:13:13","slug":"hasim-kilic-akpnin-gizli-kurucusu-mu","status":"publish","type":"post","link":"http:\/\/www.korhanyilmaz.com\/?p=28811","title":{"rendered":"Ha\u015fim K\u0131l\u0131\u00e7 AKP&#8217;nin gizli kurucusu mu?"},"content":{"rendered":"<p style=\"text-align: center;\"><a href=\"http:\/\/www.korhanyilmaz.com\/wp-content\/uploads\/2011\/02\/526.jpg\"  class=\"lightview\"><img loading=\"lazy\" decoding=\"async\" class=\"aligncenter size-full wp-image-28812\" src=\"http:\/\/www.korhanyilmaz.com\/wp-content\/uploads\/2011\/02\/526.jpg\" alt=\"\" width=\"414\" height=\"220\" \/><\/a><\/p>\n<p style=\"text-align: justify;\">Ha\u015fim K\u0131l\u0131\u00e7\u2019la ilgili iddia, gazeteci H\u00fcseyin \u00d6zalp\u2019in \u201cAK Asker, Bir ABD, AKP ve Cemaat Projesi\u201d adl\u0131 kitab\u0131nda yer ald\u0131.<\/p>\n<p style=\"text-align: justify;\">\u0130ddiaya g\u00f6re K\u0131l\u0131\u00e7, 2001 y\u0131l\u0131nda G\u00fcl, Erdo\u011fan ve Ar\u0131n\u00e7\u2019\u0131n da bulundu\u011fu AKP\u2019nin kurulu\u015f toplant\u0131lar\u0131ndan birine kat\u0131ld\u0131.<!--more--><\/p>\n<p style=\"text-align: justify;\">Anayasa Mahkemesi Ba\u015fkan\u0131 Ha\u015fim K\u0131l\u0131\u00e7 hakk\u0131nda, siyaset ve yarg\u0131da \u00e7ok tart\u0131\u015f\u0131lacak bir iddia ortaya at\u0131ld\u0131. Daha \u00f6nce Cumhurba\u015fkan\u0131 Abdullah G\u00fcl ve Ba\u015fbakan Tayyip Erdo\u011fan\u2019\u0131n AKP\u2019nin Anayasa Mahkemesi\u2019ndeki kapatma davas\u0131ndaki karara saatler kala yapt\u0131\u011f\u0131 toplant\u0131ya kat\u0131ld\u0131\u011f\u0131 iddia edilen ancak bunu yalanlayan K\u0131l\u0131\u00e7 i\u00e7in bu kez, \u201cAKP\u2019nin gizli kurucusu\u201d oldu\u011fu iddias\u0131 yeni yay\u0131nlanan bir kitapta yer ald\u0131.<\/p>\n<p style=\"text-align: justify;\">K\u0131l\u0131\u00e7\u2019la ilgili iddia, gazeteci H\u00fcseyin \u00d6zalp\u2019in \u201cAK Asker, Bir ABD, AKP ve Cemaat Projesi\u201d adl\u0131 kitab\u0131nda yer ald\u0131. Kitapta K\u0131l\u0131\u00e7\u2019\u0131n da kat\u0131ld\u0131\u011f\u0131 toplant\u0131, FP\u2019nin kapat\u0131lmas\u0131n\u0131n hemen ard\u0131ndan FP i\u00e7indeki yenilik\u00e7ilerin AKP\u2019yi kurduklar\u0131 a\u015famada ger\u00e7ekle\u015fiyor.<\/p>\n<p style=\"text-align: justify;\">Partinin kapat\u0131lmas\u0131n\u0131n ard\u0131ndan Necmettin Erbakan yanl\u0131lar\u0131 SP\u2019yi kurarken, Abdullah G\u00fcl \u00f6nc\u00fcl\u00fc\u011f\u00fcndeki yenilik\u00e7ilerin ise Erdo\u011fan\u2019la birlikte AKP\u2019yi kurma \u00e7al\u0131\u015fmalar\u0131 s\u00fcrecinde gizli kalan bir toplant\u0131ya K\u0131l\u0131\u00e7\u2019\u0131n da kat\u0131ld\u0131\u011f\u0131 anlat\u0131l\u0131yor. Kitapta, toplant\u0131 \u015f\u00f6yle aktar\u0131l\u0131yor:<\/p>\n<p style=\"text-align: justify;\">\u201cAylardan a\u011fustos y\u0131llardan 2001. Fazilet kapat\u0131lm\u0131\u015f, Milli G\u00f6r\u00fc\u015f ikiye b\u00f6l\u00fcnm\u00fc\u015f. B\u00fclent Ar\u0131n\u00e7, ba\u015ftan beri b\u00f6l\u00fcnmeye raz\u0131 de\u011fil. Fazilet\u2019te de dengeli g\u00f6t\u00fcrmeye \u00e7al\u0131\u015f\u0131yor. Kapatmadan sonra Erbakan\u2019dan g\u00f6rev bekliyor ve \u2018\u0130zin ver birle\u015ftireyim\u2019 diyor. \u0130\u015fte bu a\u015famada Ar\u0131n\u00e7, yenilik\u00e7ilerden kopma noktas\u0131nda. Yenilik\u00e7iler, Ar\u0131n\u00e7\u2019\u0131 ikna etmek i\u00e7in bir toplant\u0131 yap\u0131yor. Toplant\u0131da Erdo\u011fan, G\u00fcl ve di\u011fer yenilik\u00e7ilerin d\u0131\u015f\u0131nda siyaset\u00e7i olmayan iki isim daha var. Biri \u00f6\u011fretim \u00fcyesi ve yeni olu\u015fumun oylar\u0131n\u0131 s\u00fcrekli y\u00fczde patlam\u0131\u015f gibi g\u00f6steren ANAR ara\u015ft\u0131rma \u015firketinin sahibi Be\u015fir Atalay. Di\u011fer isim olduk\u00e7a ilgin\u00e7. Laf\u0131n geli\u015finden tahmin edece\u011finiz gibi bu ki\u015fi Ha\u015fim K\u0131l\u0131\u00e7. Anayasa Mahkemesi, Fazilet Partisi hakk\u0131nda kapatma karar\u0131n\u0131 vermi\u015f. K\u0131l\u0131\u00e7, ret oyu veren Anayasa Mahkemesi \u00fcyelerinden biri. \u00dcstelik K\u0131l\u0131\u00e7, toplant\u0131da b\u00fct\u00fcn yenilik\u00e7ilerden daha \u00e7ok konu\u015fuyor. Sonunda Ar\u0131n\u00e7\u2019\u0131 yenilik\u00e7i harekette kalmaya ve kurulacak olan AKP\u2019ye kat\u0131lmaya raz\u0131 ediyor.\u201d<\/p>\n<p style=\"text-align: justify;\"><strong>\u2018Hayal mahsul\u00fc\u2019<\/strong><\/p>\n<p style=\"text-align: justify;\">Cumhuriyet\u2019in ula\u015ft\u0131\u011f\u0131 Anayasa Mahkemesi Ba\u015fkan\u0131 Ha\u015fim K\u0131l\u0131\u00e7, iddiay\u0131 reddetti. K\u0131l\u0131\u00e7, \u201cKesinlikle b\u00f6yle bir olay\u0131 kabul etmiyorum, reddediyorum. An\u0131lan b\u00f6yle bir g\u00f6r\u00fc\u015fme, toplant\u0131 asla s\u00f6z konusu olmam\u0131\u015ft\u0131r. Hayal mahsul\u00fc bir olay\u201d dedi. (<a href=\"http:\/\/www.cumhuriyet.com.tr\/?hn=219402\" target=\"_blank\">Cumhuriyet<\/a>)<\/p>\n<p style=\"text-align: justify;\"><a href=\"http:\/\/www.gazeteport.com.tr\/GUNCEL\/NEWS\/GP_858463\" target=\"_blank\"><span style=\"color: #888888;\">Kaynak : GAZETEPORT<\/span><\/a><\/p>\n","protected":false},"excerpt":{"rendered":"<p style=\"text-align: center;\">\n<p style=\"text-align: justify;\">Ha\u015fim K\u0131l\u0131\u00e7\u2019la ilgili iddia, gazeteci H\u00fcseyin \u00d6zalp\u2019in \u201cAK Asker, Bir ABD, AKP ve Cemaat Projesi\u201d adl\u0131 kitab\u0131nda yer ald\u0131.<\/p>\n<p style=\"text-align: justify;\">\u0130ddiaya g\u00f6re K\u0131l\u0131\u00e7, 2001 y\u0131l\u0131nda G\u00fcl, Erdo\u011fan ve Ar\u0131n\u00e7\u2019\u0131n da bulundu\u011fu AKP\u2019nin kurulu\u015f toplant\u0131lar\u0131ndan birine kat\u0131ld\u0131.<\/p>\n","protected":false},"author":1,"featured_media":0,"comment_status":"open","ping_status":"closed","sticky":false,"template":"","format":"standard","meta":{"footnotes":""},"categories":[105],"tags":[],"class_list":["post-28811","post","type-post","status-publish","format-standard","hentry","category-gundem","odd"],"_links":{"self":[{"href":"http:\/\/www.korhanyilmaz.com\/index.php?rest_route=\/wp\/v2\/posts\/28811","targetHints":{"allow":["GET"]}}],"collection":[{"href":"http:\/\/www.korhanyilmaz.com\/index.php?rest_route=\/wp\/v2\/posts"}],"about":[{"href":"http:\/\/www.korhanyilmaz.com\/index.php?rest_route=\/wp\/v2\/types\/post"}],"author":[{"embeddable":true,"href":"http:\/\/www.korhanyilmaz.com\/index.php?rest_route=\/wp\/v2\/users\/1"}],"replies":[{"embeddable":true,"href":"http:\/\/www.korhanyilmaz.com\/index.php?rest_route=%2Fwp%2Fv2%2Fcomments&post=28811"}],"version-history":[{"count":0,"href":"http:\/\/www.korhanyilmaz.com\/index.php?rest_route=\/wp\/v2\/posts\/28811\/revisions"}],"wp:attachment":[{"href":"http:\/\/www.korhanyilmaz.com\/index.php?rest_route=%2Fwp%2Fv2%2Fmedia&parent=28811"}],"wp:term":[{"taxonomy":"category","embeddable":true,"href":"http:\/\/www.korhanyilmaz.com\/index.php?rest_route=%2Fwp%2Fv2%2Fcategories&post=28811"},{"taxonomy":"post_tag","embeddable":true,"href":"http:\/\/www.korhanyilmaz.com\/index.php?rest_route=%2Fwp%2Fv2%2Ftags&post=28811"}],"curies":[{"name":"wp","href":"https:\/\/api.w.org\/{rel}","templated":true}]}}