{"id":28808,"date":"2011-02-21T21:11:56","date_gmt":"2011-02-21T19:11:56","guid":{"rendered":"http:\/\/www.korhanyilmaz.com\/?p=28808"},"modified":"2011-02-21T21:11:56","modified_gmt":"2011-02-21T19:11:56","slug":"ak-partide-libya-alarmi","status":"publish","type":"post","link":"http:\/\/www.korhanyilmaz.com\/?p=28808","title":{"rendered":"AK Parti&#8217;de &#8220;Libya&#8221; alarm\u0131!"},"content":{"rendered":"<p style=\"text-align: center;\"><a href=\"http:\/\/www.korhanyilmaz.com\/wp-content\/uploads\/2011\/02\/524.jpg\"  class=\"lightview\"><img loading=\"lazy\" decoding=\"async\" class=\"aligncenter size-full wp-image-28809\" src=\"http:\/\/www.korhanyilmaz.com\/wp-content\/uploads\/2011\/02\/524.jpg\" alt=\"\" width=\"307\" height=\"236\" \/><\/a><\/p>\n<p style=\"text-align: justify;\">AK Parti kurmaylar\u0131na Libya uyar\u0131s\u0131. Ba\u015fbakan Erdo\u011fan, hem Merkez Karar Y\u00f6netim Kurulu hem de Y\u00fcr\u00fctme Kurulu toplant\u0131lar\u0131nda parti y\u00f6neticilerine Libya&#8217;daki olaylar hakk\u0131nda yap\u0131lacak a\u00e7\u0131klamalarda &#8220;dikkatli olun&#8221; uyar\u0131s\u0131 yapt\u0131. <!--more--><\/p>\n<p style=\"text-align: justify;\">Edinilen bilgilere g\u00f6re AK Parti&#8217;deki iki toplant\u0131da da, Libya&#8217;daki olaylar de\u011ferlendirildi ve ya\u015fanan \u00e7at\u0131\u015fmalar\u0131n siyasi parti \u00e7at\u0131\u015fmas\u0131 de\u011fil, a\u015firet kavgas\u0131 oldu\u011fu tespiti yap\u0131ld\u0131.<\/p>\n<p style=\"text-align: justify;\">Ve Ba\u015fbakan Erdo\u011fan, Kaddafi&#8217;nin o\u011flunun T\u00fcrkiye ile ilgili s\u00f6zlerini de\u011ferlendirdi; T\u00fcrkiye&#8217;nin hedef g\u00f6sterildi\u011fini s\u00f6yledi.<\/p>\n<p style=\"text-align: justify;\">Yap\u0131lacak a\u00e7\u0131klamalar konusunda hassas davran\u0131lmas\u0131 gerekti\u011fini vurgulad\u0131.<\/p>\n<p style=\"text-align: justify;\">Ba\u015fbakan, &#8220;Libya&#8217;da 25 bin kay\u0131td\u0131\u015f\u0131 ile 30 bin vatanda\u015f\u0131m\u0131z ya\u015f\u0131yor. Onlar\u0131n burnu bile kanamamal\u0131. T\u00fcrk yat\u0131r\u0131mlar\u0131 g\u00f6z \u00f6n\u00fcnde bulundurulmal\u0131&#8221; dedi.<\/p>\n<p style=\"text-align: justify;\">MYK&#8217;daki bir ba\u015fka g\u00fcndem ise AK Parti Se\u00e7im \u0130\u015fleri Ba\u015fkanl\u0131\u011f\u0131&#8217;n\u0131n yapt\u0131\u011f\u0131 son anket oldu.<\/p>\n<p style=\"text-align: justify;\">Yakla\u015f\u0131k 106 bin ki\u015fi \u00fczerinde yap\u0131lan ankete g\u00f6re, AK Parti y\u00fczde 49, CHP y\u00fczde 23 ve MHP y\u00fczde 12 oran\u0131nda oy ald\u0131\u011f\u0131 sonucu \u00e7\u0131kt\u0131. Anket sonu\u00e7u olumlu kar\u015f\u0131land\u0131.<\/p>\n<p style=\"text-align: justify;\"><a href=\"http:\/\/www.cnnturk.com\/2011\/turkiye\/02\/21\/ak.partide.libya.alarmi\/607677.0\/index.html\" target=\"_blank\"><span style=\"color: #888888;\">CNN T\u00dcRK<\/span><\/a><\/p>\n","protected":false},"excerpt":{"rendered":"<p style=\"text-align: center;\">\n<p style=\"text-align: justify;\">AK Parti kurmaylar\u0131na Libya uyar\u0131s\u0131. Ba\u015fbakan Erdo\u011fan, hem Merkez Karar Y\u00f6netim Kurulu hem de Y\u00fcr\u00fctme Kurulu toplant\u0131lar\u0131nda parti y\u00f6neticilerine Libya&#8217;daki olaylar hakk\u0131nda yap\u0131lacak a\u00e7\u0131klamalarda &#8220;dikkatli olun&#8221; uyar\u0131s\u0131 yapt\u0131. <\/p>\n","protected":false},"author":1,"featured_media":0,"comment_status":"open","ping_status":"closed","sticky":false,"template":"","format":"standard","meta":{"footnotes":""},"categories":[105],"tags":[],"class_list":["post-28808","post","type-post","status-publish","format-standard","hentry","category-gundem","odd"],"_links":{"self":[{"href":"http:\/\/www.korhanyilmaz.com\/index.php?rest_route=\/wp\/v2\/posts\/28808","targetHints":{"allow":["GET"]}}],"collection":[{"href":"http:\/\/www.korhanyilmaz.com\/index.php?rest_route=\/wp\/v2\/posts"}],"about":[{"href":"http:\/\/www.korhanyilmaz.com\/index.php?rest_route=\/wp\/v2\/types\/post"}],"author":[{"embeddable":true,"href":"http:\/\/www.korhanyilmaz.com\/index.php?rest_route=\/wp\/v2\/users\/1"}],"replies":[{"embeddable":true,"href":"http:\/\/www.korhanyilmaz.com\/index.php?rest_route=%2Fwp%2Fv2%2Fcomments&post=28808"}],"version-history":[{"count":0,"href":"http:\/\/www.korhanyilmaz.com\/index.php?rest_route=\/wp\/v2\/posts\/28808\/revisions"}],"wp:attachment":[{"href":"http:\/\/www.korhanyilmaz.com\/index.php?rest_route=%2Fwp%2Fv2%2Fmedia&parent=28808"}],"wp:term":[{"taxonomy":"category","embeddable":true,"href":"http:\/\/www.korhanyilmaz.com\/index.php?rest_route=%2Fwp%2Fv2%2Fcategories&post=28808"},{"taxonomy":"post_tag","embeddable":true,"href":"http:\/\/www.korhanyilmaz.com\/index.php?rest_route=%2Fwp%2Fv2%2Ftags&post=28808"}],"curies":[{"name":"wp","href":"https:\/\/api.w.org\/{rel}","templated":true}]}}