{"id":28805,"date":"2011-02-21T19:02:46","date_gmt":"2011-02-21T17:02:46","guid":{"rendered":"http:\/\/www.korhanyilmaz.com\/?p=28805"},"modified":"2011-02-21T19:02:46","modified_gmt":"2011-02-21T17:02:46","slug":"ak-partiye-gore-turklerin-sorumlulugu-yok","status":"publish","type":"post","link":"http:\/\/www.korhanyilmaz.com\/?p=28805","title":{"rendered":"AK Parti&#8217;ye g\u00f6re T\u00fcrklerin sorumlulu\u011fu yok"},"content":{"rendered":"<p style=\"text-align: justify;\"><a href=\"http:\/\/www.korhanyilmaz.com\/wp-content\/uploads\/2011\/02\/523.jpg\"  class=\"lightview\"><img loading=\"lazy\" decoding=\"async\" class=\"aligncenter size-full wp-image-28806\" src=\"http:\/\/www.korhanyilmaz.com\/wp-content\/uploads\/2011\/02\/523.jpg\" alt=\"\" width=\"292\" height=\"188\" \/><\/a><\/p>\n<p style=\"text-align: justify;\">AK Parti Genel Ba\u015fkan Yard\u0131mc\u0131s\u0131 H\u00fcseyin \u00e7elik, Libya&#8217;da olup bitenlerden T\u00fcrkleri sorumlu tutman\u0131n kesinlikle kabul edilebilecek bir \u015fey olmad\u0131\u011f\u0131n\u0131 s\u00f6yledi.<\/p>\n<p style=\"text-align: justify;\">\u00c7elik, AK Parti MKYK Toplant\u0131s\u0131&#8217;n\u0131n ard\u0131ndan d\u00fczenledi\u011fi bas\u0131n toplant\u0131s\u0131nda de\u011ferlendirmelerin ard\u0131ndan gazetecilerin sorular\u0131n\u0131 da yan\u0131tlad\u0131. <!--more--><\/p>\n<p style=\"text-align: justify;\">H\u00fcseyin \u00c7elik &#8220;Libya&#8217;da ya\u015fananlar\u0131n ard\u0131ndan Devlet Ba\u015fkan\u0131 Muammer Kaddafi&#8217;nin o\u011flu, ya\u015fananlardan T\u00fcrkleri de sorumlu tuttu. Nas\u0131l de\u011ferlendiriyorsunuz?&#8221; sorusuna \u015fu yan\u0131t\u0131 verdi:<\/p>\n<p style=\"text-align: justify;\">&#8220;Say\u0131n Cumhurba\u015fkan\u0131m\u0131z\u0131n da bir a\u00e7\u0131klamas\u0131 oldu. Bu g\u00fcne kadar Libya&#8217;da ekonomik faaliyetler dolay\u0131s\u0131yla, m\u00fcte\u015febbis olarak giden, orada \u00e7al\u0131\u015fan hi\u00e7 bir vatanda\u015f\u0131m\u0131z\u0131n Libya&#8217;n\u0131n i\u00e7 i\u015flerine kar\u0131\u015ft\u0131\u011f\u0131 veya oradaki olaylar i\u00e7inde yer ald\u0131\u011f\u0131 kesinlikle tespit edilememi\u015ftir. Bizim, ba\u015fkas\u0131n\u0131n i\u015fine kar\u0131\u015fmak gibi bir niyetimiz olmad\u0131, bundan sonra da olmaz, vatanda\u015flar\u0131m\u0131z\u0131 da \u00f6zellikle bundan al\u0131koymaya \u00e7al\u0131\u015f\u0131yoruz. Orada olup bitenlerden T\u00fcrkleri sorumlu tutmak kesinlikle kabul edilebilecek bir \u015fey de\u011fildir.<\/p>\n<p style=\"text-align: justify;\">Say\u0131n Kaddafi&#8217;nin o\u011flu Seyf\u00fclislam Kaddafi&#8217;nin yapt\u0131\u011f\u0131 a\u00e7\u0131klamada daha \u00e7ok tarihe bir at\u0131f var. Tarihte Osmanl\u0131lar as\u0131rlarca Libya&#8217;da bulundular, Libya&#8217;n\u0131n fatihleri olarak bulundular. Daha sonra arkas\u0131ndan \u0130talyanlar&#8217;\u0131n hakimiyeti geldi. Buraya at\u0131fta bulunarak bug\u00fcn Libya&#8217;n\u0131n Libyal\u0131lara ait oldu\u011funu ifade ediyor ama e\u011fer bu formatta s\u00f6ylenmi\u015f bir s\u00f6zse bu talihsiz bir beyand\u0131r. Libya dost ve karde\u015f bir \u00fclkedir, halk\u0131 T\u00fcrk halk\u0131na b\u00fcy\u00fck sevgi ve sempati duyan bir halkt\u0131r. Biz de onlara b\u00fcy\u00fck sevgi ve sempati ile bakar\u0131z.<\/p>\n<p style=\"text-align: justify;\">Onlar\u0131n bu s\u00fcreci, en az zararla ge\u00e7irmesini temenni ediyoruz. Biz, demokratik standartlar, evrensel hukuk prensipleri, evrensel hukuk prensipleri, insan hak ve \u00f6zg\u00fcrl\u00fckleri konusunda \u015fu veya bu \u00fclke aras\u0131nda bir farl\u0131l\u0131k g\u00f6zetmeyiz. Bu konudaki bak\u0131\u015f\u0131m\u0131z ve duru\u015fumuz evrensel bir duru\u015f vebak\u0131\u015f a\u00e7\u0131s\u0131d\u0131r. Her \u00fclkenin farkl\u0131 bir yap\u0131s\u0131 ve her \u00fclkede olup bitenlerin de farkl\u0131 \u015fartlar\u0131 vard\u0131r. Bu \u015fartlar ve yap\u0131 g\u00f6z \u00f6n\u00fcnde bulundurularak hareket edilmelidir. T\u00fcrk H\u00fck\u00fcmetinin de hareket tarz\u0131 budur.&#8221;<\/p>\n<p style=\"text-align: justify;\"><strong>Ba\u015fbakan&#8217;\u0131n s\u00f6zleri <\/strong><\/p>\n<p style=\"text-align: justify;\">Libya&#8217;da \u00e7ok ciddi olaylar\u0131n meydana geldi\u011fini kaydeden H\u00fcseyin \u00c7elik, h\u00fck\u00fcmetin ve AK Parti&#8217;nin bu olaylar\u0131 \u00e7ok b\u00fcy\u00fck bir dikkat, hassasiyet ve endi\u015feyle izledi\u011fini dile getirdi.<\/p>\n<p style=\"text-align: justify;\">Libya&#8217;n\u0131n dost ve karde\u015f bir \u00fclke oldu\u011funu vurgulayan \u00c7elik, bu \u00fclke ile tarihi, k\u00fclt\u00fcrel ve karde\u015flik ba\u011flar\u0131 bulundu\u011funu s\u00f6yledi. Libya&#8217;da 25 binin \u00fczerinde ekonomik faaliyet g\u00f6steren ve \u00e7al\u0131\u015fan T\u00fcrk vatanda\u015f\u0131n\u0131n bulundu\u011funu hat\u0131rlatan \u00c7elik, \u015f\u00f6yle konu\u015ftu:<\/p>\n<p style=\"text-align: justify;\">&#8220;Dost ve karde\u015f Libya halk\u0131 bu s\u00fcreci \u015fiddete, daha fazla can kayb\u0131na gitmeden, talana ve ya\u011fmalara m\u00fcsaade etmeden huzur ve bar\u0131\u015f i\u00e7erisinde atlatacakt\u0131r diye temenni ediyoruz. Kuzey Afrika&#8217;da ve Ortado\u011fu&#8217;da meydana gelen halk hareketlerini ayn\u0131 format ve ayn\u0131 karakterde g\u00f6rmek temel bir yanl\u0131\u015ft\u0131r. Her \u00fclkenin ayr\u0131 bir yap\u0131s\u0131 ve her \u00fclkedeki olaylar\u0131n farkl\u0131 bir karakteri vard\u0131r. Dolay\u0131s\u0131yla toptanc\u0131 olarak hepsine ayn\u0131 g\u00f6zle bakmak ve ayn\u0131 olaylarm\u0131\u015f gibi de\u011ferlendirmek bizi yan\u0131lg\u0131ya d\u00fc\u015f\u00fcr\u00fcr.<\/p>\n<p style=\"text-align: justify;\">Bas\u0131n yay\u0131n organlar\u0131nda \u00e7\u0131kan baz\u0131 haberler var. Say\u0131n Ba\u015fbakan&#8217;\u0131n M\u0131s\u0131r&#8217;la ilgili s\u00f6yledi\u011fi s\u00f6zler hat\u0131rlat\u0131l\u0131yor, M\u0131s\u0131r y\u00f6netimine y\u00f6nelik \u00e7a\u011fr\u0131s\u0131 hat\u0131rlat\u0131l\u0131yor. Say\u0131n Ba\u015fbakan\u0131m\u0131z\u0131n kime, ne zaman, ne \u015fekilde hitap edece\u011fi veya ne s\u00f6yleyece\u011finde esas belirleyici olan \u015fey birilerinin arzusu ve \u0131smarlamas\u0131 de\u011fil, bizatihi kendi halk\u0131m\u0131z\u0131n, kendi vatanda\u015f\u0131m\u0131z\u0131n can ve mal emniyeti, milli menfaatlerimiz ve s\u00f6z konusu olan halklar\u0131n yine mal ve can g\u00fcvenli\u011fi, huzur ve bar\u0131\u015f i\u00e7erisinde ya\u015famas\u0131 ve kar\u015f\u0131l\u0131kl\u0131 menfaatlerdir. Esas olan budur.<\/p>\n<p style=\"text-align: justify;\">Kime ne zaman, neyin s\u00f6ylenece\u011fi malumunuz ciddiyet gerektirir. D\u0131\u015f politika \u00f6fkeyle ve duygusall\u0131kla yap\u0131lmaz. AK Parti&#8217;nin d\u0131\u015f politikas\u0131 \u00e7ok y\u00f6nl\u00fcd\u00fcr. \u00c7ok hassas olarak yap\u0131lmaktad\u0131r. \u00c7ok ciddi dengeler g\u00f6zetilerek yap\u0131lmaktad\u0131r. Adeta s\u0131rt\u0131m\u0131zda yumurta k\u00fcfesi ve yumurtalar\u0131n aras\u0131ndan y\u00fcr\u00fcr gibi b\u00fcy\u00fck bir hassasiyetle d\u0131\u015f politika yap\u0131lmaktad\u0131r. Bunlar\u0131n g\u00f6z ard\u0131 edilmemesi gerekiyor.&#8221;<\/p>\n<p style=\"text-align: justify;\"><a href=\"http:\/\/www.cnnturk.com\/2011\/turkiye\/02\/21\/ak.partiye.gore.turklerin.sorumlulugu.yok\/607673.0\/index.html\" target=\"_blank\"><span style=\"color: #888888;\">CNN T\u00dcRK<\/span><\/a><\/p>\n","protected":false},"excerpt":{"rendered":"<p style=\"text-align: justify;\">\n<p style=\"text-align: justify;\">AK Parti Genel Ba\u015fkan Yard\u0131mc\u0131s\u0131 H\u00fcseyin \u00e7elik, Libya&#8217;da olup bitenlerden T\u00fcrkleri sorumlu tutman\u0131n kesinlikle kabul edilebilecek bir \u015fey olmad\u0131\u011f\u0131n\u0131 s\u00f6yledi.<\/p>\n<p style=\"text-align: justify;\">\u00c7elik, AK Parti MKYK Toplant\u0131s\u0131&#8217;n\u0131n ard\u0131ndan d\u00fczenledi\u011fi bas\u0131n toplant\u0131s\u0131nda de\u011ferlendirmelerin ard\u0131ndan gazetecilerin sorular\u0131n\u0131 da yan\u0131tlad\u0131. <\/p>\n","protected":false},"author":1,"featured_media":0,"comment_status":"open","ping_status":"closed","sticky":false,"template":"","format":"standard","meta":{"footnotes":""},"categories":[105],"tags":[],"class_list":["post-28805","post","type-post","status-publish","format-standard","hentry","category-gundem","odd"],"_links":{"self":[{"href":"http:\/\/www.korhanyilmaz.com\/index.php?rest_route=\/wp\/v2\/posts\/28805","targetHints":{"allow":["GET"]}}],"collection":[{"href":"http:\/\/www.korhanyilmaz.com\/index.php?rest_route=\/wp\/v2\/posts"}],"about":[{"href":"http:\/\/www.korhanyilmaz.com\/index.php?rest_route=\/wp\/v2\/types\/post"}],"author":[{"embeddable":true,"href":"http:\/\/www.korhanyilmaz.com\/index.php?rest_route=\/wp\/v2\/users\/1"}],"replies":[{"embeddable":true,"href":"http:\/\/www.korhanyilmaz.com\/index.php?rest_route=%2Fwp%2Fv2%2Fcomments&post=28805"}],"version-history":[{"count":0,"href":"http:\/\/www.korhanyilmaz.com\/index.php?rest_route=\/wp\/v2\/posts\/28805\/revisions"}],"wp:attachment":[{"href":"http:\/\/www.korhanyilmaz.com\/index.php?rest_route=%2Fwp%2Fv2%2Fmedia&parent=28805"}],"wp:term":[{"taxonomy":"category","embeddable":true,"href":"http:\/\/www.korhanyilmaz.com\/index.php?rest_route=%2Fwp%2Fv2%2Fcategories&post=28805"},{"taxonomy":"post_tag","embeddable":true,"href":"http:\/\/www.korhanyilmaz.com\/index.php?rest_route=%2Fwp%2Fv2%2Ftags&post=28805"}],"curies":[{"name":"wp","href":"https:\/\/api.w.org\/{rel}","templated":true}]}}