{"id":28797,"date":"2011-02-21T11:10:09","date_gmt":"2011-02-21T09:10:09","guid":{"rendered":"http:\/\/www.korhanyilmaz.com\/?p=28797"},"modified":"2011-02-21T11:10:09","modified_gmt":"2011-02-21T09:10:09","slug":"51-nolu-dvdnin-sirri","status":"publish","type":"post","link":"http:\/\/www.korhanyilmaz.com\/?p=28797","title":{"rendered":"51 nolu DVD&#8217;nin s\u0131rr\u0131"},"content":{"rendered":"<p style=\"text-align: justify;\"><a href=\"http:\/\/www.korhanyilmaz.com\/wp-content\/uploads\/2011\/02\/521.jpg\"  class=\"lightview\"><img loading=\"lazy\" decoding=\"async\" class=\"size-full wp-image-28798 aligncenter\" src=\"http:\/\/www.korhanyilmaz.com\/wp-content\/uploads\/2011\/02\/521.jpg\" alt=\"\" width=\"414\" height=\"220\" \/><\/a><\/p>\n<p style=\"text-align: justify;\">\u0130kinci Ergenekon davas\u0131n\u0131n tutuklu san\u0131\u011f\u0131 Yarbay Mustafa D\u00f6nmez, duru\u015fmada Zir Vadisi ile ilgili baz\u0131 sorular sordu.<\/p>\n<p style=\"text-align: justify;\">Mustafa D\u00f6nmez&#8217;in avukat\u0131 Celal \u00dclgen, &#8221;Genelkurmay Askeri Mahkemesi \u00e7ok iyi bir inceleme yapsayd\u0131 Balyoz korkusu olmayacakt\u0131. Mustafa D\u00f6nmez olay\u0131 p\u00fcsk\u00fcrt\u00fclm\u00fc\u015f olsayd\u0131 bug\u00fcn Balyoz&#8217;da bu kadar general tutuklanmayacakt\u0131&#8221; dedi. <!--more--><\/p>\n<p style=\"text-align: justify;\">Daha sonra sorgusuna ge\u00e7ilen tutuklu san\u0131klardan emekli Albay Mustafa Levent G\u00f6kta\u015f; g\u00f6zalt\u0131na al\u0131nd\u0131ktan 4 g\u00fcn 10 saat sonra savc\u0131l\u0131\u011fa, 4 g\u00fcn 19 saat sonra mahkemeye \u00e7\u0131kabildi\u011fini dile getiren G\u00f6kta\u015f, &#8221;Su\u00e7lanmama dayanak olan 51 No&#8217;lu DVD, b\u00fcroma kesinlikle polis taraf\u0131ndan konulmu\u015ftur. Tek delil olan bu DVD&#8217;nin d\u0131\u015f\u0131nda ba\u015fka hi\u00e7bir delil elde edilememi\u015ftir&#8217; dedi.<\/p>\n<p style=\"text-align: justify;\">\u0130STANBUL &#8211; Emekli Orgeneraller Hur\u015fit Tolon ve \u015eener Eruygur&#8217;un san\u0131klar\u0131 aras\u0131nda yer ald\u0131\u011f\u0131 \u0130kinci Ergenekon Davas\u0131&#8217;n\u0131n 104&#8217;\u00fcnc\u00fc duru\u015fmas\u0131 g\u00f6r\u00fclmeye ba\u015fland\u0131.<\/p>\n<p style=\"text-align: justify;\">Aralar\u0131nda gazeteciler Mustafa Balbay ve Tuncay \u00d6zkan&#8217;\u0131n da bulundu\u011fu 28&#8217;i tutuklu toplam 117 san\u0131\u011f\u0131n yarg\u0131land\u0131\u011f\u0131 davan\u0131n bug\u00fcnk\u00fc duru\u015fmas\u0131na tutuklu san\u0131klar \u0130n\u00f6n\u00fc \u00dcniversitesi eski Rekt\u00f6r\u00fc Prof. Dr. Fatih Hilmio\u011flu, Ba\u015fkent \u00dcniversitesi eski Rekt\u00f6r\u00fc Prof. Dr. Mehmet Haberal, emekli Tu\u011fgeneral Levent Ers\u00f6z, emekli Albay Hasan Atilla U\u011fur, \u0130brahim \u00d6zcan, O\u011fuzhan Sa\u011f\u0131ro\u011flu ve Ersin G\u00f6nenci kat\u0131lmad\u0131. Tutuksuz san\u0131klardan ise \u0130lyas \u00c7\u0131nar ve Emin \u015eirin duru\u015fmada haz\u0131r bulundu.<\/p>\n<p style=\"text-align: justify;\"><strong>MUSTAFA D\u00d6NMEZ&#8217;DEN SORULAR<\/strong><\/p>\n<p style=\"text-align: justify;\">&nbsp;<\/p>\n<div id=\"attachment_28799\" style=\"width: 310px\" class=\"wp-caption alignleft\"><img loading=\"lazy\" decoding=\"async\" aria-describedby=\"caption-attachment-28799\" class=\"size-full wp-image-28799  \" style=\"margin-left: 10px; margin-right: 10px;\" src=\"http:\/\/www.korhanyilmaz.com\/wp-content\/uploads\/2011\/02\/522.jpg\" alt=\"\" width=\"300\" height=\"150\" \/><p id=\"caption-attachment-28799\" class=\"wp-caption-text\">Yarbay Mustafa D\u00f6nmez<\/p><\/div>\n<p style=\"text-align: justify;\">Mahkeme Ba\u015fkan\u0131 K\u00f6ksal \u015eeng\u00fcn, ge\u00e7en hafta yapt\u0131\u011f\u0131 savunmas\u0131nda eksik kalan hususlar oldu\u011funu ve k\u0131sa bir s\u00fcre daha savunma s\u00fcresi istedi\u011fini belirten tutuklu san\u0131k Yarbay Mustafa D\u00f6nmez&#8217;e 15 dakika daha savunma hakk\u0131 verdi. Soru\u015fturma ve kovu\u015fturma a\u015famas\u0131nda olu\u015fan \u015f\u00fcphelere cevap verildi\u011fi takdirde konunun anla\u015f\u0131laca\u011f\u0131n\u0131 belirten Yarbay D\u00f6nmez, baz\u0131 sorular\u0131 s\u0131ralad\u0131.<\/p>\n<p style=\"text-align: justify;\">D\u00f6nmez, &#8220;7 Ocak&#8217;ta Zir Vadisi&#8217;nde arama yap\u0131ld\u0131\u011f\u0131 s\u0131rada \u015fahs\u0131ma neden haber verilmedi? Zir Vadisi&#8217;nde aramalar neden gece yap\u0131ld\u0131? Aramalara b\u00f6lgenin jandarma b\u00f6lgesi olmas\u0131na ra\u011fmen polis neden jandarmayla birlikte b\u00f6lgeye gelmemi\u015ftir? Jandarman\u0131n da rahat \u015fekilde g\u00f6r\u00fcnt\u00fc almas\u0131 neden engellendi?<\/p>\n<p style=\"text-align: justify;\">Arama ve el koyma tutana\u011f\u0131 neden olay yerinde tutulmad\u0131? Tutanaklardaki 3,5-4 saatlik saat farklar\u0131n\u0131n nedeni nedir? Aramada \u00e7ekilen g\u00f6r\u00fcnt\u00fcler neden 105 kez kesilmi\u015ftir? Kay\u0131tlardaki g\u00f6r\u00fcnt\u00fclere neden tarih ve saat kayd\u0131 yoktur? Zir Vadisi&#8217;ndeki aramalarda bomba imha ekiplerinin \u00fczerinde koruyucu k\u0131yafet yok? Zir Vadisi&#8217;nde bulundu\u011fu iddia edilen 18 el bombas\u0131 \u00dcmraniye&#8217;deki bombalarla neden bu kadar benzer \u00f6zellikler ta\u015f\u0131yor?&#8221; diye sordu. Mahkeme Ba\u015fkan\u0131 \u015eeng\u00fcn&#8217;\u00fcn verilen s\u00fcreyi a\u015ft\u0131\u011f\u0131 \u015feklindeki uyar\u0131s\u0131n\u0131n ard\u0131ndan, D\u00f6nmez s\u00f6zlerini tamamlad\u0131.<\/p>\n<p style=\"text-align: justify;\"><strong>ODATV SORGUSUNDA ERGENEKON MAHKEMES\u0130 BA\u015eKANIYLA \u0130LG\u0130L\u0130 SORU<\/strong><\/p>\n<p style=\"text-align: justify;\">\u0130stanbul 13. A\u011f\u0131r Ceza Mahkemesindeki duru\u015fmada savunmas\u0131n\u0131 yapan tutuklu san\u0131k Mustafa D\u00f6nmez&#8217;in avukatlar\u0131ndan Serkan G\u00fcnel, \u00d6zdemir Asaf&#8217;\u0131n \u015fiirine g\u00f6nderme yaparak, &#8221;B\u00fct\u00fcn renkler ayn\u0131 h\u0131zla kirleniyordu, birincili\u011fi buradaki san\u0131klara verdiler&#8221; s\u00f6zleriyle ba\u015flad\u0131.<\/p>\n<p style=\"text-align: justify;\">Odatv&#8217;ye y\u00f6nelik operasyonda tutuklanan Bar\u0131\u015f Pehlivan&#8217;\u0131n savc\u0131l\u0131k sorgusuna da kat\u0131lan G\u00fcnel, Mahkeme Heyeti Ba\u015fkan\u0131 K\u00f6ksal \u015eeng\u00fcn&#8217;e hitap ederek, &#8221;Odatv ile ilgili sorguya kat\u0131ld\u0131\u011f\u0131mda sizinle ilgili soru geldi. Soru\u015fturmay\u0131 y\u00fcr\u00fcten savc\u0131, yarg\u0131lamay\u0131 y\u00fcr\u00fcten mahkeme ba\u015fkan\u0131yla ilgili soru sormaya nas\u0131l c\u00fcret ediyor?&#8221; diye konu\u015ftu.<\/p>\n<p style=\"text-align: justify;\">Zir Vadisi, G\u00f6lba\u015f\u0131 ve Poyrazk\u00f6y aramalar\u0131nda bulunan a\u00e7\u0131k ye\u015fil sis kutusunun heyetin \u00f6n\u00fcne getirilmesi y\u00f6n\u00fcnde talebi hat\u0131rlatan G\u00fcnel, bunun D\u00f6nmez&#8217;in kendi masumiyetini ortaya \u00e7\u0131karmaktan \u00e7ok oynanmaya \u00e7al\u0131\u015f\u0131lan senaryoyu ortaya \u00e7\u0131karmak amac\u0131nda oldu\u011funun en b\u00fcy\u00fck kan\u0131t\u0131 oldu\u011funu ileri s\u00fcrd\u00fc.<\/p>\n<p style=\"text-align: justify;\">G\u00fcnel, &#8221;M\u00fcvekkil bu oyunun bir par\u00e7as\u0131n\u0131 ortaya \u00e7\u0131karm\u0131\u015ft\u0131r, di\u011fer san\u0131klar ba\u015fka par\u00e7as\u0131n\u0131 ve tabii avukatlar da&#8230; Say\u0131n mahkemeniz tarihe ge\u00e7ecek bir davay\u0131 y\u00fcr\u00fct\u00fcyorsa ama\u00e7 sadece \u00f6n\u00fcn\u00fczdeki san\u0131klar\u0131n masumiyetini veya su\u00e7lulu\u011funu ortaya koymak de\u011fil bu san\u0131klara ve dolay\u0131s\u0131yla T\u00fcrkiye Cumhuriyeti devleti \u00fczerine oynanan bir oyun varsa ki vard\u0131r bunu ortaya \u00e7\u0131karmak olmal\u0131d\u0131r&#8221; dedi.<\/p>\n<p style=\"text-align: justify;\">Aramalar\u0131n yap\u0131ld\u0131\u011f\u0131 Zir Vadisi&#8217;nin eski bir Ermeni yerle\u015fim birimi, bu \u00f6zelli\u011fi nedeniyle de define avc\u0131lar\u0131n\u0131n u\u011frak yeri oldu\u011funu belirten G\u00fcnel, vadide kaz\u0131lm\u0131\u015f irili ufakl\u0131 bir\u00e7ok \u00e7ukur bulundu\u011funu, kendilerine verilen g\u00f6r\u00fcnt\u00fclerde kaz\u0131lar sonucu \u00e7\u0131kar\u0131lm\u0131\u015f bir m\u00fchimmata rastlanmad\u0131\u011f\u0131n\u0131, bunun da kendilerinde  &#8221;zaten mevcut olan \u00e7ukurlara m\u00fchimmat\u0131n yerle\u015ftirildi\u011fi&#8221; izlenimini yaratt\u0131\u011f\u0131n\u0131 ifade etti. G\u00fcnel, Zir Vadisi&#8217;nde araman\u0131n gece yap\u0131lmas\u0131n\u0131n \u00fczerinde durulmas\u0131 gereken bir konu oldu\u011funu s\u00f6yledi.<\/p>\n<p style=\"text-align: justify;\"><strong>ASKER\u0130 MAHKEME \u0130Y\u0130 \u0130NCELESEYD\u0130 BALYOZ OLMAYCAKTI<\/strong><\/p>\n<p style=\"text-align: justify;\">D\u00f6nmez&#8217;in di\u011fer avukat\u0131 Celal \u00dclgen de m\u00fcvekkilinin sanki \u00e7ok say\u0131da m\u00fchimmat\u0131 al\u0131p saklam\u0131\u015f, Ba\u015fbakan Recep Tayyip Erdo\u011fan&#8217;a suikast planlamay\u0131 d\u00fc\u015f\u00fcnm\u00fc\u015f bir ki\u015fi olarak g\u00f6sterildi\u011fini ifade ederek, sadece D\u00f6nmez de\u011fil \u00e7ok say\u0131da asker ve sivil hakk\u0131nda tertipler ve komplolar olu\u015fturuldu\u011funu savundu.<\/p>\n<p style=\"text-align: justify;\">Bu olu\u015fturulurken bir imaj yarat\u0131ld\u0131\u011f\u0131n\u0131 ifade eden \u00dclgen, &#8221;Buna g\u00f6re Poyrazk\u00f6y&#8217;de Levent Bekta\u015f, Zir Vadisi&#8217;nde Mustafa D\u00f6nmez, Ergenekon&#8217;da da di\u011fer insanlar hakk\u0131nda su\u00e7lu imaj\u0131 yaratmaya \u00e7al\u0131\u015ft\u0131lar. D\u00f6nmez, haks\u0131zl\u0131\u011fa, komploya u\u011fram\u0131\u015ft\u0131r&#8221; diye konu\u015ftu.<\/p>\n<p style=\"text-align: justify;\">D\u00f6nmez&#8217;in gelecek g\u00fcnlerde Genelkurmay Askeri Mahkemesinde duru\u015fmas\u0131 oldu\u011funu hat\u0131rlatan \u00dclgen, bu mahkemenin verdi\u011fi ilk karara de\u011finerek, &#8221;Genelkurmay Askeri Mahkemesi ya bu imaj\u0131n etkisinde kal\u0131yor, esasl\u0131, derinden inceleme yapmadan karar veriyor ya da &#8216;Ben T\u00fcrk Silahl\u0131 Kuvvetleriyim, Mustafa D\u00f6nmez olay\u0131yla m\u0131 u\u011fra\u015faca\u011f\u0131m, vars\u0131n d\u0131\u015far\u0131 atal\u0131m&#8217; diyor. Genelkurmay Askeri Mahkemesi \u00e7ok iyi bir inceleme yapsayd\u0131 Balyoz korkusu olmayacakt\u0131. Mustafa D\u00f6nmez olay\u0131 p\u00fcsk\u00fcrt\u00fclm\u00fc\u015f olsayd\u0131 bug\u00fcn Balyoz&#8217;da bu kadar general tutuklanmayacakt\u0131&#8221; dedi.<\/p>\n<p style=\"text-align: justify;\"><strong>&#8220;51 NO&#8217;LU DVD&#8217;Y\u0130 KES\u0130NL\u0130KLE POL\u0130S KOYDU&#8221;<\/strong><\/p>\n<p style=\"text-align: justify;\">Tutuklu san\u0131k emekli Albay Mustafa Levent G\u00f6kta\u015f, su\u00e7lanmas\u0131na konu olan ve i\u00e7inde baz\u0131 yarg\u0131 mensuplar\u0131n\u0131n ki\u015fisel ya\u015famlar\u0131yla ilgili bilgilerin yer ald\u0131\u011f\u0131 51 No&#8217;lu DVD&#8217;nin b\u00fcrosuna polis taraf\u0131ndan konuldu\u011funu savundu. \u0130stanbul 13. A\u011f\u0131r Ceza Mahkemesindeki duru\u015fmada tutuklu san\u0131k Mustafa D\u00f6nmez&#8217;in avukat\u0131 Celal \u00dclgen&#8217;in savunmas\u0131n\u0131 tamamlamas\u0131n\u0131n ard\u0131ndan san\u0131klardan Mustafa Levent G\u00f6kta\u015f&#8217;\u0131n savunmas\u0131n\u0131n al\u0131nmas\u0131na ge\u00e7ildi.<\/p>\n<p style=\"text-align: justify;\">\u00d6z ge\u00e7mi\u015fini anlatarak savunmas\u0131na ba\u015flayan G\u00f6kta\u015f, hayat\u0131n\u0131n b\u00fcy\u00fck bir k\u0131s\u0131m\u0131n\u0131 ter\u00f6rle m\u00fccadele ederek ge\u00e7irdi\u011fini, binden fazla \u00e7at\u0131\u015fmaya girdi\u011fini s\u00f6yledi. T\u00fcrk Silahl\u0131 Kuvvetlerinde \u00e7ok az subayda bulunan 3 adet kahramanl\u0131k madalyas\u0131 ald\u0131\u011f\u0131 dile getiren G\u00f6kta\u015f, kendisine 180  takdirname, 23 rozet ve br\u00f6ve verildi\u011fini kaydetti.<\/p>\n<p style=\"text-align: justify;\">G\u00f6kta\u015f, 1999&#8217;da imzalanan Suriye Adana Mutabakat\u0131&#8217;nda g\u00f6rev yapan tek T\u00fcrk subay oldu\u011funu ifade ederek, 1996 y\u0131l\u0131nda da Marmara \u00dcniversitesi Hukuk Fak\u00fcltesinden mezun oldu\u011funu, emekli olduktan sonra avukatl\u0131k yapt\u0131\u011f\u0131n\u0131 anlatt\u0131.<\/p>\n<p style=\"text-align: justify;\">&#8221;Milletimi, devletimin g\u00fcvenli\u011fini \u00f6l\u00fcm\u00fc g\u00f6ze alarak savundum. \u00d6zel Kuvvetler olarak bizler kendimizi \u00fclkemize adam\u0131\u015f insanlar\u0131z&#8221; diyen G\u00f6kta\u015f, \u00f6l\u00fcm\u00fc g\u00f6ze alarak sava\u015ft\u0131\u011f\u0131 i\u00e7in madalyalar verildi\u011fini, bu davada yarg\u0131lanmas\u0131n\u0131n bunlara ters olup olmad\u0131\u011f\u0131n\u0131 sordu.<\/p>\n<p style=\"text-align: justify;\">Polisin, 7 Ocak 2009&#8217;da Ankara&#8217;daki avukatl\u0131k b\u00fcrosunda yapt\u0131\u011f\u0131 aramay\u0131 anlatan G\u00f6kta\u015f, b\u00fcrosunda \u00e7al\u0131\u015fan avukat \u00d6zge Evci&#8217;nin masas\u0131n\u0131n \u00fczerindeki bir mahkeme dosyas\u0131nda, i\u00e7eri\u011finden savc\u0131l\u0131k sorgusuna kadar haberdar olmad\u0131\u011f\u0131 51 No&#8217;lu DVD ile su\u00e7land\u0131\u011f\u0131n\u0131 kaydetti.<\/p>\n<p style=\"text-align: justify;\">G\u00f6zalt\u0131na al\u0131nd\u0131ktan 4 g\u00fcn 10 saat sonra savc\u0131l\u0131\u011fa, 4 g\u00fcn 19 saat sonra mahkemeye \u00e7\u0131kabildi\u011fini dile getiren G\u00f6kta\u015f, &#8221;Su\u00e7lanmama dayanak olan 51 No&#8217;lu DVD, b\u00fcroma kesinlikle polis taraf\u0131ndan konulmu\u015ftur. Tek delil olan bu DVD&#8217;nin d\u0131\u015f\u0131nda ba\u015fka hi\u00e7bir delil elde edilememi\u015ftir&#8217;<\/p>\n<p style=\"text-align: justify;\">\u0130stanbul 9. A\u011f\u0131r Ceza Mahkemesi hakimlerinden \u0130dris Asan taraf\u0131ndan verilen arama ve el koyma karar\u0131n\u0131n hukuka ayk\u0131r\u0131 ve yok h\u00fckm\u00fcnde oldu\u011funu ifade eden G\u00f6kta\u015f, b\u00fcrosunda yap\u0131lan arama ve g\u00f6zalt\u0131na al\u0131nmas\u0131yla ilgili, hukuka ayk\u0131r\u0131 oldu\u011funu belirtti\u011fi konular\u0131 a\u00e7\u0131klad\u0131.<\/p>\n<p style=\"text-align: justify;\">G\u00f6kta\u015f, avukatl\u0131k b\u00fcrolar\u0131ndaki aramalar\u0131n nas\u0131l ger\u00e7ekle\u015ftirilece\u011finin CMK&#8217;de belirlendi\u011fini ancak bu kurallara uyulmad\u0131\u011f\u0131n\u0131 dile getirdi.<\/p>\n<p style=\"text-align: justify;\"><strong>&#8221;BUNLAR BA\u015eKA T\u00dcRL\u00dc POL\u0130S&#8221;<\/strong><\/p>\n<p style=\"text-align: justify;\">Polisin b\u00fcrosunda arama yaparken kayda ald\u0131\u011f\u0131 videoda saat 10.46 ile 15.25 aras\u0131nda g\u00f6r\u00fcnt\u00fclerin olmad\u0131\u011f\u0131n\u0131 ifade eden G\u00f6kta\u015f, &#8221;Bu saatler aras\u0131ndaki video g\u00f6r\u00fcnt\u00fclerinin silinmi\u015f olmas\u0131 51 No&#8217;lu DVD&#8217;nin polis taraf\u0131ndan koyuldu\u011funu do\u011frulamaktad\u0131r&#8221; dedi.<\/p>\n<p style=\"text-align: justify;\">Duru\u015fma salonunda bu arama g\u00f6r\u00fcnt\u00fclerini de izleten G\u00f6kta\u015f, bu g\u00f6r\u00fcnt\u00fclerin polislerin savc\u0131dan 5 saat \u00f6nce b\u00fcrosuna gelerek delil yaratma faaliyetleri oldu\u011funu savundu.<\/p>\n<p style=\"text-align: justify;\">Polislerin avukat-m\u00fcvekkil ili\u015fkisine ait dosyalar\u0131 yetkisi olmadan inceledi\u011fini ifade eden G\u00f6kta\u015f, &#8221;Bir gazap, kin ve nefret i\u00e7erisindeler. Diyeceksiniz &#8216;Sen de \u00f6zel harekat\u00e7\u0131s\u0131n. Sen nas\u0131l b\u00f6yle bir tufaya, oyuna geldin&#8217;. Ben \u00f6zel harekatta \u00e7al\u0131\u015ft\u0131m. Kolu kopmak \u00fczere olan polisin damar\u0131n\u0131 tutup \u00f6lmesin diye g\u00f6t\u00fcren ki\u015fiyim. Ama bunlar ba\u015fka bir t\u00fcrl\u00fc polis. Bizim beraber sava\u015ft\u0131\u011f\u0131m\u0131z, bu \u00fclke i\u00e7in can verdi\u011fimiz polislerden de\u011filler. Emniyetin i\u00e7erisinde ger\u00e7ekten k\u00f6t\u00fc niyetli insanlar var&#8221; diye konu\u015ftu.<\/p>\n<p style=\"text-align: justify;\">51 No&#8217;lu DVD odas\u0131nda bulundu\u011fu iddia edilen avukat \u00d6zge Evci&#8217;nin mesle\u011fe yeni ba\u015flayan gen\u00e7 bir meslekta\u015f\u0131 oldu\u011funu ifade eden G\u00f6kta\u015f, Evci&#8217;nin ad\u0131 internet ortam\u0131nda yaz\u0131ld\u0131\u011f\u0131nda kar\u015f\u0131s\u0131na 51 No&#8217;lu DVD&#8217;nin \u00e7\u0131kt\u0131\u011f\u0131n\u0131, mesle\u011fe yeni ba\u015flayan avukat i\u00e7in b\u00f6yle bir olay\u0131n zul\u00fcm oldu\u011funu, Evci&#8217;nin bu nedenle uzun s\u00fcre psikolojik tedavi g\u00f6rd\u00fc\u011f\u00fcn\u00fc anlatt\u0131.<\/p>\n<p style=\"text-align: justify;\">G\u00f6kta\u015f&#8217;\u0131n di\u015f a\u011fr\u0131s\u0131 \u00e7ekti\u011fini belirterek savunmas\u0131na bug\u00fcnl\u00fck ara verilmesini istemesi \u00fczerine, duru\u015fma yar\u0131na ertelendi.<\/p>\n<p style=\"text-align: justify;\"><a href=\"http:\/\/www.gazeteport.com.tr\/GUNCEL\/NEWS\/GP_857081\" target=\"_blank\"><span style=\"color: #888888;\">Kaynak : GAZETEPORT<\/span><\/a><\/p>\n","protected":false},"excerpt":{"rendered":"<p style=\"text-align: justify;\">\n<p style=\"text-align: justify;\">\u0130kinci Ergenekon davas\u0131n\u0131n tutuklu san\u0131\u011f\u0131 Yarbay Mustafa D\u00f6nmez, duru\u015fmada Zir Vadisi ile ilgili baz\u0131 sorular sordu.<\/p>\n<p style=\"text-align: justify;\">Mustafa D\u00f6nmez&#8217;in avukat\u0131 Celal \u00dclgen, &#8221;Genelkurmay Askeri Mahkemesi \u00e7ok iyi bir inceleme yapsayd\u0131 Balyoz korkusu olmayacakt\u0131. Mustafa D\u00f6nmez olay\u0131 p\u00fcsk\u00fcrt\u00fclm\u00fc\u015f olsayd\u0131 bug\u00fcn Balyoz&#8217;da bu kadar general tutuklanmayacakt\u0131&#8221; dedi. <\/p>\n","protected":false},"author":1,"featured_media":0,"comment_status":"open","ping_status":"closed","sticky":false,"template":"","format":"standard","meta":{"footnotes":""},"categories":[105],"tags":[],"class_list":["post-28797","post","type-post","status-publish","format-standard","hentry","category-gundem","odd"],"_links":{"self":[{"href":"http:\/\/www.korhanyilmaz.com\/index.php?rest_route=\/wp\/v2\/posts\/28797","targetHints":{"allow":["GET"]}}],"collection":[{"href":"http:\/\/www.korhanyilmaz.com\/index.php?rest_route=\/wp\/v2\/posts"}],"about":[{"href":"http:\/\/www.korhanyilmaz.com\/index.php?rest_route=\/wp\/v2\/types\/post"}],"author":[{"embeddable":true,"href":"http:\/\/www.korhanyilmaz.com\/index.php?rest_route=\/wp\/v2\/users\/1"}],"replies":[{"embeddable":true,"href":"http:\/\/www.korhanyilmaz.com\/index.php?rest_route=%2Fwp%2Fv2%2Fcomments&post=28797"}],"version-history":[{"count":0,"href":"http:\/\/www.korhanyilmaz.com\/index.php?rest_route=\/wp\/v2\/posts\/28797\/revisions"}],"wp:attachment":[{"href":"http:\/\/www.korhanyilmaz.com\/index.php?rest_route=%2Fwp%2Fv2%2Fmedia&parent=28797"}],"wp:term":[{"taxonomy":"category","embeddable":true,"href":"http:\/\/www.korhanyilmaz.com\/index.php?rest_route=%2Fwp%2Fv2%2Fcategories&post=28797"},{"taxonomy":"post_tag","embeddable":true,"href":"http:\/\/www.korhanyilmaz.com\/index.php?rest_route=%2Fwp%2Fv2%2Ftags&post=28797"}],"curies":[{"name":"wp","href":"https:\/\/api.w.org\/{rel}","templated":true}]}}