{"id":28783,"date":"2011-02-21T17:01:39","date_gmt":"2011-02-21T15:01:39","guid":{"rendered":"http:\/\/www.korhanyilmaz.com\/?p=28783"},"modified":"2011-02-21T17:01:39","modified_gmt":"2011-02-21T15:01:39","slug":"bdpli-vekilden-kiskirtan-sozler","status":"publish","type":"post","link":"http:\/\/www.korhanyilmaz.com\/?p=28783","title":{"rendered":"BDP&#8217;li vekilden k\u0131\u015fk\u0131rtan s\u00f6zler!"},"content":{"rendered":"<p style=\"text-align: justify;\"><a href=\"http:\/\/www.korhanyilmaz.com\/wp-content\/uploads\/2011\/02\/520.jpg\"  class=\"lightview\"><img loading=\"lazy\" decoding=\"async\" class=\"aligncenter size-full wp-image-28784\" src=\"http:\/\/www.korhanyilmaz.com\/wp-content\/uploads\/2011\/02\/520.jpg\" alt=\"\" width=\"320\" height=\"100\" \/><\/a><\/p>\n<p style=\"text-align: justify;\">BDP Batman Milletvekili Bengi Y\u0131ld\u0131z, K\u00fcrtler\u2019in kand\u0131r\u0131lmaya \u00e7al\u0131\u015f\u0131ld\u0131\u011f\u0131n\u0131 \u00f6ne s\u00fcrerek, &#8221;Ge\u00e7mi\u015fte \u0130smet ile Mustafa, bug\u00fcn de Tayyip ile Fethullah bizleri kand\u0131r\u0131yor&#8221; dedi.<\/p>\n<p style=\"text-align: justify;\">VAN ve Hakkari\u2019de \u201921 \u015eubat D\u00fcnya Anadil G\u00fcn\u00fc\u2019 nedeniyle Kurdi-Der taraf\u0131ndan \u00e7e\u015fitli etkinlikler ger\u00e7ekle\u015ftirildi. Van\u2019da milletvekillerinin kat\u0131l\u0131m\u0131yla miting d\u00fczenlenirken, Hakkari\u2019de y\u00fcr\u00fcy\u00fc\u015f yap\u0131ld\u0131. Van\u2019da konu\u015fmas\u0131n\u0131n\u0131 bir b\u00f6l\u00fcm\u00fcn\u00fc K\u00fcrt\u00e7e yapan BDP Batman Milletvekili Bengi Y\u0131ld\u0131z, K\u00fcrtler\u2019in kand\u0131r\u0131lmaya \u00e7al\u0131\u015f\u0131ld\u0131\u011f\u0131n\u0131 \u00f6ne s\u00fcrerek, &#8220;Ge\u00e7mi\u015fte \u0130smet ile Mustafa, bug\u00fcn de Tayyip ile Fethullah bizleri kand\u0131r\u0131yor&#8221; dedi. Miting alan\u0131nda kat\u0131lanlara da\u011f\u0131t\u0131lan \u00fcnl\u00fc bilim adam\u0131 Albert Einstein ve bir kad\u0131n\u0131n dilini \u00e7\u0131kard\u0131\u011f\u0131 foto\u011fraflar\u0131n bulundu\u011fu d\u00f6vizler dikkat \u00e7ekti.<!--more--><\/p>\n<p style=\"text-align: justify;\">Be\u015fyol Meydan\u0131\u2019ndaki mitinge BDP Batman Milletvekili Bengi Y\u0131ld\u0131z, Van Milletvekili \u00d6zdal \u00dc\u00e7er, BDP\u2019li Belediye Ba\u015fkanlar\u0131 ve yakla\u015f\u0131k 3 bin ki\u015fi kat\u0131ld\u0131. Geni\u015f g\u00fcvenlik \u00f6nlemlerinin al\u0131nd\u0131\u011f\u0131 miting alan\u0131na girenler tek tek arand\u0131. \u0130lk olarak BDP \u0130l Ba\u015fkan\u0131 C\u00fcneyt Cani\u015f, ard\u0131ndan E\u011fitim-Sen Van \u015eube Ba\u015fkan\u0131 Lezgin Botan K\u00fcrt\u00e7e konu\u015fma yapt\u0131. Daha sonra Batman Milletvekili Bengi Y\u0131ld\u0131z \u00f6nce K\u00fcrt\u00e7e ard\u0131ndan T\u00fcrk\u00e7e konu\u015ftu. Y\u0131ld\u0131z, ge\u00e7mi\u015fte oldu\u011fu gibi K\u00fcrtler\u2019in \u015fimdi de kand\u0131r\u0131ld\u0131\u011f\u0131n\u0131 ileri s\u00fcrd\u00fc. Se\u00e7imde gerekli cevab\u0131n verilmesini isteyen Y\u0131ld\u0131z, konu\u015fmas\u0131n\u0131n K\u00fcrt\u00e7e b\u00f6l\u00fcm\u00fcnde, &#8220;Ge\u00e7mi\u015fte \u0130smet ile Mustafa bug\u00fcn de Tayyip\u2019le Fethullah bizleri kand\u0131r\u0131yor&#8221; dedi.<\/p>\n<p style=\"text-align: justify;\">Y\u0131ld\u0131z, ard\u0131ndan T\u00fcrk\u00e7e s\u00fcrd\u00fcrd\u00fc\u011f\u00fc konu\u015fmas\u0131nda, b\u00f6lgeden &#8220;K\u00fcrdistan&#8221; diye s\u00f6z ederken, \u015f\u00f6yle devam etti:<\/p>\n<p style=\"text-align: justify;\">&#8220;K\u00fcrdistan, 4 par\u00e7aya ayr\u0131lm\u0131\u015ft\u0131r. Bunu sorumlusu K\u00fcrtler de\u011fil emperyalist g\u00fc\u00e7lerdir. \u0130ttihat ve Terakkiciler buray\u0131 fethedemedi. \u015eimdi de Erdo\u011fan ve Fethullah G\u00fclen K\u00fcrt halk\u0131n\u0131n \u0130slami duygular\u0131yla oynayarak halka M\u00fcsl\u00fcmanl\u0131\u011f\u0131 \u00f6\u011fretmeye \u00e7al\u0131\u015f\u0131yor. Buraya gelen vali, kaymakam ve emniyet m\u00fcd\u00fcrleri tek kelime K\u00fcrt\u00e7e bilmiyor. Bu s\u00f6m\u00fcrgeciliktir ve bunlar halk\u0131 y\u00f6netemezler. Sizi \u00f6ld\u00fcrerek yok edemediler. Cami, okul, k\u0131\u015flalarda asimile ederek de bitiremediler. Hepimiz da\u011fa \u00e7\u0131kamay\u0131z, zindanlara giremeyiz. Ama onlar\u0131n asimilasyonlar\u0131na \u2019Evet\u2019 demek zorunda de\u011filiz. Sand\u0131kta onlara hesap soraca\u011f\u0131z. Belki size \u015fimdiye kadar lay\u0131k olamad\u0131k. Ama lay\u0131k olmak i\u00e7in \u00e7al\u0131\u015f\u0131yoruz.&#8221;<\/p>\n<p style=\"text-align: justify;\"><strong>BDP\u2019L\u0130 M\u0130LLETVEK\u0130L\u0130N\u0130N O\u011eLU OKULU BOYKOT ETT\u0130 <\/strong><\/p>\n<p style=\"text-align: justify;\">Mitingte \u00fcnl\u00fc bilim adam\u0131 Albert Einstein ve bir kad\u0131n\u0131n dilini \u00e7\u0131kard\u0131\u011f\u0131 foto\u011fraflar\u0131n bulundu\u011fu d\u00f6vizler \u00e7ekti. Bu arada baz\u0131 \u00f6\u011frencilerin okulu boykot edip \u00fcniforma ve \u00f6nl\u00fckleriyle mitinge geldikleri g\u00f6r\u00fcl\u00fcrken, BDP Van Milletvekili \u00d6zdal \u00dc\u00e7er\u2019in 9 ya\u015f\u0131ndaki o\u011flu Aram Dildar \u00dc\u00e7er\u2019de okulu boykot edip gitmedi. Milletvekili \u00dc\u00e7er, K\u00fcrt\u00e7e\u2019nin \u00f6\u011fretilmedi\u011fi bir okula \u00e7ocu\u011funun gitmedi\u011fini ve bu demokratik iste\u011fine destek verdiklerini s\u00f6yledi.<\/p>\n<p style=\"text-align: justify;\">Hakkari\u2019de de K\u00fcrdi-Der taraf\u0131ndan da y\u00fcr\u00fcy\u00fc\u015f d\u00fczenlendi. Belediye ba\u015fkanlar\u0131, sivil toplum kurulu\u015flar\u0131 temsilcilerinin da kat\u0131ld\u0131\u011f\u0131 yakla\u015f\u0131k 5 bin ki\u015fi Altay Caddesi\u2019ndeki Belediye Garaj\u0131\u2019ndan y\u00fcr\u00fcy\u00fc\u015fe ge\u00e7ti. S\u0131k s\u0131k slogan at\u0131p, mar\u015flar s\u00f6yleyen eylemciler, belediye binas\u0131 \u00f6n\u00fcne gelerek bas\u0131n a\u00e7\u0131klamas\u0131 yapt\u0131. A\u00e7\u0131klamalar\u0131n ard\u0131ndan eyleme kat\u0131lanlar davul zurna e\u015fli\u011fine halay \u00e7ekerek da\u011f\u0131ld\u0131.<\/p>\n<p style=\"text-align: justify;\"><a href=\"http:\/\/haber.gazetevatan.com\/bdpli-vekilden-kiskirtan-sozler\/360793\/9\/Siyaset\" target=\"_blank\"><span style=\"color: #888888;\">Kaynak : VATAN<\/span><\/a><\/p>\n","protected":false},"excerpt":{"rendered":"<p style=\"text-align: justify;\">\n<p style=\"text-align: justify;\">BDP Batman Milletvekili Bengi Y\u0131ld\u0131z, K\u00fcrtler\u2019in kand\u0131r\u0131lmaya \u00e7al\u0131\u015f\u0131ld\u0131\u011f\u0131n\u0131 \u00f6ne s\u00fcrerek, &#8221;Ge\u00e7mi\u015fte \u0130smet ile Mustafa, bug\u00fcn de Tayyip ile Fethullah bizleri kand\u0131r\u0131yor&#8221; dedi.<\/p>\n<p style=\"text-align: justify;\">VAN ve Hakkari\u2019de \u201921 \u015eubat D\u00fcnya Anadil G\u00fcn\u00fc\u2019 nedeniyle Kurdi-Der taraf\u0131ndan \u00e7e\u015fitli etkinlikler ger\u00e7ekle\u015ftirildi. Van\u2019da milletvekillerinin kat\u0131l\u0131m\u0131yla miting d\u00fczenlenirken, Hakkari\u2019de y\u00fcr\u00fcy\u00fc\u015f yap\u0131ld\u0131. Van\u2019da konu\u015fmas\u0131n\u0131n\u0131 bir b\u00f6l\u00fcm\u00fcn\u00fc <\/p>\n","protected":false},"author":1,"featured_media":0,"comment_status":"open","ping_status":"closed","sticky":false,"template":"","format":"standard","meta":{"footnotes":""},"categories":[105],"tags":[],"class_list":["post-28783","post","type-post","status-publish","format-standard","hentry","category-gundem","odd"],"_links":{"self":[{"href":"http:\/\/www.korhanyilmaz.com\/index.php?rest_route=\/wp\/v2\/posts\/28783","targetHints":{"allow":["GET"]}}],"collection":[{"href":"http:\/\/www.korhanyilmaz.com\/index.php?rest_route=\/wp\/v2\/posts"}],"about":[{"href":"http:\/\/www.korhanyilmaz.com\/index.php?rest_route=\/wp\/v2\/types\/post"}],"author":[{"embeddable":true,"href":"http:\/\/www.korhanyilmaz.com\/index.php?rest_route=\/wp\/v2\/users\/1"}],"replies":[{"embeddable":true,"href":"http:\/\/www.korhanyilmaz.com\/index.php?rest_route=%2Fwp%2Fv2%2Fcomments&post=28783"}],"version-history":[{"count":0,"href":"http:\/\/www.korhanyilmaz.com\/index.php?rest_route=\/wp\/v2\/posts\/28783\/revisions"}],"wp:attachment":[{"href":"http:\/\/www.korhanyilmaz.com\/index.php?rest_route=%2Fwp%2Fv2%2Fmedia&parent=28783"}],"wp:term":[{"taxonomy":"category","embeddable":true,"href":"http:\/\/www.korhanyilmaz.com\/index.php?rest_route=%2Fwp%2Fv2%2Fcategories&post=28783"},{"taxonomy":"post_tag","embeddable":true,"href":"http:\/\/www.korhanyilmaz.com\/index.php?rest_route=%2Fwp%2Fv2%2Ftags&post=28783"}],"curies":[{"name":"wp","href":"https:\/\/api.w.org\/{rel}","templated":true}]}}