{"id":28778,"date":"2011-02-21T16:29:08","date_gmt":"2011-02-21T14:29:08","guid":{"rendered":"http:\/\/www.korhanyilmaz.com\/?p=28778"},"modified":"2011-02-21T16:29:08","modified_gmt":"2011-02-21T14:29:08","slug":"kaddafi-odulu-iade-edilmeyecek","status":"publish","type":"post","link":"http:\/\/www.korhanyilmaz.com\/?p=28778","title":{"rendered":"Kaddafi \u00f6d\u00fcl\u00fc iade edilmeyecek!"},"content":{"rendered":"<p style=\"text-align: center;\"><a href=\"http:\/\/www.korhanyilmaz.com\/wp-content\/uploads\/2011\/02\/50.jpg\"  class=\"lightview\"><img loading=\"lazy\" decoding=\"async\" class=\"aligncenter size-full wp-image-28779\" src=\"http:\/\/www.korhanyilmaz.com\/wp-content\/uploads\/2011\/02\/50.jpg\" alt=\"\" width=\"364\" height=\"203\" \/><\/a><\/p>\n<p style=\"text-align: justify;\">Ba\u015fbakan Erdo\u011fan, isyan ya\u015fanan Libya\u2019n\u0131n lideri Muammer Kaddafi ad\u0131na verilen insan haklar\u0131 \u00f6d\u00fcl\u00fcn\u00fc iade etmeyecek.<\/p>\n<p style=\"text-align: justify;\">Ba\u015fbakanl\u0131k ge\u00e7ti\u011fimiz kas\u0131m ay\u0131nda Ba\u015fbakan Recep Tayyip Erdo\u011fan\u2019a verilen \u2018Kaddafi \u0130nsan Haklar\u0131 \u00d6d\u00fcl\u00fc\u2019n\u00fcn iadesinin s\u00f6z konusu olmad\u0131\u011f\u0131n\u0131 a\u00e7\u0131klad\u0131.<!--more--><\/p>\n<p style=\"text-align: justify;\">Ge\u00e7ti\u011fimiz kas\u0131m ay\u0131nda 3. AB-Afrika Zirvesi&#8217;ne onur konu\u011fu olarak kat\u0131lmak \u00fczere Libya&#8217;ya giden Ba\u015fbakan Recep Tayyip Erdo\u011fan\u2019a &#8216;Kaddafi \u0130nsan Haklar\u0131 \u00d6d\u00fcl\u00fc Uluslararas\u0131 Komitesi&#8217; taraf\u0131ndan \u2018\u0130nsan Haklar\u0131 \u00d6d\u00fcl\u00fc\u2019 verilmi\u015fti.<\/p>\n<p style=\"text-align: justify;\">S\u00f6z konusu \u00f6d\u00fcl, Erdo\u011fan&#8217;a Filistin halk\u0131n\u0131n davas\u0131n\u0131 desteklemesi ile adaletin yayg\u0131nla\u015fmas\u0131 ve yoksullar\u0131n haklar\u0131n\u0131 savunmas\u0131 nedeniyle verilmi\u015fti.<\/p>\n<p style=\"text-align: justify;\">250 bin dolarl\u0131k para \u00f6d\u00fcl\u00fcn\u00fcn de verildi\u011fi t\u00f6rende konu\u015fma yapan Ba\u015fbakan Erdo\u011fan, \u201c\u0130nsan haklar\u0131, evrenseldir ve herkes i\u00e7in kutsald\u0131r. \u00d6te yandan biz inan\u0131yoruz ki, Ortado\u011fu huzursuz ise biz huzurlu olamay\u0131z. Afrika refah i\u00e7inde de\u011filse, bizim refah\u0131m\u0131z kal\u0131c\u0131 olamaz. Bizim T\u00fcrkiye olarak niyetimiz, gayemiz, hedefimiz apa\u00e7\u0131kt\u0131r. Medeniyetler \u0130ttifak\u0131 giri\u015fimiyle k\u00fcresel \u00f6l\u00e7ekte bar\u0131\u015f \u00e7a\u011fr\u0131lar\u0131m\u0131z\u0131 samimi \u015fekilde dile getiriyoruz\u201d demi\u015fti.<\/p>\n<p style=\"text-align: justify;\"><strong>KILI\u00c7DARO\u011eLU: \u00d6D\u00dcL\u00dcN HAKKINI VER\u0130YOR <\/strong><\/p>\n<p style=\"text-align: justify;\">&#8216;Erdo\u011fan Libya&#8217;daki olaylara neden sessiz kal\u0131yor?&#8221; sorusunu yan\u0131tlayan CHP lideri Kemal K\u0131l\u0131\u00e7daro\u011flu, &#8220;\u00d6d\u00fcl\u00fcn hakk\u0131n\u0131 veriyor Say\u0131n Ba\u015fbakan&#8221; demi\u015fti.<\/p>\n<p style=\"text-align: justify;\">Baz\u0131 sivil toplum \u00f6rg\u00fctleri de \u00f6d\u00fcl\u00fcn iade edilmesini istemi\u015fti.<\/p>\n<p style=\"text-align: justify;\">Ba\u015fbakanl\u0131k&#8217;tan yap\u0131lan a\u00e7\u0131klamada \u00f6d\u00fcl\u00fcn geri verilmeyece\u011fi bildirildi.<\/p>\n<p style=\"text-align: justify;\">Ba\u015fbakanl\u0131k kaynaklar\u0131, &#8220;B\u00f6yle bir \u015fey g\u00fcndemde yok. Ba\u015fbakan&#8217;\u0131n o g\u00fcnk\u00fc g\u00f6r\u00fc\u015f\u00fc ne ise bug\u00fcn de ayn\u0131&#8221; dediler.<\/p>\n<p style=\"text-align: justify;\"><a href=\"http:\/\/haber.gazetevatan.com\/kaddafi-odulu-iade-edilmeyecek\/360787\/1\/Gundem\" target=\"_blank\"><span style=\"color: #888888;\">Kaynak : VATAN<\/span><\/a><\/p>\n","protected":false},"excerpt":{"rendered":"<p style=\"text-align: center;\">\n<p style=\"text-align: justify;\">Ba\u015fbakan Erdo\u011fan, isyan ya\u015fanan Libya\u2019n\u0131n lideri Muammer Kaddafi ad\u0131na verilen insan haklar\u0131 \u00f6d\u00fcl\u00fcn\u00fc iade etmeyecek.<\/p>\n<p style=\"text-align: justify;\">Ba\u015fbakanl\u0131k ge\u00e7ti\u011fimiz kas\u0131m ay\u0131nda Ba\u015fbakan Recep Tayyip Erdo\u011fan\u2019a verilen \u2018Kaddafi \u0130nsan Haklar\u0131 \u00d6d\u00fcl\u00fc\u2019n\u00fcn iadesinin s\u00f6z konusu olmad\u0131\u011f\u0131n\u0131 a\u00e7\u0131klad\u0131.<\/p>\n","protected":false},"author":1,"featured_media":0,"comment_status":"open","ping_status":"closed","sticky":false,"template":"","format":"standard","meta":{"footnotes":""},"categories":[105],"tags":[],"class_list":["post-28778","post","type-post","status-publish","format-standard","hentry","category-gundem","odd"],"_links":{"self":[{"href":"http:\/\/www.korhanyilmaz.com\/index.php?rest_route=\/wp\/v2\/posts\/28778","targetHints":{"allow":["GET"]}}],"collection":[{"href":"http:\/\/www.korhanyilmaz.com\/index.php?rest_route=\/wp\/v2\/posts"}],"about":[{"href":"http:\/\/www.korhanyilmaz.com\/index.php?rest_route=\/wp\/v2\/types\/post"}],"author":[{"embeddable":true,"href":"http:\/\/www.korhanyilmaz.com\/index.php?rest_route=\/wp\/v2\/users\/1"}],"replies":[{"embeddable":true,"href":"http:\/\/www.korhanyilmaz.com\/index.php?rest_route=%2Fwp%2Fv2%2Fcomments&post=28778"}],"version-history":[{"count":0,"href":"http:\/\/www.korhanyilmaz.com\/index.php?rest_route=\/wp\/v2\/posts\/28778\/revisions"}],"wp:attachment":[{"href":"http:\/\/www.korhanyilmaz.com\/index.php?rest_route=%2Fwp%2Fv2%2Fmedia&parent=28778"}],"wp:term":[{"taxonomy":"category","embeddable":true,"href":"http:\/\/www.korhanyilmaz.com\/index.php?rest_route=%2Fwp%2Fv2%2Fcategories&post=28778"},{"taxonomy":"post_tag","embeddable":true,"href":"http:\/\/www.korhanyilmaz.com\/index.php?rest_route=%2Fwp%2Fv2%2Ftags&post=28778"}],"curies":[{"name":"wp","href":"https:\/\/api.w.org\/{rel}","templated":true}]}}