{"id":28774,"date":"2011-02-21T16:36:15","date_gmt":"2011-02-21T14:36:15","guid":{"rendered":"http:\/\/www.korhanyilmaz.com\/?p=28774"},"modified":"2011-02-21T16:36:15","modified_gmt":"2011-02-21T14:36:15","slug":"turkler-karistirdi-iddiasina-gulden-yalanlama","status":"publish","type":"post","link":"http:\/\/www.korhanyilmaz.com\/?p=28774","title":{"rendered":"T\u00fcrkler kar\u0131\u015ft\u0131rd\u0131 iddias\u0131na G\u00fcl&#8217;den yalanlama"},"content":{"rendered":"<p style=\"text-align: justify;\"><a href=\"http:\/\/www.korhanyilmaz.com\/wp-content\/uploads\/2011\/02\/519.jpg\"  class=\"lightview\"><img loading=\"lazy\" decoding=\"async\" class=\"aligncenter size-full wp-image-28775\" src=\"http:\/\/www.korhanyilmaz.com\/wp-content\/uploads\/2011\/02\/519.jpg\" alt=\"\" width=\"291\" height=\"230\" \/><\/a><\/p>\n<p style=\"text-align: justify;\">Cumhurba\u015fkan\u0131 Abdullah G\u00fcl, Libya&#8217;daki olaylara baz\u0131 T\u00fcrkler&#8217;in kar\u0131\u015ft\u0131\u011f\u0131 iddialar\u0131na ili\u015fkin, &#8220;Herhangi bir T\u00fcrk&#8217;\u00fcn ba\u015fka bir \u00fclkede, onlar\u0131n herhangi siyasi faaliyetine kat\u0131lmas\u0131 s\u00f6z konusu olmaz tabii ki. Hele hele Ortado\u011fu \u00fclkelerinde buna T\u00fcrkler \u00e7ok daha dikkat ederler. Dolay\u0131s\u0131yla do\u011fru olmad\u0131\u011f\u0131 kanaatindeyim&#8221; dedi. <!--more--><\/p>\n<p style=\"text-align: justify;\">G\u00fcl, Deniz Ticaret Odas\u0131 Ola\u011fan\u00fcst\u00fc Meclis toplant\u0131s\u0131na kat\u0131ld\u0131ktan sonra \u00e7\u0131k\u0131\u015fta bas\u0131n mensuplar\u0131n\u0131n \u00e7e\u015fitli konulardaki sorular\u0131n\u0131 yan\u0131tlad\u0131.<\/p>\n<p style=\"text-align: justify;\">Bir gazetecinin, Tunus ve M\u0131s\u0131r&#8217;\u0131n ard\u0131ndan Libya&#8217;da halk ayaklanmas\u0131 ya\u015fand\u0131\u011f\u0131na i\u015faret ederek, &#8220;Libya&#8217;da \u00e7ok fazla T\u00fcrk vatanda\u015f\u0131 var. Bu konuyla ilgili genel de\u011ferlendirmenizi alabilir miyiz? Ayr\u0131ca baz\u0131 T\u00fcrk vatanda\u015flar\u0131n\u0131n ajanl\u0131k faaliyeti y\u00fcr\u00fctt\u00fc\u011f\u00fc konusunda iddialar\u0131 var. Kaddafi ile g\u00f6r\u00fc\u015ft\u00fcn\u00fcz m\u00fc?&#8221; y\u00f6n\u00fcndeki sorular\u0131 \u00fczerine G\u00fcl, Libya lideri Kaddafi ile bir g\u00f6r\u00fc\u015fmesinin olmad\u0131\u011f\u0131n\u0131 s\u00f6yledi.<\/p>\n<p style=\"text-align: justify;\">Bu olaylar\u0131 b\u00fct\u00fcn Ortado\u011fu&#8217;da ba\u015flad\u0131\u011f\u0131ndan beri b\u00fct\u00fcn \u00fclkelerin yak\u0131ndan takip etti\u011fini dile getiren G\u00fcl, \u015funlar\u0131 kaydetti: &#8220;Libya&#8217;da olanlar\u0131 da yak\u0131ndan, kayg\u0131yla da takip ediyoruz. \u00c7\u00fcnk\u00fc can kayb\u0131n\u0131n olmas\u0131 ger\u00e7ekten \u00e7ok \u00fcz\u00fcc\u00fc. O bak\u0131mdan herhangi bir karde\u015f kan\u0131 d\u00f6k\u00fclmeden bu meselelerin hallolmas\u0131 gerekir ve tabii ki b\u00fct\u00fcn y\u00f6neticilerin de halklar\u0131n\u0131n arzular\u0131na, dileklerine kulak vermeleri gerekir. Bunu daha \u00f6nce de s\u00f6yledim.<\/p>\n<p style=\"text-align: justify;\">Libya&#8217;da \u00e7ok say\u0131da T\u00fcrk var. \u00c7\u00fcnk\u00fc karde\u015f bir \u00fclke, ayn\u0131 zamanda b\u00fcy\u00fck ekonomik yat\u0131r\u0131mlar yap\u0131yorlar. T\u00fcrk firmalar\u0131 da var. H\u00fck\u00fcmet her kademede, ilgililer her kademede \u00e7ok yak\u0131n takip i\u00e7inde&#8230; olup bitenleri. Daha \u00f6nceden de b\u00fct\u00fcn b\u00f6lgedeki \u00fclkeler takip ediliyor. Nerede ne olabilir, nas\u0131l olabilir diye \u00f6nceden bilgiler al\u0131n\u0131yor, gerekli her t\u00fcrl\u00fc takip yap\u0131l\u0131yor.<\/p>\n<p style=\"text-align: justify;\">Dolay\u0131s\u0131yla oradaki vatanda\u015flar\u0131m\u0131z\u0131n en g\u00fcvenli \u015fekilde tahliyesi i\u00e7in de b\u00fct\u00fcn bakanl\u0131klar, h\u00fck\u00fcmet her t\u00fcrl\u00fc \u00e7al\u0131\u015fmay\u0131 yap\u0131yor. Bundan da bilgilendiriyorlar. Ben de yak\u0131ndan takip ediyorum. Herhangi bir T\u00fcrk&#8217;\u00fcn ba\u015fka bir \u00fclkede, onlar\u0131n herhangi siyasi faaliyetine kat\u0131lmas\u0131 s\u00f6z konusu olmaz tabii ki. Hele hele Ortado\u011fu \u00fclkelerinde buna T\u00fcrkler \u00e7ok daha dikkat ederler. Dolay\u0131s\u0131yla do\u011fru olmad\u0131\u011f\u0131 kanaatindeyim.&#8221;<\/p>\n<p style=\"text-align: justify;\"><a href=\"http:\/\/www.cnnturk.com\/2011\/turkiye\/02\/21\/turkler.karistirdi.iddiasina.gulden.yalanlama\/607652.0\/index.html\" target=\"_blank\"><span style=\"color: #888888;\">CNN T\u00dcRK<\/span><\/a><\/p>\n","protected":false},"excerpt":{"rendered":"<p style=\"text-align: justify;\">\n<p style=\"text-align: justify;\">Cumhurba\u015fkan\u0131 Abdullah G\u00fcl, Libya&#8217;daki olaylara baz\u0131 T\u00fcrkler&#8217;in kar\u0131\u015ft\u0131\u011f\u0131 iddialar\u0131na ili\u015fkin, &#8220;Herhangi bir T\u00fcrk&#8217;\u00fcn ba\u015fka bir \u00fclkede, onlar\u0131n herhangi siyasi faaliyetine kat\u0131lmas\u0131 s\u00f6z konusu olmaz tabii ki. Hele hele Ortado\u011fu \u00fclkelerinde buna T\u00fcrkler \u00e7ok daha dikkat ederler. Dolay\u0131s\u0131yla do\u011fru olmad\u0131\u011f\u0131 kanaatindeyim&#8221; dedi. <\/p>\n","protected":false},"author":1,"featured_media":0,"comment_status":"open","ping_status":"closed","sticky":false,"template":"","format":"standard","meta":{"footnotes":""},"categories":[105],"tags":[],"class_list":["post-28774","post","type-post","status-publish","format-standard","hentry","category-gundem","odd"],"_links":{"self":[{"href":"http:\/\/www.korhanyilmaz.com\/index.php?rest_route=\/wp\/v2\/posts\/28774","targetHints":{"allow":["GET"]}}],"collection":[{"href":"http:\/\/www.korhanyilmaz.com\/index.php?rest_route=\/wp\/v2\/posts"}],"about":[{"href":"http:\/\/www.korhanyilmaz.com\/index.php?rest_route=\/wp\/v2\/types\/post"}],"author":[{"embeddable":true,"href":"http:\/\/www.korhanyilmaz.com\/index.php?rest_route=\/wp\/v2\/users\/1"}],"replies":[{"embeddable":true,"href":"http:\/\/www.korhanyilmaz.com\/index.php?rest_route=%2Fwp%2Fv2%2Fcomments&post=28774"}],"version-history":[{"count":0,"href":"http:\/\/www.korhanyilmaz.com\/index.php?rest_route=\/wp\/v2\/posts\/28774\/revisions"}],"wp:attachment":[{"href":"http:\/\/www.korhanyilmaz.com\/index.php?rest_route=%2Fwp%2Fv2%2Fmedia&parent=28774"}],"wp:term":[{"taxonomy":"category","embeddable":true,"href":"http:\/\/www.korhanyilmaz.com\/index.php?rest_route=%2Fwp%2Fv2%2Fcategories&post=28774"},{"taxonomy":"post_tag","embeddable":true,"href":"http:\/\/www.korhanyilmaz.com\/index.php?rest_route=%2Fwp%2Fv2%2Ftags&post=28774"}],"curies":[{"name":"wp","href":"https:\/\/api.w.org\/{rel}","templated":true}]}}