{"id":2876,"date":"2009-01-19T19:17:25","date_gmt":"2009-01-19T17:17:25","guid":{"rendered":"http:\/\/www.korhanyilmaz.com\/?p=2876"},"modified":"2009-01-19T19:17:25","modified_gmt":"2009-01-19T17:17:25","slug":"gazzede-yikimin-boyutlari-ortaya-cikiyor","status":"publish","type":"post","link":"http:\/\/www.korhanyilmaz.com\/?p=2876","title":{"rendered":"Gazze&#8217;de y\u0131k\u0131m\u0131n boyutlar\u0131 ortaya \u00e7\u0131k\u0131yor"},"content":{"rendered":"<p style=\"text-align: center;\"><img loading=\"lazy\" decoding=\"async\" class=\"aligncenter size-full wp-image-2877\" title=\"Gazze'de y\u0131k\u0131m\u0131n boyutlar\u0131 ortaya \u00e7\u0131k\u0131yor \" src=\"http:\/\/www.korhanyilmaz.com\/wp-content\/uploads\/2009\/01\/58288317432b6c49b1b28277x.jpg\" alt=\"Gazze'de y\u0131k\u0131m\u0131n boyutlar\u0131 ortaya \u00e7\u0131k\u0131yor \" width=\"380\" height=\"200\" \/><\/p>\n<p style=\"text-align: justify;\">\u0130srail&#8217;in Gazze&#8217;ye \u00fc\u00e7 hafta s\u00fcreyle havadan, karadan ve denizden d\u00fczenledi\u011fi sald\u0131r\u0131larda ya\u015fanan y\u0131k\u0131m\u0131n boyutlar\u0131, taraflar\u0131n ate\u015fkes ilan etmesinin ard\u0131ndan netle\u015fmeye ba\u015flad\u0131.<\/p>\n<p style=\"text-align: justify;\">\u0130srail ve Hamas taraf\u0131ndan ate\u015fkes ilan edilmesinin ard\u0131ndan Gazze \u015eeridi&#8217;nde d\u00fcn geceden bu yana s\u00fckunet hakim. Ancak \u0130srail sald\u0131r\u0131lar\u0131nda 4 binden fazla evin tahrip oldu\u011fu, 20 binden fazla evin ise oturulamaz hale geldi\u011fi, on binlerce ki\u015finin evsiz kald\u0131\u011f\u0131 belirtiliyor.<\/p>\n<p style=\"text-align: justify;\">Birle\u015fmi\u015f Milletler yetkilisi John Ging, yar\u0131m milyon ki\u015finin temiz suya eri\u015fiminin \u00e7at\u0131\u015fmalar\u0131n ba\u015flad\u0131\u011f\u0131 g\u00fcnden bu yana k\u0131s\u0131tland\u0131\u011f\u0131n\u0131 ve Gazze&#8217;deki insanlar\u0131n b\u00fcy\u00fck \u00e7o\u011funlu\u011funun enerjiden yoksun oldu\u011funu s\u00f6yledi.<!--more--><\/p>\n<p style=\"text-align: justify;\">Bu arada Filistin Y\u00f6netimi lideri Mahmud Abbas, Kuveyt&#8217;te d\u00fczenlenen Arap Birli\u011fi Zirvesi&#8217;nde yapt\u0131\u011f\u0131 konu\u015fmada, Filistin topraklar\u0131nda bir ulusal birlik h\u00fck\u00fcmeti kurulmas\u0131 ve se\u00e7imlere gidilmesi \u00e7a\u011fr\u0131s\u0131nda bulundu. \u0130srail&#8217;in operasyonu durdurdu\u011fu a\u00e7\u0131klamas\u0131n\u0131n ard\u0131ndan Hamas da, \u0130srail askerlerine Gazze&#8217;den \u00e7ekilmeleri i\u00e7in bir hafta s\u00fcre tan\u0131d\u0131\u011f\u0131n\u0131 ve bu s\u00fcre boyunca roket sald\u0131r\u0131lar\u0131na ara verece\u011fini a\u00e7\u0131klam\u0131\u015ft\u0131.<\/p>\n<p style=\"text-align: justify;\">\u0130srail Ba\u015fbakan\u0131 Ehud Olmert, bin 300&#8217;den fazla Filistinlinin \u00f6l\u00fcm\u00fcyle sonu\u00e7lanan sald\u0131r\u0131lar\u0131n ard\u0131ndan Gazze \u015eeridi&#8217;nden m\u00fcmk\u00fcn oldu\u011fu kadar h\u0131zl\u0131 \u00e7ekilmek istediklerini s\u00f6yledi. Ancak yetkililer \u015fimdiye dek ne kadar asker \u00e7ektiklerini ve \u00e7ekilmeyi ne kadar s\u00fcrede tamamlamay\u0131 ama\u00e7lad\u0131klar\u0131n\u0131 a\u00e7\u0131klamad\u0131.<\/p>\n<p style=\"text-align: justify;\">\u0130srail h\u00fck\u00fcmeti ate\u015fkes ilan ederken, operasyonun amac\u0131na ula\u015ft\u0131\u011f\u0131n\u0131 duyurmu\u015ftu. Ate\u015fkes ilan eden Hamas yetkilileri ise, \u0130srail kar\u015f\u0131s\u0131nda &#8216;b\u00fcy\u00fck bir zafer&#8217; kazand\u0131klar\u0131n\u0131 s\u00f6yledi.<\/p>\n<p style=\"text-align: justify;\">Hamas&#8217;\u0131n askeri kolunun s\u00f6zc\u00fclerinden Ebu Ubeyde, Hamas&#8217;\u0131n roket timlerinin zarar g\u00f6rmedi\u011fini, askeri olanaklar\u0131n\u0131 geli\u015ftirmeye devam edeceklerini s\u00f6yledi.<\/p>\n<p style=\"text-align: justify;\">S\u00f6zc\u00fc, \u0130srail askerleri b\u00f6lgeden \u00e7ekilmeyi bir hafta i\u00e7inde tamamlamazsa t\u00fcm se\u00e7eneklere ba\u015fvuracaklar\u0131 uyar\u0131s\u0131nda bulundu. Hamas&#8217;\u0131n Gazze&#8217;deki en d\u00fczey yetkilisi \u0130smail Haniye ise, Hamas televizyonunda yay\u0131mlanan a\u00e7\u0131klamas\u0131nda, \u0130srail&#8217;in ama\u00e7lar\u0131na ula\u015famad\u0131\u011f\u0131n\u0131, t\u00fcm ya\u015fad\u0131klar\u0131na ra\u011fmen Filistinlilerin teslim olmad\u0131\u011f\u0131n\u0131 s\u00f6yledi.<\/p>\n<p style=\"text-align: justify;\">ARAPLARDAN MAL\u0130 YARDIM<\/p>\n<p style=\"text-align: justify;\">Suudi Arabistan Kral\u0131 Abdullah bin Abd\u00fclaziz, Gazze \u015eeridi&#8217;nin yeniden imar\u0131 i\u00e7in 1 milyar dolar yard\u0131m yapacaklar\u0131n\u0131 a\u00e7\u0131klad\u0131. Arap Birli\u011fi Zirvesi&#8217;nde yap\u0131lan bu a\u00e7\u0131klamaya di\u011fer liderlerin de destek vermesi ve toplam 2 milyar dolarl\u0131k bir fon olu\u015fturulmas\u0131 hedefleniyor.<\/p>\n<p style=\"text-align: justify;\">G\u00f6zlemciler, halihaz\u0131rda iki taraf\u0131n da ate\u015fkese uydu\u011funa ancak bunun her an bozulabilece\u011fine dikkat \u00e7ekiyor. \u0130srail&#8217;in pazar g\u00fcn\u00fc y\u00fcr\u00fcrl\u00fc\u011fe giren ate\u015fkes a\u00e7\u0131klamas\u0131ndan hemen sonra Hamas militanlar\u0131 \u0130srail topraklar\u0131na yakla\u015f\u0131k 20 roket f\u0131rlatt\u0131.<\/p>\n<p style=\"text-align: justify;\">\u0130srail ise buna hava sald\u0131r\u0131s\u0131yla yan\u0131t verdi. \u0130srail Ba\u015fbakan\u0131 Ehud Olmert, b\u00f6lgeye giden Avrupal\u0131 liderlere Gazze&#8217;de kalma planlar\u0131 olmad\u0131\u011f\u0131n\u0131 s\u00f6yledi. \u0130ngiltere Ba\u015fbakan\u0131 Gordon Brown, Gazze&#8217;ye ge\u00e7i\u015flerin serbest b\u0131rak\u0131lmas\u0131n\u0131 gerekti\u011fini belirterek, bunun kal\u0131c\u0131 bar\u0131\u015f\u0131n sa\u011flanmas\u0131na y\u00f6nelik m\u00fczakerelerin yeniden ba\u015flayabilmesi i\u00e7in \u00f6nemli oldu\u011funu kaydetti.<\/p>\n<p style=\"text-align: justify;\"><span style=\"color: #888888;\">Kaynak : Sabah Gazetesi<\/span><\/p>\n","protected":false},"excerpt":{"rendered":"<p style=\"text-align: center;\">\n<p style=\"text-align: justify;\">\u0130srail&#8217;in Gazze&#8217;ye \u00fc\u00e7 hafta s\u00fcreyle havadan, karadan ve denizden d\u00fczenledi\u011fi sald\u0131r\u0131larda ya\u015fanan y\u0131k\u0131m\u0131n boyutlar\u0131, taraflar\u0131n ate\u015fkes ilan etmesinin ard\u0131ndan netle\u015fmeye ba\u015flad\u0131.<\/p>\n<p style=\"text-align: justify;\">\u0130srail ve Hamas taraf\u0131ndan ate\u015fkes ilan edilmesinin ard\u0131ndan Gazze \u015eeridi&#8217;nde d\u00fcn geceden bu yana s\u00fckunet hakim. Ancak \u0130srail sald\u0131r\u0131lar\u0131nda 4 binden fazla evin tahrip oldu\u011fu, 20 binden <\/p>\n","protected":false},"author":1,"featured_media":0,"comment_status":"open","ping_status":"closed","sticky":false,"template":"","format":"standard","meta":{"footnotes":""},"categories":[3],"tags":[],"class_list":["post-2876","post","type-post","status-publish","format-standard","hentry","category-dunya","odd"],"_links":{"self":[{"href":"http:\/\/www.korhanyilmaz.com\/index.php?rest_route=\/wp\/v2\/posts\/2876","targetHints":{"allow":["GET"]}}],"collection":[{"href":"http:\/\/www.korhanyilmaz.com\/index.php?rest_route=\/wp\/v2\/posts"}],"about":[{"href":"http:\/\/www.korhanyilmaz.com\/index.php?rest_route=\/wp\/v2\/types\/post"}],"author":[{"embeddable":true,"href":"http:\/\/www.korhanyilmaz.com\/index.php?rest_route=\/wp\/v2\/users\/1"}],"replies":[{"embeddable":true,"href":"http:\/\/www.korhanyilmaz.com\/index.php?rest_route=%2Fwp%2Fv2%2Fcomments&post=2876"}],"version-history":[{"count":0,"href":"http:\/\/www.korhanyilmaz.com\/index.php?rest_route=\/wp\/v2\/posts\/2876\/revisions"}],"wp:attachment":[{"href":"http:\/\/www.korhanyilmaz.com\/index.php?rest_route=%2Fwp%2Fv2%2Fmedia&parent=2876"}],"wp:term":[{"taxonomy":"category","embeddable":true,"href":"http:\/\/www.korhanyilmaz.com\/index.php?rest_route=%2Fwp%2Fv2%2Fcategories&post=2876"},{"taxonomy":"post_tag","embeddable":true,"href":"http:\/\/www.korhanyilmaz.com\/index.php?rest_route=%2Fwp%2Fv2%2Ftags&post=2876"}],"curies":[{"name":"wp","href":"https:\/\/api.w.org\/{rel}","templated":true}]}}