{"id":28757,"date":"2011-02-21T09:05:19","date_gmt":"2011-02-21T07:05:19","guid":{"rendered":"http:\/\/www.korhanyilmaz.com\/?p=28757"},"modified":"2011-02-21T09:05:19","modified_gmt":"2011-02-21T07:05:19","slug":"dtk-diyanet-isleri-baskanligi-kaldirilsin","status":"publish","type":"post","link":"http:\/\/www.korhanyilmaz.com\/?p=28757","title":{"rendered":"DTK: &#8220;Diyanet \u0130\u015fleri Ba\u015fkanl\u0131\u011f\u0131 kald\u0131r\u0131ls\u0131n&#8221;"},"content":{"rendered":"<p style=\"text-align: justify;\"><a href=\"http:\/\/www.korhanyilmaz.com\/wp-content\/uploads\/2011\/02\/516.jpg\"  class=\"lightview\"><img loading=\"lazy\" decoding=\"async\" class=\"aligncenter size-full wp-image-28758\" src=\"http:\/\/www.korhanyilmaz.com\/wp-content\/uploads\/2011\/02\/516.jpg\" alt=\"\" width=\"292\" height=\"210\" \/><\/a><\/p>\n<p style=\"text-align: justify;\">Demokratik Toplum Kongresi (DTK) taraf\u0131ndan d\u00fczenlenen 2. \u0130nan\u00e7 \u00c7al\u0131\u015ftay\u0131 sonu\u00e7 bildirgesinde, Diyanet \u0130\u015fleri Ba\u015fkanl\u0131\u011f\u0131&#8217;n\u0131n tek\u00e7i anlay\u0131\u015f\u0131n\u0131n getirdi\u011fi farkl\u0131 etnik ve inan\u00e7sal kimlikleri inkar eden zihniyetin temel kurumlar\u0131ndan biri oldu\u011fu belirtildi, &#8220;Diyanet \u0130\u015fleri Ba\u015fkanl\u0131\u011f\u0131&#8217;n\u0131n kald\u0131r\u0131lmas\u0131 gerekti\u011fi&#8221; ifade edildi. <!--more--><\/p>\n<p style=\"text-align: justify;\">Diyarbak\u0131r&#8217;da d\u00fczenlenen toplant\u0131da konu\u015fan DTK E\u015f Ba\u015fkan\u0131 Aysel Tu\u011fluk, devletin nerede g\u00fclece\u011fine, nerede a\u011flayaca\u011f\u0131na, nerede ibadet yapaca\u011f\u0131na, ba\u015f\u0131m\u0131 kapat\u0131p kapatmayaca\u011f\u0131na kar\u0131\u015famayaca\u011f\u0131n\u0131 belirterek, &#8220;Bu bir esir alma politikas\u0131d\u0131r. En nihayetinde insan kendi kimli\u011fiyle vard\u0131r. Bunlar bizi biz yapan de\u011ferlerdir&#8221; ifadesini kulland\u0131.<\/p>\n<p style=\"text-align: justify;\">Tu\u011fluk, &#8220;Halen inkarc\u0131 yakla\u015f\u0131mlar ve son derece \u00e7\u00f6z\u00fcm ad\u0131 alt\u0131nda sahte yakla\u015f\u0131mlar devam ediyor. Halen k\u00fclt\u00fcrler, kimlikler, inan\u00e7lar kendi sistemlerini yedek hale getirilebilir \u00e7al\u0131\u015fmalar\u0131n\u0131 y\u00fcr\u00fct\u00fcyorlar, hepimiz buna \u015fahit oluyoruz&#8221; \u015feklinde konu\u015ftu.<\/p>\n<p style=\"text-align: justify;\"><strong>\u0130\u015fte sonu\u00e7 bildirgesi&#8230; <\/strong><\/p>\n<p style=\"text-align: justify;\">2. \u0130nan\u00e7 \u00c7al\u0131\u015ftay\u0131&#8217; n\u0131n sonu\u00e7 bildirgesi Pir Sultan Abdal Derne\u011fi Genel Sekreteri Kemal B\u00fclb\u00fcl taraf\u0131ndan a\u00e7\u0131klad\u0131.<\/p>\n<p style=\"text-align: justify;\">B\u00fclb\u00fcl farkl\u0131 inan\u00e7 ve k\u00fclt\u00fcr temsilcilerinin bir araya geldi\u011fi \u00e7al\u0131\u015ftayda, Anayasa tart\u0131\u015fmalar\u0131 ve laiklik ekseninde talepler, Demokratik \u00f6zerklik ve inan\u00e7lar\u0131n kamusal alandaki varl\u0131\u011f\u0131 ve \u0130nan\u00e7 gruplar\u0131n\u0131n toplumsal bar\u0131\u015ftaki rol\u00fc, ba\u015fl\u0131klar\u0131 alt\u0131nda tart\u0131\u015fma yap\u0131ld\u0131\u011f\u0131n\u0131 s\u00f6yledi.<\/p>\n<p style=\"text-align: justify;\">B\u00fclb\u00fcl, yeni anayasada hi\u00e7bir inan\u00e7sal, etnik, sosyal, k\u00fclt\u00fcrel kimli\u011fin \u00f6v\u00fclmedi\u011fi, yerilmedi\u011fi bu kimliklere vurgu, \u00f6vg\u00fc veya yergi yap\u0131lmamas\u0131 gerekti\u011fini belirterek, sonu\u00e7 bildirgesini \u015f\u00f6yle a\u00e7\u0131klad\u0131:<\/p>\n<p style=\"text-align: justify;\">&#8220;Mevcut anayasas\u0131n\u0131n, anayasal bir kurum olarak ifade edilen Diyanet \u0130\u015fleri Ba\u015fkanl\u0131\u011f\u0131&#8217;n\u0131n tek\u00e7i anlay\u0131\u015f\u0131n\u0131n getirdi\u011fi farkl\u0131 etnik ve inan\u00e7sal kimlikleri inkar eden zihniyetin temel kurumlar\u0131ndan biridir. T\u00fcrk-\u0130slam sentezini \u00f6rg\u00fctleyen yap\u0131s\u0131 ve devletin din ve inan\u00e7lar kar\u015f\u0131s\u0131nda tarafs\u0131z olmas\u0131 gerekti\u011fi ger\u00e7e\u011finden hareketle Diyanet \u0130\u015fleri Ba\u015fkanl\u0131\u011f\u0131&#8217;n\u0131n kald\u0131r\u0131lmas\u0131 inan\u00e7 gruplar\u0131n\u0131n \u00f6zerk yap\u0131ya kavu\u015fturulmas\u0131 ve inan\u00e7lar\u0131n \u00f6\u011frenilmesinin \u00f6n\u00fcndeki engellerin kald\u0131r\u0131lmas\u0131 gerekiyor.<\/p>\n<p style=\"text-align: justify;\">Devletin hi\u00e7bir din ve inanc\u0131 \u00f6rg\u00fctlemek, finanse etmek, ibadet mekanlar\u0131n\u0131 ve ibadet bi\u00e7imini d\u00fczenlemek gibi bir g\u00f6revi olamaz. \u00d6rg\u00fcn e\u011fitim kurumlar\u0131nda okutulacak dersin t\u00fcm din ve inan\u00e7lar\u0131 kapsamas\u0131, din ve inan\u00e7lar\u0131 tarihi, k\u00fclt\u00fcrel, sosyolojik y\u00f6nden inceleyen bir k\u00fclt\u00fcr dersinin olmas\u0131 ve bu dersin iste\u011fe ba\u011fl\u0131 olmas\u0131 gerekir.<\/p>\n<p style=\"text-align: justify;\">\u00d6rg\u00fcn e\u011fitim kurumlar\u0131nda okutulacak program\u0131n bilimsel, demokratik e\u011fitim niteli\u011fine kavu\u015fturulmas\u0131 gereklidir. Ba\u015f \u00f6rt\u00fcs\u00fc yasa\u011f\u0131, inan\u00e7 ve mezhepler \u00fczerindeki ret ve inkar\u0131n son bulmas\u0131 gerekiyor.&#8221;<\/p>\n<p style=\"text-align: justify;\">\u00c7al\u0131\u015ftay\u0131n sonu\u00e7 bildirgesinde ayr\u0131ca S\u00fcryani toplumunun kadim inan\u00e7sal de\u011ferlerinden biri olan Mor Gabriel Manast\u0131r\u0131&#8217;n\u0131n topraklar\u0131na devletin el koymak istemesinin kendilerine g\u00f6re bir hak ihlalidir ve kabul edilemez oldu\u011fu vurgulanarak, Alevi dergahlar\u0131n\u0131n a\u00e7\u0131lmas\u0131 gerekti\u011fi ve bunlar\u0131n Alevi toplumuna geri verilmesi gerekti\u011fi belirtildi.<\/p>\n<p style=\"text-align: justify;\"><a href=\"http:\/\/www.cnnturk.com\/2011\/turkiye\/02\/21\/dtk.diyanet.isleri.baskanligi.kaldirilsin\/607551.0\/index.html\" target=\"_blank\"><span style=\"color: #888888;\">Kaynak : CNN T\u00dcRK<\/span><\/a><\/p>\n","protected":false},"excerpt":{"rendered":"<p style=\"text-align: justify;\">\n<p style=\"text-align: justify;\">Demokratik Toplum Kongresi (DTK) taraf\u0131ndan d\u00fczenlenen 2. \u0130nan\u00e7 \u00c7al\u0131\u015ftay\u0131 sonu\u00e7 bildirgesinde, Diyanet \u0130\u015fleri Ba\u015fkanl\u0131\u011f\u0131&#8217;n\u0131n tek\u00e7i anlay\u0131\u015f\u0131n\u0131n getirdi\u011fi farkl\u0131 etnik ve inan\u00e7sal kimlikleri inkar eden zihniyetin temel kurumlar\u0131ndan biri oldu\u011fu belirtildi, &#8220;Diyanet \u0130\u015fleri Ba\u015fkanl\u0131\u011f\u0131&#8217;n\u0131n kald\u0131r\u0131lmas\u0131 gerekti\u011fi&#8221; ifade edildi. <\/p>\n","protected":false},"author":1,"featured_media":0,"comment_status":"open","ping_status":"closed","sticky":false,"template":"","format":"standard","meta":{"footnotes":""},"categories":[105],"tags":[],"class_list":["post-28757","post","type-post","status-publish","format-standard","hentry","category-gundem","odd"],"_links":{"self":[{"href":"http:\/\/www.korhanyilmaz.com\/index.php?rest_route=\/wp\/v2\/posts\/28757","targetHints":{"allow":["GET"]}}],"collection":[{"href":"http:\/\/www.korhanyilmaz.com\/index.php?rest_route=\/wp\/v2\/posts"}],"about":[{"href":"http:\/\/www.korhanyilmaz.com\/index.php?rest_route=\/wp\/v2\/types\/post"}],"author":[{"embeddable":true,"href":"http:\/\/www.korhanyilmaz.com\/index.php?rest_route=\/wp\/v2\/users\/1"}],"replies":[{"embeddable":true,"href":"http:\/\/www.korhanyilmaz.com\/index.php?rest_route=%2Fwp%2Fv2%2Fcomments&post=28757"}],"version-history":[{"count":0,"href":"http:\/\/www.korhanyilmaz.com\/index.php?rest_route=\/wp\/v2\/posts\/28757\/revisions"}],"wp:attachment":[{"href":"http:\/\/www.korhanyilmaz.com\/index.php?rest_route=%2Fwp%2Fv2%2Fmedia&parent=28757"}],"wp:term":[{"taxonomy":"category","embeddable":true,"href":"http:\/\/www.korhanyilmaz.com\/index.php?rest_route=%2Fwp%2Fv2%2Fcategories&post=28757"},{"taxonomy":"post_tag","embeddable":true,"href":"http:\/\/www.korhanyilmaz.com\/index.php?rest_route=%2Fwp%2Fv2%2Ftags&post=28757"}],"curies":[{"name":"wp","href":"https:\/\/api.w.org\/{rel}","templated":true}]}}