{"id":28751,"date":"2011-02-21T09:22:57","date_gmt":"2011-02-21T07:22:57","guid":{"rendered":"http:\/\/www.korhanyilmaz.com\/?p=28751"},"modified":"2011-02-21T09:22:57","modified_gmt":"2011-02-21T07:22:57","slug":"muammer-kaddafi-libyayi-terk-mi-etti","status":"publish","type":"post","link":"http:\/\/www.korhanyilmaz.com\/?p=28751","title":{"rendered":"Muammer Kaddafi Libya&#8217;y\u0131 terk mi etti?"},"content":{"rendered":"<p style=\"text-align: center;\"><a href=\"http:\/\/www.korhanyilmaz.com\/wp-content\/uploads\/2011\/02\/515.jpg\"  class=\"lightview\"><img loading=\"lazy\" decoding=\"async\" class=\"aligncenter size-full wp-image-28753\" src=\"http:\/\/www.korhanyilmaz.com\/wp-content\/uploads\/2011\/02\/515.jpg\" alt=\"\" width=\"307\" height=\"236\" \/><\/a><\/p>\n<p style=\"text-align: justify;\">Halk isyan\u0131n\u0131n 8&#8217;inci g\u00fcn\u00fcne girilen Libya&#8217;da kan g\u00f6vdeyi g\u00f6t\u00fcr\u00fcyor. Bingazi&#8217;de isyanc\u0131lar \u015fehri ele ge\u00e7irdikleri iddias\u0131nda, olaylar ba\u015fkent Trablus&#8217;a yay\u0131l\u0131yor. Libya lideri Muammer Kaddafi&#8217;nin o\u011flu Seyf\u00fclislam Kaddafi, \u00fclkesinin i\u00e7 sava\u015f\u0131n e\u015fi\u011fine geldi\u011fini s\u00f6yledi. 7 g\u00fcnde \u00f6lenlerin say\u0131s\u0131n\u0131n 900&#8217;\u00fc buldu\u011fu iddia ediliyor. Teyit edilemeyen baz\u0131 bilgilere g\u00f6re, Muammer Kaddafi d\u00fcn gece \u00fclkeyi terketti. T\u00fcrk vatanda\u015flar\u0131n\u0131n tahliyesi i\u00e7in g\u00f6nderilen THY u\u00e7a\u011f\u0131 da Libya&#8217;ya inemeden geri d\u00f6nd\u00fc.<!--more--><\/p>\n<p style=\"text-align: justify;\">Bingazi\u2019de bekleyen T\u00fcrk vatanda\u015flar\u0131n tahliye edilmesi i\u00e7in bug\u00fcn g\u00f6nderilen THY\u2019ye ait 4 u\u00e7aktan ilki sabah erken saatlerde Atat\u00fcrk Havaliman\u0131\u2019ndan kalk\u0131\u015f yapt\u0131 ancak Libya&#8217;ya inmeden geri d\u00f6n\u00fcyor.<\/p>\n<p style=\"text-align: justify;\">337 T\u00fcrk vatanda\u015f\u0131n\u0131 T\u00fcrkiye\u2019ye getirecek olan THY&#8217;nin TK-3996 sefer say\u0131l\u0131 Boeing 777-300 tipi u\u00e7a\u011f\u0131na Libya Sivil Havac\u0131l\u0131k Kurumu taraf\u0131ndan ini\u015f izni verilmedi\u011fi iddia edildi.<\/p>\n<p style=\"text-align: justify;\"><strong>Tansiyon y\u00fcksek<\/strong><\/p>\n<p style=\"text-align: justify;\">\u00d6te yandan Libya&#8217;da baz\u0131lar\u0131 silahl\u0131 y\u00fczlerce g\u00f6sterici, G\u00fcney Kore&#8217;nin i\u015fletti\u011fi bir in\u015faat sahas\u0131na sald\u0131rd\u0131.<\/p>\n<p style=\"text-align: justify;\">G\u00fcney Kore D\u0131\u015fi\u015fleri Bakanl\u0131\u011f\u0131&#8217;ndan bir yetkili, g\u00f6stericilerin, birka\u00e7 saat arayla iki kez geldikleri Trablus&#8217;taki in\u015faat sahas\u0131nda \u00e7al\u0131\u015fanlarla \u00e7at\u0131\u015ft\u0131\u011f\u0131n\u0131, olayda 4 yabanc\u0131n\u0131n yaraland\u0131\u011f\u0131n\u0131 s\u00f6yledi.<\/p>\n<p style=\"text-align: justify;\">Yetkili, g\u00f6stericilerin sahadan ayr\u0131ld\u0131\u011f\u0131n\u0131, yaralanan 4 yabanc\u0131dan 3&#8217;\u00fcn\u00fcn G\u00fcney Koreli, di\u011ferinin de Banglade\u015fli oldu\u011funu kaydetti.<\/p>\n<p style=\"text-align: justify;\"><strong>Kaddafi&#8217;nin o\u011flu konu\u015ftu <\/strong><\/p>\n<p style=\"text-align: justify;\">Seyf\u00fclislam Kaddafi devlet televizyonundan yay\u0131nlanan konu\u015fmas\u0131nda, isyanc\u0131lar\u0131n silah ele ge\u00e7irdiklerini ve onbinlerce ki\u015finin Trablus&#8217;a gelmekte oldu\u011funu belirtti, &#8220;\u015eu anda Bingazi&#8217;de sivillerin kulland\u0131\u011f\u0131 tanklar dola\u015f\u0131yor. El Bayda&#8217;da insanlar\u0131n t\u00fcfekleri var ve bir\u00e7ok silah deposu ya\u011fmaland\u0131&#8221; dedi.<\/p>\n<p style=\"text-align: justify;\">Seyf\u00fclislam Kaddafi, &#8220;Bizim silahlar\u0131m\u0131z var, ordunun silahlar\u0131 var, Libya&#8217;y\u0131 y\u0131kmak isteyenlerin silahlar\u0131 var&#8221; diye konu\u015ftu.<\/p>\n<p style=\"text-align: justify;\">Libya ordusunun \u015fimdi asayi\u015fi sa\u011flamak i\u00e7in temel bir rol\u00fc bulundu\u011funu, \u00e7\u00fcnk\u00fc s\u00f6z konusu olan\u0131n Libya&#8217;n\u0131n birli\u011fi ve istikrar\u0131 oldu\u011funu s\u00f6yleyen Kaddafi, &#8220;Libya bir yol ayr\u0131m\u0131nda. \u0130ster bug\u00fcn reformlar konusunda anla\u015fal\u0131m, isterbinlere de\u011fil, \u00f6len 84 ki\u015fiye a\u011flamayal\u0131m, t\u00fcm Libya kan g\u00f6l\u00fcne d\u00f6ner. Libya, M\u0131s\u0131r veya Tunus de\u011fil. Libya ordusu b\u00fcy\u00fck rol oynayacak, Tunus veya M\u0131s\u0131r ordusu de\u011fil. Muammer Kaddafi, Zeynelabidin Bin Ali de\u011fil, M\u00fcbarek de\u011fil. Libya&#8217;dan bir parmak yer vermeyiz. Libya&#8217;da ya\u015fayacak, Libya&#8217;da \u00f6lece\u011fiz&#8221; diye konu\u015ftu.<\/p>\n<p style=\"text-align: justify;\"><strong>Muammer Kaddafi nerede? <\/strong><\/p>\n<p style=\"text-align: justify;\">Bu arada, teyit edilemeyen baz\u0131 bilgilere g\u00f6re, olaylar\u0131n ba\u015flamas\u0131ndan bu yana hi\u00e7bir a\u00e7\u0131klama yapmayan Libya lideri Muammer Kaddafi, d\u00fcn gece \u00fclkeyi terketti.<\/p>\n<p style=\"text-align: justify;\"><strong>ABD ve AB kayg\u0131l\u0131 <\/strong><\/p>\n<p style=\"text-align: justify;\">Geli\u015fmeleri izleyen ABD D\u0131\u015fi\u015fleri Bakanl\u0131\u011f\u0131, Libya&#8217;da son birka\u00e7 g\u00fcnde y\u00fczlerce ki\u015finin \u00f6ld\u00fc\u011f\u00fc ve yaraland\u0131\u011f\u0131 yolunda haberler geldi\u011fini belirterek, Trablus makamlar\u0131n\u0131 bar\u0131\u015f\u00e7\u0131 g\u00f6sterilere izin vermeye \u00e7a\u011f\u0131rd\u0131.<\/p>\n<p style=\"text-align: justify;\">D\u0131\u015fi\u015fleri Bakanl\u0131\u011f\u0131 s\u00f6zc\u00fcs\u00fc Philip Crowley yapt\u0131\u011f\u0131 yaz\u0131l\u0131 a\u00e7\u0131klamada, &#8220;Unsurlar\u0131 teyit etmeye \u00e7al\u0131\u015f\u0131yoruz, ama son birka\u00e7 g\u00fcndeki olaylar s\u0131ras\u0131nda y\u00fczlerce ki\u015finin \u00f6ld\u00fc\u011f\u00fc ve yaraland\u0131\u011f\u0131 yolunda haberler al\u0131yoruz&#8221; dedi.<\/p>\n<p style=\"text-align: justify;\">Avrupa Birli\u011fi d\u0131\u015fi\u015fleri bakanlar\u0131n\u0131n d\u00fcn ak\u015famki \u00e7al\u0131\u015fma yeme\u011finin sonunda yay\u0131nlanan a\u00e7\u0131klamada da, Libya lideri Muammer Kaddafi, halk\u0131n\u0131n &#8220;me\u015fru&#8221; beklentilerine yan\u0131t vermeye ve bar\u0131\u015f\u00e7\u0131 g\u00f6steri yapanlara kar\u015f\u0131 \u015fiddete ba\u015fvurmaktan &#8220;derhal&#8221; vazge\u00e7meye \u00e7a\u011fr\u0131ld\u0131.<\/p>\n<p style=\"text-align: justify;\">AB ad\u0131na a\u00e7\u0131klama yapan D\u0131\u015fi\u015fleri Y\u00fcksek Temsilcisi Catherine Ashton, &#8220;Libya y\u00f6netimi reform i\u00e7in halk\u0131n me\u015fru talep ve isteklerine a\u00e7\u0131k bir diyalogla yan\u0131t vermeli&#8221; dedi.<\/p>\n<p style=\"text-align: justify;\"><strong>Tunuslular ka\u00e7\u0131yor <\/strong><\/p>\n<p style=\"text-align: justify;\">\u00d6te yandan, Libya&#8217;da \u00e7al\u0131\u015fan y\u00fczlerce Tunuslu, Ras-Jdir s\u0131n\u0131r noktas\u0131ndan ge\u00e7erek \u00fclkelerine s\u0131\u011f\u0131nd\u0131. Kendi g\u00fcvenlikleri i\u00e7in ka\u00e7t\u0131klar\u0131n\u0131 ifade eden Tunuslular, Libya&#8217;da &#8220;tam bir katliam&#8221; oldu\u011funu s\u00f6ylediler.<\/p>\n<p style=\"text-align: justify;\"><strong>DI\u015e\u0130\u015eLER\u0130&#8217;NDEN KR\u0130Z MERKEZ\u0130 <\/strong><\/p>\n<p style=\"text-align: justify;\">T\u00fcrk D\u0131\u015fi\u015fleri Bakanl\u0131\u011f\u0131 da, Ortado\u011fu b\u00f6lgesindeki T\u00fcrk vatanda\u015flar\u0131n\u0131 etkileme potansiyeli bulunabilecek geli\u015fmeleri takip etmek ve vatanda\u015flar\u0131n durumlar\u0131yla ilgilenmek amac\u0131yla &#8220;Kriz Merkezi&#8221; olu\u015fturdu.<\/p>\n<p style=\"text-align: justify;\">Kriz Merkezi&#8217;ne ula\u015f\u0131labilecek telefon ve faks numaralar\u0131yla e-posta adresi ise \u015f\u00f6yle:<\/p>\n<p style=\"text-align: justify;\"><strong>D\u0131\u015fi\u015fleri Bakanl\u0131\u011f\u0131 Kriz Merkezi<\/strong><\/p>\n<p style=\"text-align: justify;\">Telefon: 0312-292 2600, 0312-292 2601, 0312-292 2602<\/p>\n<p style=\"text-align: justify;\">Faks: 0312-292 2754<\/p>\n<p style=\"text-align: justify;\">E-posta: kriz1mfa.gov.tr, kriz2mfa.gov.tr, kriz3mfa.gov.tr<\/p>\n<p style=\"text-align: justify;\">D\u0131\u015fi\u015fleri Bakanl\u0131\u011f\u0131 a\u00e7\u0131klamas\u0131nda, T\u00fcrk vatanda\u015flar\u0131n\u0131n talepleri do\u011frultusunda ge\u00e7ici olarak nakledilmeleri amac\u0131yla Libya&#8217;n\u0131n Bingazi kentine bir u\u00e7ak g\u00f6nderildi\u011fi, ilave seferler yapacak u\u00e7aklar\u0131n beklemede oldu\u011fu kaydedildi.<\/p>\n<p style=\"text-align: justify;\">A\u00e7\u0131klamada, Bingazi ve cevresinde faaliyet g\u00f6steren T\u00fcrk \u015firketleri ve \u00e7al\u0131\u015fanlar\u0131yla ilgili olarak gelen taleplerin 24 saat mesai d\u00fczeninde \u00e7al\u0131\u015fan Trablus B\u00fcy\u00fckel\u00e7ili\u011fi ve Bingazi Ba\u015fkonsoloslu\u011fu ile payla\u015f\u0131ld\u0131\u011f\u0131, al\u0131nan bilgilerin m\u00fcracaat sahiplerine ula\u015ft\u0131r\u0131ld\u0131\u011f\u0131 kaydedildi.<\/p>\n<p style=\"text-align: justify;\"><a href=\"http:\/\/www.cnnturk.com\/2011\/dunya\/02\/21\/muammer.kaddafi.libyayi.terk.mi.etti\/607544.0\/index.html\" target=\"_blank\"><span style=\"color: #888888;\">CNN T\u00dcRK<\/span><\/a><\/p>\n","protected":false},"excerpt":{"rendered":"<p style=\"text-align: center;\">\n<p style=\"text-align: justify;\">Halk isyan\u0131n\u0131n 8&#8217;inci g\u00fcn\u00fcne girilen Libya&#8217;da kan g\u00f6vdeyi g\u00f6t\u00fcr\u00fcyor. Bingazi&#8217;de isyanc\u0131lar \u015fehri ele ge\u00e7irdikleri iddias\u0131nda, olaylar ba\u015fkent Trablus&#8217;a yay\u0131l\u0131yor. Libya lideri Muammer Kaddafi&#8217;nin o\u011flu Seyf\u00fclislam Kaddafi, \u00fclkesinin i\u00e7 sava\u015f\u0131n e\u015fi\u011fine geldi\u011fini s\u00f6yledi. 7 g\u00fcnde \u00f6lenlerin say\u0131s\u0131n\u0131n 900&#8217;\u00fc buldu\u011fu iddia ediliyor. Teyit edilemeyen baz\u0131 bilgilere g\u00f6re, Muammer Kaddafi d\u00fcn gece \u00fclkeyi <\/p>\n","protected":false},"author":1,"featured_media":0,"comment_status":"open","ping_status":"closed","sticky":false,"template":"","format":"standard","meta":{"footnotes":""},"categories":[105],"tags":[],"class_list":["post-28751","post","type-post","status-publish","format-standard","hentry","category-gundem","odd"],"_links":{"self":[{"href":"http:\/\/www.korhanyilmaz.com\/index.php?rest_route=\/wp\/v2\/posts\/28751","targetHints":{"allow":["GET"]}}],"collection":[{"href":"http:\/\/www.korhanyilmaz.com\/index.php?rest_route=\/wp\/v2\/posts"}],"about":[{"href":"http:\/\/www.korhanyilmaz.com\/index.php?rest_route=\/wp\/v2\/types\/post"}],"author":[{"embeddable":true,"href":"http:\/\/www.korhanyilmaz.com\/index.php?rest_route=\/wp\/v2\/users\/1"}],"replies":[{"embeddable":true,"href":"http:\/\/www.korhanyilmaz.com\/index.php?rest_route=%2Fwp%2Fv2%2Fcomments&post=28751"}],"version-history":[{"count":0,"href":"http:\/\/www.korhanyilmaz.com\/index.php?rest_route=\/wp\/v2\/posts\/28751\/revisions"}],"wp:attachment":[{"href":"http:\/\/www.korhanyilmaz.com\/index.php?rest_route=%2Fwp%2Fv2%2Fmedia&parent=28751"}],"wp:term":[{"taxonomy":"category","embeddable":true,"href":"http:\/\/www.korhanyilmaz.com\/index.php?rest_route=%2Fwp%2Fv2%2Fcategories&post=28751"},{"taxonomy":"post_tag","embeddable":true,"href":"http:\/\/www.korhanyilmaz.com\/index.php?rest_route=%2Fwp%2Fv2%2Ftags&post=28751"}],"curies":[{"name":"wp","href":"https:\/\/api.w.org\/{rel}","templated":true}]}}