{"id":28741,"date":"2011-02-21T08:14:46","date_gmt":"2011-02-21T06:14:46","guid":{"rendered":"http:\/\/www.korhanyilmaz.com\/?p=28741"},"modified":"2011-02-21T08:14:46","modified_gmt":"2011-02-21T06:14:46","slug":"28-subatin-belgesi-cikti","status":"publish","type":"post","link":"http:\/\/www.korhanyilmaz.com\/?p=28741","title":{"rendered":"28 \u015eubat&#8217;\u0131n belgesi \u00e7\u0131kt\u0131"},"content":{"rendered":"<p style=\"text-align: center;\"><a href=\"http:\/\/www.korhanyilmaz.com\/wp-content\/uploads\/2011\/02\/514.jpg\"  class=\"lightview\"><img loading=\"lazy\" decoding=\"async\" class=\"aligncenter size-full wp-image-28746\" src=\"http:\/\/www.korhanyilmaz.com\/wp-content\/uploads\/2011\/02\/514.jpg\" alt=\"\" width=\"271\" height=\"212\" \/><\/a><\/p>\n<p style=\"text-align: justify;\">Gazeteci-yazar H\u00fcseyin \u00d6zalp, \u2018\u2019Ak Asker\u2019\u2019 adl\u0131 bir kitap yazd\u0131.  Kitapta, d\u00f6nemin Ba\u015fbakan\u0131 Erbakan\u2019\u0131n 28 \u015eubat kararlar\u0131n\u0131 imzalad\u0131\u011f\u0131n\u0131 g\u00f6steren bir belge de bulunuyor.<\/p>\n<p style=\"text-align: justify;\">ANKARA- Belgelerle, d\u00f6nemin Ba\u015fbakan\u2019\u0131 Necmettin Erbakan\u2019\u0131n 28 \u015eubat kararlar\u0131n\u0131 imzalay\u0131p imzalamad\u0131\u011f\u0131 tart\u0131\u015fmas\u0131na da son veriliyor. Erbakan\u2019\u0131n 28 \u015eubat ile ilgili kararlar\u0131n ana metninde imzas\u0131 bulunuyor. Kararlar\u0131n eki niteli\u011finde haz\u0131rlanan 18 maddelik b\u00f6l\u00fcmde ise sadece d\u00f6nemin MGK Genel Sekreteri\u2019nin imzas\u0131 var. <!--more--><\/p>\n<p style=\"text-align: justify;\"><strong>\u2018\u2019KARARLARI UYGULAYIN\u2019\u2019<\/strong><\/p>\n<p style=\"text-align: justify;\">Erbakan, 13 Mart&#8217;ta yap\u0131lan Bakanlar Kurulu toplant\u0131s\u0131n\u0131n ertesi g\u00fcn\u00fc de Ba\u015fbakan Yard\u0131mc\u0131s\u0131 Tansu \u00c7iller ile b\u00fct\u00fcn bakanl\u0131klara bir yaz\u0131 g\u00f6ndererek 28 \u015eubat kararlar\u0131n\u0131 iletiyor ve bakanl\u0131klardan gerekli g\u00f6rd\u00fckleri tedbirleri Ba\u015fbakanl\u0131\u011fa bildirmesini istiyor.<\/p>\n<p style=\"text-align: center;\"><a href=\"http:\/\/www.korhanyilmaz.com\/wp-content\/uploads\/2011\/02\/512.jpg\"  class=\"lightview\"><img loading=\"lazy\" decoding=\"async\" class=\"aligncenter size-full wp-image-28745\" src=\"http:\/\/www.korhanyilmaz.com\/wp-content\/uploads\/2011\/02\/512.jpg\" alt=\"\" width=\"241\" height=\"382\" \/><\/a><\/p>\n<p style=\"text-align: justify;\">Kitaptaki bi<a href=\"http:\/\/www.korhanyilmaz.com\/wp-content\/uploads\/2011\/02\/gp_856801.jpg\"  class=\"lightview\"><img loading=\"lazy\" decoding=\"async\" class=\"size-full wp-image-28747 alignleft\" style=\"margin-left: 10px; margin-right: 10px;\" src=\"http:\/\/www.korhanyilmaz.com\/wp-content\/uploads\/2011\/02\/gp_856801.jpg\" alt=\"\" width=\"180\" height=\"275\" \/><\/a>r ba\u015fka belgede ise, ABD B\u00fcy\u00fckel\u00e7ili\u011fi\u2019ne Washington\u2019dan g\u00f6nderilen ve Erbakan h\u00fck\u00fcmetine kar\u015f\u0131 \u00f6nlem al\u0131nmas\u0131na ili\u015fkin kriptoya da yer veriliyor. Ayr\u0131ca 28 \u015eubat\u2019\u0131n g\u00fc\u00e7l\u00fc generali \u00c7evik Bir\u2019in, Ba\u015fbakan yard\u0131mc\u0131s\u0131 Ali Babacan ile birlikte \u0130srail\u2019e yapt\u0131\u011f\u0131 bir ziyarete de de\u011finiliyor. Kitapta, AKP\u2019nin kurulu\u015funun ard\u0131ndan 2003 ve 2004 y\u0131llar\u0131nda TSK ile ya\u015fanan \u00e7at\u0131\u015fmalar da anlat\u0131l\u0131yor.<\/p>\n<p style=\"text-align: justify;\"><strong>\u2018\u2019BA\u015eAR<\/strong><strong>ISIZLIK NEDEN\u0130\u2019\u2019<\/strong><\/p>\n<p style=\"text-align: justify;\">AKP\u2019nin kapatma davas\u0131 s\u00fcrecinde, d\u00f6nemin Kara Kuvvetleri Komutan\u0131 \u0130lker Ba\u015fbu\u011f hakk\u0131nda ba\u015flat\u0131lan y\u0131pratma kampanyas\u0131na da yer verilen kitapta, TSK yan\u0131nda, M\u0130T\u2019teki d\u00f6n\u00fc\u015f\u00fcm ve tasfiye \u00e7abalar\u0131 da anlat\u0131l\u0131yor.<\/p>\n<p style=\"text-align: justify;\">CHP\u2019den transfer olan AKP Edirne Milletvekili Necdet Budak\u2019\u0131n, partili kad\u0131nlara yazd\u0131\u011f\u0131 ve \u2018\u2019T\u00fcrk kad\u0131nlar\u0131na d\u00fcnyan\u0131n bir \u00e7ok \u00e7a\u011fda\u015f \u00fclkesinden daha ileri haklar veren Atat\u00fcrk\u2019e lay\u0131k olunmas\u0131 \u00e7a\u011fr\u0131s\u0131\u2019\u2019 yapt\u0131\u011f\u0131 mektubun, se\u00e7imde ba\u015far\u0131s\u0131zl\u0131k yaratt\u0131\u011f\u0131na ili\u015fkin bir parti raporu da kitapta bulunuyor. NTV ve Sabah Gazetesi&#8217;nde \u00e7al\u0131\u015fan  \u00d6zalp, \u2018\u2019Ku\u015fat\u0131lan Yarg\u0131\u2019\u2019 adl\u0131 kitap da yay\u0131nlam\u0131\u015ft\u0131.<\/p>\n<p style=\"text-align: justify;\"><a href=\"http:\/\/www.gazeteport.com.tr\/GUNCEL\/NEWS\/GP_856805\" target=\"_blank\"><span style=\"color: #888888;\">Kaynak : GAZETEPORT<\/span><\/a><\/p>\n","protected":false},"excerpt":{"rendered":"<p style=\"text-align: center;\">\n<p style=\"text-align: justify;\">Gazeteci-yazar H\u00fcseyin \u00d6zalp, \u2018\u2019Ak Asker\u2019\u2019 adl\u0131 bir kitap yazd\u0131. Kitapta, d\u00f6nemin Ba\u015fbakan\u0131 Erbakan\u2019\u0131n 28 \u015eubat kararlar\u0131n\u0131 imzalad\u0131\u011f\u0131n\u0131 g\u00f6steren bir belge de bulunuyor.<\/p>\n<p style=\"text-align: justify;\">ANKARA- Belgelerle, d\u00f6nemin Ba\u015fbakan\u2019\u0131 Necmettin Erbakan\u2019\u0131n 28 \u015eubat kararlar\u0131n\u0131 imzalay\u0131p imzalamad\u0131\u011f\u0131 tart\u0131\u015fmas\u0131na da son veriliyor. Erbakan\u2019\u0131n 28 \u015eubat ile ilgili kararlar\u0131n ana metninde imzas\u0131 bulunuyor. Kararlar\u0131n <\/p>\n","protected":false},"author":1,"featured_media":0,"comment_status":"open","ping_status":"closed","sticky":false,"template":"","format":"standard","meta":{"footnotes":""},"categories":[105],"tags":[],"class_list":["post-28741","post","type-post","status-publish","format-standard","hentry","category-gundem","odd"],"_links":{"self":[{"href":"http:\/\/www.korhanyilmaz.com\/index.php?rest_route=\/wp\/v2\/posts\/28741","targetHints":{"allow":["GET"]}}],"collection":[{"href":"http:\/\/www.korhanyilmaz.com\/index.php?rest_route=\/wp\/v2\/posts"}],"about":[{"href":"http:\/\/www.korhanyilmaz.com\/index.php?rest_route=\/wp\/v2\/types\/post"}],"author":[{"embeddable":true,"href":"http:\/\/www.korhanyilmaz.com\/index.php?rest_route=\/wp\/v2\/users\/1"}],"replies":[{"embeddable":true,"href":"http:\/\/www.korhanyilmaz.com\/index.php?rest_route=%2Fwp%2Fv2%2Fcomments&post=28741"}],"version-history":[{"count":0,"href":"http:\/\/www.korhanyilmaz.com\/index.php?rest_route=\/wp\/v2\/posts\/28741\/revisions"}],"wp:attachment":[{"href":"http:\/\/www.korhanyilmaz.com\/index.php?rest_route=%2Fwp%2Fv2%2Fmedia&parent=28741"}],"wp:term":[{"taxonomy":"category","embeddable":true,"href":"http:\/\/www.korhanyilmaz.com\/index.php?rest_route=%2Fwp%2Fv2%2Fcategories&post=28741"},{"taxonomy":"post_tag","embeddable":true,"href":"http:\/\/www.korhanyilmaz.com\/index.php?rest_route=%2Fwp%2Fv2%2Ftags&post=28741"}],"curies":[{"name":"wp","href":"https:\/\/api.w.org\/{rel}","templated":true}]}}