{"id":28737,"date":"2011-02-20T16:55:59","date_gmt":"2011-02-20T14:55:59","guid":{"rendered":"http:\/\/www.korhanyilmaz.com\/?p=28737"},"modified":"2011-02-20T16:55:59","modified_gmt":"2011-02-20T14:55:59","slug":"van-golu-ne-zaman-deniz-oldu","status":"publish","type":"post","link":"http:\/\/www.korhanyilmaz.com\/?p=28737","title":{"rendered":"&#8220;Van G\u00f6l\u00fc ne zaman deniz oldu&#8221;"},"content":{"rendered":"<p style=\"text-align: justify;\"><a href=\"http:\/\/www.korhanyilmaz.com\/wp-content\/uploads\/2011\/02\/509.jpg\"  class=\"lightview\"><img loading=\"lazy\" decoding=\"async\" class=\"aligncenter size-full wp-image-28738\" src=\"http:\/\/www.korhanyilmaz.com\/wp-content\/uploads\/2011\/02\/509.jpg\" alt=\"\" width=\"300\" height=\"188\" \/><\/a><\/p>\n<p style=\"text-align: justify;\">Ba\u015fbakan Recep Tayyip Erdo\u011fan, &#8220;Ben diyorum ki &#8216;partim ikinci parti olursa genel ba\u015fkanl\u0131\u011f\u0131 b\u0131rak\u0131r, Anadolu&#8217;nun yollar\u0131na d\u00fc\u015ferim, halk\u0131m\u0131n i\u00e7ine kat\u0131l\u0131r orada \u00e7al\u0131\u015f\u0131r\u0131m&#8221; dedi.<\/p>\n<p style=\"text-align: justify;\">Erdo\u011fan, &#8220;\u0130\u015fte bug\u00fcn Van&#8217;da yine bir konu\u015fma yap\u0131yor o da \u00e7ok enteresan, \u00e7ok ilgin\u00e7. \u00c7ocuklu\u011funda Van Denizi&#8217;nde ilk defa vapura binmi\u015f. Van G\u00f6l\u00fc ne zaman deniz oldu ben bilmiyorum&#8221; diyerek yeni bir tart\u0131\u015fma a\u00e7t\u0131. <!--more--><\/p>\n<p style=\"text-align: justify;\"><strong>&#8220;Vanl\u0131lar Van G\u00f6l\u00fc&#8217;ne Van Denizi mi diyor?&#8221;<\/strong><\/p>\n<p style=\"text-align: justify;\">\u0130STANBUL &#8211; Erdo\u011fan, Ba\u015fak\u015fehir&#8217;de Olimpa Al\u0131\u015f Veri\u015f Merkezi&#8217;nin a\u00e7\u0131l\u0131\u015f t\u00f6reninde yapt\u0131\u011f\u0131 konu\u015fmada, istikrardan, g\u00fcven ortam\u0131ndan taviz vermeyeceklerini, T\u00fcrkiye&#8217;yi istikrar ve g\u00fcvenle bug\u00fcnlere ta\u015f\u0131d\u0131klar\u0131n\u0131 s\u00f6yledi.<\/p>\n<p style=\"text-align: justify;\">T\u00fcrkiye&#8217;nin, Cumhuriyetin kurulu\u015funun 100&#8217;\u00fcnc\u00fc y\u0131l d\u00f6n\u00fcm\u00fcnde d\u00fcnyan\u0131n en b\u00fcy\u00fck 10 ekonomisi aras\u0131nda yer alaca\u011f\u0131n\u0131 ifade eden Erdo\u011fan, &#8221;Karde\u015fli\u011fimizi daha da y\u00fccelterek, dayan\u0131\u015fmam\u0131z\u0131 art\u0131rarak, istihdamla, \u00fcreterek, gelece\u011fi yakalayaca\u011f\u0131z&#8221; dedi.<\/p>\n<p style=\"text-align: justify;\">Erdo\u011fan, T\u00fcrkiye istikrarl\u0131 \u015fekilde b\u00fcy\u00fcrken, T\u00fcrkiye geli\u015firken, g\u00fc\u00e7lenirken, bundan birilerinin ciddi \u015fekilde rahats\u0131zl\u0131k duydu\u011funu dile getirerek, \u015funlar\u0131 s\u00f6yledi:<\/p>\n<p style=\"text-align: justify;\">&#8221;\u015eunu \u00f6zellikle ifade etmek istiyorum. Eskiden, mutlu bir az\u0131nl\u0131k, k\u00fc\u00e7\u00fck bir az\u0131nl\u0131k kazan\u0131yor, millet ise sadece izliyordu. Birilerinin i\u015fi yolunda gidiyor, t\u0131k\u0131r\u0131nda gidiyor, millet ise her seferinde kaybediyordu. Siyasi krizlerin, ekonomik krizlerin faturas\u0131 en a\u011f\u0131r \u015fekilde milletin s\u0131rt\u0131na bindiriliyor, faturay\u0131 her zaman millet \u00f6d\u00fcyordu. \u0130\u015fte biz bu k\u0131s\u0131r d\u00f6ng\u00fcy\u00fc k\u0131rd\u0131k. Kazanacaksak hep birlikte kazanaca\u011f\u0131z. T\u00fcrkiye b\u00fcy\u00fcyecekse, 81 ilimizle, il\u00e7elerimizle, k\u00f6ylerimizle, 74 milyon vatanda\u015f\u0131m\u0131zla hep birlikte b\u00fcy\u00fcyecek, adaletle kalk\u0131naca\u011f\u0131z. Biz bunu s\u00f6yledik ve 8 y\u0131l boyunca bu hedefin pe\u015finden ko\u015ftuk, bu hedefe ula\u015fmak i\u00e7in m\u00fccadele verdik.<\/p>\n<p style=\"text-align: justify;\">Ama bak\u0131yorsunuz, milletin kazanmas\u0131ndan rahats\u0131z oluyorlar. Millet kazand\u0131k\u00e7a kendilerinin kaybetti\u011fini g\u00f6r\u00fcyorlar. Egemenlik millete ge\u00e7tik\u00e7e, s\u00f6z, karar, yetki milletin olduk\u00e7a, i\u015fte o mutlu az\u0131nl\u0131k, egemenli\u011fin kendi elinden kay\u0131p gitti\u011fini g\u00f6r\u00fcyor. Ekonomide art\u0131k millet kazand\u0131\u011f\u0131 i\u00e7in, \u00fclke kazand\u0131\u011f\u0131 i\u00e7in ekonomik b\u00fcy\u00fcmeyi hazmedemiyorlar. Yeterli durumda de\u011filiz daha iyi olaca\u011f\u0131z. Bundan hi\u00e7 endi\u015feniz olmas\u0131n. Siyasette art\u0131k millet s\u00f6z sahibi oldu\u011fu i\u00e7in, millet karar sahibi oldu\u011fu i\u00e7in, demokrasiyi hazmedemiyorlar.&#8221;<\/p>\n<p style=\"text-align: justify;\"><strong>&#8221;VAN G\u00d6L\u00dc NE ZAMAN DEN\u0130Z OLDU?&#8221;<\/strong><\/p>\n<p style=\"text-align: justify;\">Ba\u015fbakan Erdo\u011fan, yarg\u0131da art\u0131k belli \u00e7evreler ve belli ideolojilerin de\u011fil, hukuk alan\u0131nda yap\u0131lan reformlarla vicdan hakim olmaya ba\u015flad\u0131\u011f\u0131 i\u00e7in, T\u00fcrkiye&#8217;nin bir hukuk devleti olmas\u0131n\u0131 hazmedemediklerini ve son g\u00fcnlerde bu haz\u0131ms\u0131zl\u0131\u011f\u0131n korkutma siyasetiyle a\u00e7\u0131\u011fa \u00e7\u0131kmaya ba\u015flad\u0131\u011f\u0131n\u0131 kaydetti.<\/p>\n<p style=\"text-align: justify;\">Erdo\u011fan, \u015funlar\u0131 s\u00f6yledi:<\/p>\n<p style=\"text-align: justify;\">&#8221;Kendileri bizimle hizmette yar\u0131\u015fam\u0131yorlar. Korku salarak bizi y\u0131pratma gayreti i\u00e7ine girdiler. \u00c7\u00fcnk\u00fc hizmet \u00fcretemiyorlar. \u0130\u015fte anamuhalefetin Genel Ba\u015fkan\u0131 \u00e7\u0131k\u0131yor aile sigortas\u0131yla alakal\u0131 olarak aman yarabbim diyor ki &#8216;en az 600 lira en fazla 1200 lira verece\u011fiz&#8217;. Kendine g\u00f6re baz\u0131 hesaplar yap\u0131yor bunun bize maliyeti 7 milyard\u0131r. Yani aritmetik de bilmiyor, matematik de bilmiyor. Yani biliyorsunuz &#8216;kaynak benim&#8217; diyor. Soyad\u0131n\u0131 de\u011fi\u015ftirmi\u015f b\u00f6yle bir durum var. Ve o kadar heyecanl\u0131 gidiyor ki ayaklar\u0131 yerden kesilmi\u015f. \u0130\u015fte bug\u00fcn Van&#8217;da yine bir konu\u015fma yap\u0131yor o da \u00e7ok enteresan, \u00e7ok ilgin\u00e7. \u00c7ocuklu\u011funda Van Denizi&#8217;nde ilk defa vapura binmi\u015f. Van G\u00f6l\u00fc ne zaman deniz oldu ben bilmiyorum; b\u00f6yle bir durum var. K\u0131lavuzunuz do\u011fru olmay\u0131nca, g\u00f6l\u00fc de deniz zannedersiniz. Plan, proje \u00fcretemeyenler, gelecek ad\u0131na bir hedef, bir vizyon koyamayanlar, millete korku salarak, kendi kitlelerini korkutarak, ayakta kalmaya \u00e7al\u0131\u015f\u0131yorlar.&#8221;<\/p>\n<p style=\"text-align: justify;\">Erdo\u011fan, 8 y\u0131l boyunca, alt\u0131n\u0131 kal\u0131n \u00e7izgilerle \u00e7izerek, defalarca vurgulad\u0131klar\u0131n\u0131 ve &#8216;demokrasilerde s\u00f6z de, karar da milletindir, millet getirir, millet g\u00f6t\u00fcr\u00fcr&#8217; dediklerini kaydetti.<\/p>\n<p style=\"text-align: justify;\">T\u00fcrkiye&#8217;yi M\u0131s\u0131r&#8217;a ve Tunus&#8217;a benzetmeye kalkt\u0131klar\u0131n\u0131, 8 y\u0131lda 2 genel se\u00e7im, 2 yerel se\u00e7im ve 2 de halk oylamas\u0131 yapt\u0131klar\u0131n\u0131 dile getiren Erdo\u011fan, milletin, h\u00fcr iradesiyle karar\u0131n\u0131 verdi\u011fini ve 24 saatte neticelerin a\u00e7\u0131kland\u0131\u011f\u0131n\u0131 s\u00f6yledi.<\/p>\n<p style=\"text-align: justify;\"><strong>&#8221;SANDIK ORADA; 12 HAZ\u0130RAN&#8217;DA&#8230;&#8221;<\/strong><\/p>\n<p style=\"text-align: justify;\">Erdo\u011fan, konu\u015fmas\u0131n\u0131 \u015f\u00f6yle s\u00fcrd\u00fcrd\u00fc:<\/p>\n<p style=\"text-align: justify;\">&#8221;\u015eurada 112 g\u00fcn sonra yine sand\u0131k milletin \u00f6n\u00fcne gelecek. 112 g\u00fcn sonra milletim yine h\u00fcr iradesiyle, vicdan\u0131yla karar\u0131n\u0131 verecek. 112 g\u00fcn sonra bu aziz millet ne derse, i\u015fte o olacak. Korkudan bahsedenlere s\u00f6yl\u00fcyorum; bak\u0131n, sand\u0131k orada, 12 Haziranda&#8230; Bizi korku imparatorlu\u011fu kurmakla itham edenlere s\u00f6yl\u00fcyorum; demokrasiye inan\u0131yorsan\u0131z, millete g\u00fcveniyorsan\u0131z, hepsinden de \u00f6nemlisi kendinize g\u00fcveniyorsan\u0131z sand\u0131k orada, 12 Haziranda. E\u011fer millet size inan\u0131rsa, gere\u011fini yapar, e\u011fer millet size inanmazsa, siz de gere\u011fini yapacak m\u0131s\u0131n\u0131z? Bak\u0131n ben diyorum ki &#8216;partim ikinci parti olursa genel ba\u015fkanl\u0131\u011f\u0131 b\u0131rak\u0131r, Anadolu&#8217;nun yollar\u0131na d\u00fc\u015ferim, halk\u0131m\u0131n i\u00e7ine kat\u0131l\u0131r orada \u00e7al\u0131\u015f\u0131r\u0131m&#8217;. Bunu y\u00fcrekten, g\u00f6n\u00fclden s\u00f6yl\u00fcyorum. Bizi dikta hevesiyle itham edenler, peki partiniz ikinci parti olursa siz de kenara \u00e7ekilerek ben genel ba\u015fkanl\u0131\u011f\u0131 b\u0131rakt\u0131m diyebilecek misiniz? Bunu hepsi i\u00e7in bundan \u00f6nce de defaatle s\u00f6yledim ama hi\u00e7birisi kalk\u0131p b\u00f6yle bir a\u00e7\u0131klama yapamad\u0131.<\/p>\n<p style=\"text-align: justify;\">Say\u0131n Bah\u00e7eli 8 ay gitti, 9. ayda &#8216;ne yapay\u0131m beni istediler geldim&#8217; dedi. Bunlar koltu\u011fu b\u0131rakamaz. Ka\u00e7 ya\u015f\u0131na gelirlerse gelsinler b\u0131rakamazlar. Niye \u00e7\u00fcnk\u00fc bunlar koltuktan g\u00fc\u00e7 al\u0131rlar. Bunlar koltu\u011fa g\u00fc\u00e7 katanlardan de\u011fil, koltuktan g\u00fc\u00e7 alanlardan. Liderlik koltu\u011fa g\u00fc\u00e7 katmakla olur, koltuktan g\u00fc\u00e7 almakla olmaz. 8 y\u0131lda 2&#8217;si yerel, 2&#8217;si genel 4 se\u00e7ime girdiler. 4&#8217;\u00fcnde de ikinci, \u00fc\u00e7\u00fcnc\u00fc parti oldular, hatta baraj alt\u0131nda kald\u0131lar ama koltuklar\u0131n\u0131 terk etmediler. Koltuklar\u0131na s\u0131ms\u0131k\u0131 yap\u0131\u015fanlar, koltuklar\u0131n\u0131 terk edemeyenler, hangi hakla, hangi y\u00fczle korkudan, korku imparatorlu\u011fundan bahsedebiliyorlar. \u015eimdi 3 tane muhalefet partisi, arkalar\u0131na yanda\u015f medyalar\u0131n\u0131 da ald\u0131lar, sabah ak\u015fam korkudan bahsediyorlar. Bize &#8216;yanda\u015f medya&#8217; denilenlerin CEO&#8217;lar\u0131na bak\u0131yorsunuz il ba\u015fkanl\u0131\u011f\u0131na u\u011furluyorlar. Bize yanda\u015f medyadan bahsedenler, k\u00f6\u015fe yazarlar\u0131n\u0131 anamuhalefet partisinin i\u00e7ine g\u00f6nderiyorlar &#8216;gidin oradan milletvekili bir \u015fey olun da yar\u0131n olur ya i\u015fimize yarars\u0131n\u0131z&#8217;, tablo bu. D\u00fcr\u00fcst olun samimi olun yanda\u015f, canda\u015f ge\u00e7in bu i\u015fleri. Siz ne yap\u0131yorsunuz ondan bahsedin. Sabah ak\u015fam millete korku salman\u0131n gayreti i\u00e7ine girmeyi b\u0131rak\u0131n. 112 g\u00fcn sonra se\u00e7im var, b\u0131rak\u0131n bu korku \u0131sl\u0131klar\u0131n\u0131 da plan\u0131n\u0131z ne, projeniz ne, onlardan bahsedin, onu konu\u015fun&#8230; Ah benim sevgili milletim, ah benim CHP&#8217;ye MHP&#8217;ye BDP&#8217;ye oy veren karde\u015fim. \u015eu ba\u015f\u0131n\u0131 iki elinin aras\u0131na al \u015fu yap\u0131lanlara bir bak. Bu kadar yat\u0131r\u0131mlar yap\u0131l\u0131yor. Genelde yerelde bu kadar yat\u0131r\u0131m yap\u0131l\u0131yor d\u00fcnya seni, T\u00fcrkiye&#8217;yi konu\u015fuyor. Bunlar\u0131 duymuyor musun, bunlar\u0131 g\u00f6rm\u00fcyor musun? Bunlar, durup dururken olmad\u0131.&#8221;<\/p>\n<p style=\"text-align: justify;\"><strong>&#8221;BUNLARIN HEDEF\u0130 YOK, PROJES\u0130 YOK&#8221;<\/strong><\/p>\n<p style=\"text-align: justify;\">Ba\u015fbakan Recep Tayyip Erdo\u011fan, muhalefet partilerine y\u00f6nelik, &#8221;Bunlar\u0131n hedefi yok, projesi yok. \u015eimdiden se\u00e7imi kaybetmi\u015f durumdalar, \u015fimdiden yenilgiyi kabullenmi\u015f durumdalar. Daha \u015fimdiden yenilgiye mazeret araman\u0131n \u00e7abas\u0131 i\u00e7erisine girmi\u015f durumdalar&#8221; dedi.<\/p>\n<p style=\"text-align: justify;\">Erdo\u011fan, Ba\u015fak\u015fehir&#8217;deki Olimpa Al\u0131\u015fveri\u015f Merkezi&#8217;nin a\u00e7\u0131l\u0131\u015f\u0131nda yapt\u0131\u011f\u0131 konu\u015fmada, 45 milyon dolar yat\u0131r\u0131m de\u011ferine sahip al\u0131\u015fveri\u015f merkezinin tedarik\u00e7ileriyle birlikte 1500 vatanda\u015fa i\u015f imkan\u0131 sa\u011flayaca\u011f\u0131n\u0131 belirterek, bu b\u00fcy\u00fck yat\u0131r\u0131m\u0131 Ba\u015fak\u015fehir&#8217;e, \u0130stanbul&#8217;a kazand\u0131ran, Fuzul Grup y\u00f6neticilerini tebrik etti.<\/p>\n<p style=\"text-align: justify;\">Al\u0131\u015fveri\u015f merkezinin bir &#8221;ya\u015fam merkezi&#8221; olarak, modern mimarisiyle, oyun alanlar\u0131, sinemalar\u0131, parklar\u0131yla bu \u00f6nemli yat\u0131r\u0131m\u0131n Ba\u015fak\u015fehir&#8217;e ayr\u0131 bir g\u00fczellik, ayr\u0131 bir de\u011fer kat\u0131\u011f\u0131n\u0131 ifade eden Erdo\u011fan, h\u0131zla geli\u015fen, n\u00fcfusu h\u0131zla artan, \u0130stanbul&#8217;un adeta modern y\u00fcz\u00fc olan Ba\u015fak\u015fehir&#8217;in b\u00f6yle bir yat\u0131r\u0131m\u0131 hak etti\u011fini s\u00f6yledi.<\/p>\n<p style=\"text-align: justify;\">Erdo\u011fan, 200 bine yakla\u015fan n\u00fcfusuyla, daha kaliteli, daha yo\u011fun hizmet alabilmesi i\u00e7in Ba\u015fak\u015fehir&#8217;in il\u00e7e olmas\u0131 gerekti\u011fini d\u00fc\u015f\u00fcnd\u00fcklerini ve 2008 y\u0131l\u0131nda \u00e7\u0131kard\u0131klar\u0131 bir yasa kapsam\u0131nda Ba\u015fak\u015fehir&#8217;i il\u00e7e yapt\u0131klar\u0131n\u0131, 2009 yerel se\u00e7imlerinde Ba\u015fak\u015fehir&#8217;in ilk Belediye Ba\u015fkan\u0131 unvan\u0131n\u0131 alarak se\u00e7ilen Mevl\u00fct Uysal&#8217;\u0131n da Ba\u015fak\u015fehir&#8217;i hizmetle donatman\u0131n gayreti i\u00e7ine girdi\u011fini anlatt\u0131.<\/p>\n<p style=\"text-align: justify;\">\u015eu anda Ba\u015fak\u015fehir&#8217;in, h\u00fck\u00fcmet yat\u0131r\u0131mlar\u0131n\u0131n, B\u00fcy\u00fck\u015fehir Belediyesi yat\u0131r\u0131mlar\u0131n\u0131n yan\u0131nda, il\u00e7e belediyesinin de yo\u011fun gayretleriyle, Avrupa standartlar\u0131nda, en modern standartlarda bir il\u00e7e olarak b\u00fcy\u00fcmeye devam etti\u011fini ifade eden Erdo\u011fan, &#8221;Ben her zaman ifade ediyorum, kalk\u0131nma, ilerleme, b\u00fcy\u00fcme i\u00e7in tek ba\u015f\u0131na kamu yat\u0131r\u0131mlar\u0131 asla yeterli olamaz. Devlet yol yapacak, okul yapacak, hastane yapacak, b\u00fcy\u00fck alt yap\u0131 yat\u0131r\u0131mlar\u0131n\u0131 ger\u00e7ekle\u015ftirecek ama as\u0131l olan, \u00f6zel sekt\u00f6r\u00fcn bu yollardan, a\u00e7\u0131lan kap\u0131lardan ge\u00e7ip yat\u0131r\u0131m yapmas\u0131, istihdam sa\u011flamas\u0131d\u0131r. Sa\u011flam bir b\u00fcy\u00fcmeyi, sa\u011fl\u0131kl\u0131 bir kalk\u0131nmay\u0131, d\u00fcnya ile rekabeti sa\u011flayabilecek bir ekonomik ilerlemeyi ancak bu \u015fekilde tesis edebiliriz&#8221; dedi.<\/p>\n<p style=\"text-align: justify;\">Ba\u015fbakan Erdo\u011fan, 2002 y\u0131l\u0131nda g\u00f6revi devrald\u0131klar\u0131nda T\u00fcrkiye&#8217;de toplam yat\u0131r\u0131m miktar\u0131n\u0131n sadece 59 milyar lira seviyesinde oldu\u011funu, bunun 43 milyar liras\u0131n\u0131n \u00f6zel sekt\u00f6r yat\u0131r\u0131m\u0131, 16 milyar liras\u0131n\u0131n da kamu yat\u0131r\u0131m\u0131 oldu\u011funu vurgulad\u0131.<\/p>\n<p style=\"text-align: justify;\">K\u00fcresel krize ra\u011fmen 2009 y\u0131l\u0131 sonunda toplam yat\u0131r\u0131mlar\u0131n yakla\u015f\u0131k \u00fc\u00e7 kat art\u0131\u015fla 161 milyar liraya ula\u015ft\u0131\u011f\u0131n\u0131, bunun 126 milyar\u0131n\u0131n \u00f6zel sekt\u00f6r, 35 milyar\u0131n\u0131n da kamu yat\u0131r\u0131m\u0131 oldu\u011funu belirten Erdo\u011fan, &#8221;Kamu yat\u0131r\u0131m\u0131 iki kat artarken, \u00f6zel sekt\u00f6r yat\u0131r\u0131m\u0131 tam \u00fc\u00e7 kat artt\u0131. 2002 y\u0131l\u0131nda, bankalar\u0131n verdi\u011fi ticari kredi miktar\u0131 22 milyar lira iken, \u015fu anda ticari kredi miktar\u0131 t\u00fcm zamanlar\u0131n rekor seviyesine, 229 milyar liraya ula\u015ft\u0131. Yani ticari krediler 8 y\u0131lda 10 kattan fazla art\u0131\u015f kaydetti. \u0130stikrar ortam\u0131, g\u00fcven ortam\u0131 T\u00fcrkiye&#8217;yi b\u00fcy\u00fct\u00fcyor, ekonomiyi canland\u0131r\u0131yor, T\u00fcrkiye&#8217;nin g\u00fcc\u00fcne g\u00fc\u00e7 kat\u0131yor. Demokratikle\u015fme ad\u0131mlar\u0131m\u0131z, Avrupa Birli\u011fi s\u00fcrecindeki reformlar\u0131m\u0131z, aktif d\u0131\u015f politikam\u0131z T\u00fcrkiye&#8217;yi k\u00fcresel bir oyuncu haline getiriyor, bir cazibe merkezine d\u00f6n\u00fc\u015ft\u00fcr\u00fcyor. T\u00fcrkiye, demokrasisiyle, k\u00fcresel krize ra\u011fmen b\u00fcy\u00fcyen ekonomisiyle, b\u00f6lgesinde, d\u00fcnyada artan itibar\u0131yla ad\u0131ndan daha \u00e7ok s\u00f6z ettiriyor, ilgiyle, dikkatle, takdirle izleniyor&#8221; diye konu\u015ftu.<\/p>\n<p style=\"text-align: justify;\">Erdo\u011fan, T\u00fcrkiye&#8217;nin 8 y\u0131l \u00f6nce milli gelirinin 230 milyar dolar oldu\u011funu an\u0131msatarak, 8 y\u0131lda bunu 3 kattan fazla art\u0131rd\u0131klar\u0131n\u0131 ve 730 milyar dolara \u00e7\u0131kard\u0131klar\u0131n\u0131 s\u00f6yledi.<\/p>\n<p style=\"text-align: justify;\">8 y\u0131l \u00f6nce 36 milyar dolar olan ihracat\u0131n \u015fimdi 114 milyar dolara ula\u015ft\u0131\u011f\u0131n\u0131 da ifade eden Erdo\u011fan, devletin bor\u00e7lanma faizinin o d\u00f6nemde y\u00fczde 64 oldu\u011funu, \u015fimdi ise devletin y\u00fczde 7 bor\u00e7lanma faizi \u00f6dedi\u011fini dile getirdi.<\/p>\n<p style=\"text-align: justify;\"><strong>&#8221;BUNLARIN HEDEF\u0130 YOK&#8221;<\/strong><\/p>\n<p style=\"text-align: justify;\">Erdo\u011fan, enflasyonun y\u00fczde 30&#8217;dan 6.4&#8217;e d\u00fc\u015ft\u00fc\u011f\u00fcn\u00fc de kaydederek, \u015f\u00f6yle devam etti:<\/p>\n<p style=\"text-align: justify;\">&#8221;23,5 milyar dolar, MHP-DSP-ANAP IMF&#8217;ye bor\u00e7lanm\u0131\u015ft\u0131. Bize \u00f6yle devrettiler ama \u015fimdi bizim 5,5 milyar dolar IMF&#8217;ye borcumuz kald\u0131. Onlar bor\u00e7land\u0131 biz temizliyoruz. Bunlar milliyet\u00e7i de\u011fil mi? Milli bankam\u0131z Merkez Bankas\u0131, 27,5 milyar dolar d\u00f6viz rezervi vard\u0131. \u015eimdi Merkez Bankas\u0131n\u0131n d\u00f6viz rezervi 82 milyar dolar. Nereden nereye \u00e7\u0131kt\u0131k. Onlar bo\u015faltt\u0131, biz doldurduk, dolduruyoruz. Daha iyi olaca\u011f\u0131z, daha g\u00fc\u00e7l\u00fc olaca\u011f\u0131z. \u00c7\u00fcnk\u00fc bize o yak\u0131\u015f\u0131r. Yeniden b\u00fcy\u00fck T\u00fcrkiye&#8217;nin yolu buradan ge\u00e7iyor.<\/p>\n<p style=\"text-align: justify;\">Bunlar\u0131n hedefi yok, projesi yok. \u015eimdiden se\u00e7imi kaybetmi\u015f durumdalar, \u015fimdiden yenilgiyi kabullenmi\u015f durumdalar; daha \u015fimdiden yenilgiye mazeret araman\u0131n \u00e7abas\u0131 i\u00e7erisine girmi\u015f durumdalar. &#8216;Acaba korku salarak birilerini kand\u0131r\u0131r m\u0131y\u0131z, biraz oy elde edebilir miyiz?&#8217; diye. \u0130\u015fte kalk\u0131p diyor ki; &#8216;ayda 600 TL en az, 1200 TL en fazla evdeki han\u0131ma para verece\u011fiz&#8217; diyor. Ben milletime diyorum ki &#8216;siz buna inan\u0131yor musunuz?&#8217; Bize oy versin vermesin, 74 milyon vatanda\u015f\u0131ma diyorum ki; (Ne olur 8 y\u0131l \u00f6ncesine bak\u0131n, bug\u00fcne bak\u0131n. 80&#8217;leri, 90&#8217;lar\u0131, bundan tam 10 y\u0131l, 20 y\u0131l \u00f6ncesi ya\u015fanm\u0131\u015f krizleri hat\u0131rlay\u0131n. Sonra bug\u00fcne bak\u0131n, 8 y\u0131l \u00f6nceki \u00f6zg\u00fcrl\u00fcklere, 8 y\u0131l \u00f6nceki demokratik standartlara bak\u0131n, bug\u00fcnk\u00fclere bak\u0131n. 8 y\u0131l \u00f6nceki yollara, okullara, hastanelere, konutlara bak\u0131n, bug\u00fcnk\u00fclere bak\u0131n).&#8221;<\/p>\n<p style=\"text-align: justify;\">Erdo\u011fan, B\u00fcy\u00fck\u015fehir Belediye Ba\u015fkanl\u0131\u011f\u0131 d\u00f6neminde Ba\u015fak\u015fehir&#8217;i 17 bin 500 konutta b\u0131rakt\u0131\u011f\u0131n\u0131 dile getirerek, \u015fimdi burada 58 bin konutta ula\u015f\u0131ld\u0131\u011f\u0131n\u0131 s\u00f6yledi.<\/p>\n<p style=\"text-align: justify;\">Buradaki evlerin refah seviyesini g\u00f6sterdi\u011fini ifade eden Erdo\u011fan, vatanda\u015f\u0131n daha iyilerine de lay\u0131k oldu\u011funu kaydetti.<\/p>\n<p style=\"text-align: justify;\"><strong>&#8221;HERKES\u0130N YA\u015eAM TARZINA SAYGILIYIZ&#8221;<\/strong><\/p>\n<p style=\"text-align: justify;\">Ba\u015fbakan Erdo\u011fan, \u015f\u00f6yle devam etti:<\/p>\n<p style=\"text-align: justify;\">&#8221;Elimizi vicdan\u0131m\u0131za koyal\u0131m, vicdan\u0131m\u0131zla karar verelim. Vicdan\u0131m\u0131zla de\u011ferlendirme yapal\u0131m -\u00f6nceki g\u00fcn de s\u00f6yledim- biz bize oy verenlerin de\u011fil 74 milyonun h\u00fck\u00fcmetiyiz. Herkesin ya\u015fam tarz\u0131na sayg\u0131l\u0131y\u0131z. Herkesin g\u00f6r\u00fc\u015f\u00fcne, d\u00fc\u015f\u00fcn\u00fc\u015f\u00fcne, ifade \u00f6zg\u00fcrl\u00fc\u011f\u00fcne, hakk\u0131na, hukukuna sayg\u0131l\u0131y\u0131z. Bize birileri durmadan fatura kesip duruyor. \u0130\u00e7eride ne oluyor, ne bitiyor bilmeden fatura kesiyor. Vars\u0131n kessinler ama biz \u00f6yle bakm\u0131yoruz. &#8216;At denize bal\u0131k bilmezse, Halik bilir&#8217; diyoruz.&#8221;<\/p>\n<p style=\"text-align: justify;\">Erdo\u011fan, 6 bin 100 kilometre olarak devrald\u0131klar\u0131 duble yollar\u0131n \u00fczerine 7 senede 13 bin 600 kilometre duble yol ilave ettiklerini belirterek, &#8221;Yolsuzluklar\u0131n h\u00fck\u00fcmeti bunlar\u0131 yapabilir mi?&#8221; diye sordu.<\/p>\n<p style=\"text-align: justify;\">Sa\u011fl\u0131kta reform ger\u00e7ekle\u015ftirdiklerini de kaydeden Erdo\u011fan, \u015fimdi ila\u00e7lar\u0131n istenilen eczaneden al\u0131nabildi\u011fini ifade etti.<\/p>\n<p style=\"text-align: justify;\">Erdo\u011fan, \u00e7ok yak\u0131nda Olimpiyat Stad\u0131&#8217;n\u0131n yan\u0131nda dev bir \u015fehir hastanesi kuracaklar\u0131n\u0131 da belirterek, bu t\u00fcr kent hastanelerini Anadolu Yakas\u0131nda ve Ankara, \u0130zmir gibi b\u00fcy\u00fck\u015fehirde kuracaklar\u0131n\u0131 da anlatt\u0131.<\/p>\n<p style=\"text-align: justify;\">Ba\u015fbakan Erdo\u011fan, \u015f\u00f6yle devam etti:<\/p>\n<p style=\"text-align: justify;\">&#8221;\u015eehirlerimizi do\u011falgazla bulu\u015ftururken, ekonomiyi b\u00fcy\u00fct\u00fcrken bunu AK Partililer i\u00e7in de\u011fil, 74 milyon i\u00e7in yap\u0131yoruz. Demokrasinin standartlar\u0131n\u0131 y\u00fckseltirken, \u00f6zg\u00fcrl\u00fckleri geni\u015fletirken bunu bize oy verenler i\u00e7in de\u011fil, 74 milyon i\u00e7in yap\u0131yoruz. Biz T\u00fcrkiye&#8217;yi b\u00fcy\u00fct\u00fcrken, itibar\u0131n\u0131 y\u00fckseltirken belli bir kesim i\u00e7in de\u011fil, 780 bin kilometrekare vatan topraklar\u0131 i\u00e7in yap\u0131yoruz. Hi\u00e7 kimse korkmas\u0131n, hi\u00e7 kimsenin endi\u015fesi olmas\u0131n, hi\u00e7 kimse kendisini tehdit alt\u0131nda hissetmesin, hi\u00e7 kimse de muhalefetin, onun yanda\u015f, canda\u015f medyas\u0131n\u0131n art\u0131k o bayatlam\u0131\u015f korku kampanyalar\u0131na kanmas\u0131n, aldanmas\u0131n.&#8221;<\/p>\n<p style=\"text-align: justify;\">Bu arada Erdo\u011fan ve beraberindekiler kurdeleyi keserek, Olimpa Al\u0131\u015fveri\u015f Merkezi&#8217;ni hizmete a\u00e7arak, gezdi. Bu s\u0131rada merkezde dahili hoparl\u00f6rlerden &#8221;Beraber Y\u00fcr\u00fcd\u00fck Biz Bu Yollarda&#8221; \u015fark\u0131s\u0131 \u00e7al\u0131nd\u0131. Erdo\u011fan, merkezin \u00fcst kat\u0131nda kurulan \u0130SMEK sergisini de gezdi. Bu s\u0131rada Erdo\u011fan&#8217;a, Ebru bir eser ile bir tablo hediye edildi.<\/p>\n<p style=\"text-align: justify;\"><strong>FUZUL GRUP Y\u00d6NET\u0130M KURULU BA\u015eKANI<\/strong><\/p>\n<p style=\"text-align: justify;\">Fuzul Grup Y\u00f6netim Kurulu Ba\u015fkan\u0131 Mahmut Akbal da 15 ay gibi k\u0131sa s\u00fcrede tamamlad\u0131klar\u0131 projelerinin hayata ge\u00e7ti\u011fini, &#8221;Al\u0131\u015fveri\u015f Olimpiyat\u0131 Ba\u015fl\u0131yor&#8221; slogan\u0131yla a\u00e7\u0131lan merkezin, il\u00e7enin modern y\u00fcz\u00fcne katk\u0131 sa\u011flamak amac\u0131yla tasarlad\u0131klar\u0131n\u0131 kaydetti.<\/p>\n<p style=\"text-align: justify;\">Al\u0131\u015fveri\u015f merkezinin b\u00f6lgenin ilk ve tek al\u0131\u015fveri\u015f merkezi oldu\u011funu ve b\u00f6lgede ya\u015fayanlar\u0131n her t\u00fcrl\u00fc beklentilerini ayn\u0131 anda kar\u015f\u0131lama imkan\u0131 bulacaklar\u0131n\u0131 belirten Akbal, 45 milyon dolar yat\u0131r\u0131mla ger\u00e7ekle\u015fen al\u0131\u015fveri\u015f merkezinin \u00e7ok say\u0131da yerli ve yabanc\u0131 se\u00e7kin say\u0131da markayla zengin se\u00e7enekler sunaca\u011f\u0131n\u0131 s\u00f6yledi.<\/p>\n<p style=\"text-align: justify;\">Akbal, al\u0131\u015fveri\u015f merkezinin \u015f\u0131k ve modern mimarisinin yan\u0131 s\u0131ra T\u00fcrkiye&#8217;nin ilk b\u00f6lgesel al\u0131\u015fveri\u015f merkezi oldu\u011funu ve 1500 ki\u015fiye istihdam sa\u011flayaca\u011f\u0131n\u0131 belirtti.<\/p>\n<p style=\"text-align: justify;\"><strong>OL\u0130MPA ALI\u015eVER\u0130\u015e MERKEZ\u0130<\/strong><\/p>\n<p style=\"text-align: justify;\">Fuzul Yap\u0131&#8217;n\u0131n 10 bin metrekare arsa \u00fczerinde 40 bin metrekare in\u015faat alan\u0131na sahip olan al\u0131\u015fveri\u015f merkezinde giyimden, teknolojiye, hediyelik e\u015fyadan e\u011flenceye, yiyecekten spora kadar b\u00f6lgenin t\u00fcm ihtiya\u00e7lar\u0131n\u0131 kar\u015f\u0131layacak 68 ma\u011faza bulunuyor. 6 kattan olu\u015fan al\u0131\u015fveri\u015f merkezinde 400 ara\u00e7 kapasiteli kapal\u0131, 250 ara\u00e7 kapasiteli a\u00e7\u0131k otopark bulunuyor.<\/p>\n<p style=\"text-align: justify;\">Tedarik\u00e7ileriyle birlikte 1500 ki\u015fiye istihdam sa\u011flad\u0131\u011f\u0131 belirtilen Olimpa AVM&#8217;nin n\u00fcfusu 500 bine ula\u015fmas\u0131 beklenen il\u00e7enin t\u00fcm al\u0131\u015fveri\u015f ihtiyac\u0131n\u0131 kar\u015f\u0131layarak \u0130stanbul&#8217;un trafik sorununa da olumlu katk\u0131da bulunmas\u0131 bekleniyor.<\/p>\n<p style=\"text-align: justify;\"><a href=\"http:\/\/www.gazeteport.com.tr\/SIYASET\/NEWS\/GP_856777\" target=\"_blank\"><span style=\"color: #888888;\">Kaynak : GAZETEPORT<\/span><\/a><\/p>\n","protected":false},"excerpt":{"rendered":"<p style=\"text-align: justify;\">\n<p style=\"text-align: justify;\">Ba\u015fbakan Recep Tayyip Erdo\u011fan, &#8220;Ben diyorum ki &#8216;partim ikinci parti olursa genel ba\u015fkanl\u0131\u011f\u0131 b\u0131rak\u0131r, Anadolu&#8217;nun yollar\u0131na d\u00fc\u015ferim, halk\u0131m\u0131n i\u00e7ine kat\u0131l\u0131r orada \u00e7al\u0131\u015f\u0131r\u0131m&#8221; dedi.<\/p>\n<p style=\"text-align: justify;\">Erdo\u011fan, &#8220;\u0130\u015fte bug\u00fcn Van&#8217;da yine bir konu\u015fma yap\u0131yor o da \u00e7ok enteresan, \u00e7ok ilgin\u00e7. \u00c7ocuklu\u011funda Van Denizi&#8217;nde ilk defa vapura binmi\u015f. Van G\u00f6l\u00fc ne zaman <\/p>\n","protected":false},"author":1,"featured_media":0,"comment_status":"open","ping_status":"closed","sticky":false,"template":"","format":"standard","meta":{"footnotes":""},"categories":[105],"tags":[],"class_list":["post-28737","post","type-post","status-publish","format-standard","hentry","category-gundem","odd"],"_links":{"self":[{"href":"http:\/\/www.korhanyilmaz.com\/index.php?rest_route=\/wp\/v2\/posts\/28737","targetHints":{"allow":["GET"]}}],"collection":[{"href":"http:\/\/www.korhanyilmaz.com\/index.php?rest_route=\/wp\/v2\/posts"}],"about":[{"href":"http:\/\/www.korhanyilmaz.com\/index.php?rest_route=\/wp\/v2\/types\/post"}],"author":[{"embeddable":true,"href":"http:\/\/www.korhanyilmaz.com\/index.php?rest_route=\/wp\/v2\/users\/1"}],"replies":[{"embeddable":true,"href":"http:\/\/www.korhanyilmaz.com\/index.php?rest_route=%2Fwp%2Fv2%2Fcomments&post=28737"}],"version-history":[{"count":0,"href":"http:\/\/www.korhanyilmaz.com\/index.php?rest_route=\/wp\/v2\/posts\/28737\/revisions"}],"wp:attachment":[{"href":"http:\/\/www.korhanyilmaz.com\/index.php?rest_route=%2Fwp%2Fv2%2Fmedia&parent=28737"}],"wp:term":[{"taxonomy":"category","embeddable":true,"href":"http:\/\/www.korhanyilmaz.com\/index.php?rest_route=%2Fwp%2Fv2%2Fcategories&post=28737"},{"taxonomy":"post_tag","embeddable":true,"href":"http:\/\/www.korhanyilmaz.com\/index.php?rest_route=%2Fwp%2Fv2%2Ftags&post=28737"}],"curies":[{"name":"wp","href":"https:\/\/api.w.org\/{rel}","templated":true}]}}