{"id":28731,"date":"2011-02-20T16:16:38","date_gmt":"2011-02-20T14:16:38","guid":{"rendered":"http:\/\/www.korhanyilmaz.com\/?p=28731"},"modified":"2011-02-20T16:16:38","modified_gmt":"2011-02-20T14:16:38","slug":"allianoi-sulara-gomuldu","status":"publish","type":"post","link":"http:\/\/www.korhanyilmaz.com\/?p=28731","title":{"rendered":"Allianoi sulara g\u00f6m\u00fcld\u00fc"},"content":{"rendered":"<p style=\"text-align: justify;\"><a href=\"http:\/\/www.korhanyilmaz.com\/wp-content\/uploads\/2011\/02\/506.jpg\"  class=\"lightview\"><img loading=\"lazy\" decoding=\"async\" class=\"aligncenter size-full wp-image-28732\" src=\"http:\/\/www.korhanyilmaz.com\/wp-content\/uploads\/2011\/02\/506.jpg\" alt=\"\" width=\"414\" height=\"220\" \/><\/a><\/p>\n<p style=\"text-align: justify;\">Yakla\u015f\u0131k 2 bin y\u0131ll\u0131k tarihe sahip, hidroterapiyle tedavi uyguland\u0131\u011f\u0131na inan\u0131lan, \u00fczerinin kapanmas\u0131 tart\u0131\u015fma konusu ve mahkemelik olan \u0130zmir&#8217;in Bergama \u0130l\u00e7esi&#8217;ndeki Allianoi Antik kenti, Yortanl\u0131 Baraj\u0131&#8217;n\u0131n kapaklar\u0131n\u0131n kapanmas\u0131yla suya g\u00f6m\u00fcld\u00fc.<!--more--><\/p>\n<p style=\"text-align: justify;\">\u0130ZM\u0130R- \u0130\u00e7erisinden &#8216;Peri K\u0131z\u0131&#8217; gibi y\u00fczlerce tarihi eserin g\u00fcn y\u00fcz\u00fcne \u00e7\u0131kar\u0131ld\u0131\u011f\u0131, &#8216;sa\u011fl\u0131k merkezi&#8217; olarak bilinen Allianoi Antik Kenti, yak\u0131n\u0131ndaki Yortanl\u0131 Baraj G\u00f6l\u00fc Havzas\u0131 i\u00e7inde kald\u0131\u011f\u0131 i\u00e7in \u0130zmir 2 Numaral\u0131 K\u00fclt\u00fcr ve Tabiat Varl\u0131klar\u0131 Koruma Kurulu&#8217;nun karar\u0131yla kumla kapat\u0131ld\u0131. Kamuoyunda b\u00fcy\u00fck tart\u0131\u015fma yaratan ve mahkemelik olan kararla ilgili hukuki s\u00fcre\u00e7 s\u00fcrerken, antik kent, ge\u00e7en 31 Aral\u0131k&#8217;ta baraj kapaklar\u0131n\u0131n kapanmas\u0131yla suya g\u00f6m\u00fclmeye ba\u015flad\u0131. Onlarca \u00e7e\u015fme, k\u00f6pr\u00fc, s\u00fctun gibi eser, kum alt\u0131nda kal\u0131rken, \u015fu ana kadar \u00fczerinde 18 milyon metrek\u00fcp suyun da birikti\u011fi bildirildi. Toplam kapasitesi 61 milyon metrek\u00fcp olan, antik kentin de i\u00e7inde bulundu\u011fu baraj havzas\u0131ndaki a\u011fa\u00e7lar da Orman B\u00f6lge M\u00fcd\u00fcrl\u00fc\u011f\u00fc yetkilileri ve k\u00f6yl\u00fcler taraf\u0131ndan kesilmeye ba\u015fland\u0131. Baraj sular\u0131 nedeniyle, sulara g\u00f6m\u00fclen antik kentin tam ortas\u0131ndan ge\u00e7en \u0130vrindi-Bergama eski karayolu da trafi\u011fe kapand\u0131.<\/p>\n<p style=\"text-align: justify;\"><strong>TEMENN\u0130 OLMADI<\/strong><\/p>\n<p style=\"text-align: justify;\"><a href=\"http:\/\/www.korhanyilmaz.com\/wp-content\/uploads\/2011\/02\/507.jpg\"  class=\"lightview\"><img loading=\"lazy\" decoding=\"async\" class=\"alignleft size-full wp-image-28733\" style=\"margin-left: 10px; margin-right: 10px;\" src=\"http:\/\/www.korhanyilmaz.com\/wp-content\/uploads\/2011\/02\/507.jpg\" alt=\"\" width=\"300\" height=\"199\" \/><\/a>Antik kentin suya g\u00f6m\u00fclmesi yeni tepkileri de beraberinde getirirken, Allianoi Giri\u015fim Grubu D\u00f6nem S\u00f6zc\u00fcs\u00fc \u0130ffet Diler&#8217;in, ge\u00e7en ayki bilirki\u015fi ke\u015ffi s\u0131ras\u0131nda, &#8220;Cemre d\u00fc\u015ft\u00fc\u011f\u00fcnde biz yine Allianoi&#8217;de olaca\u011f\u0131z. Alliaoni o g\u00fcn yine g\u00fcne\u015fle bulu\u015facak&#8221; temennisi ise ilk cemrenin havaya d\u00fc\u015ft\u00fc\u011f\u00fc d\u00fcn yerine gelmemi\u015f oldu.<\/p>\n<p style=\"text-align: justify;\"><strong>&#8220;SU \u00dcZER\u0130NE YAZILAN KARARLAR&#8221;<\/strong><\/p>\n<p style=\"text-align: justify;\">Antik kentin mahkeme kararlar\u0131na ra\u011fmen suya g\u00f6m\u00fclmesine tepki g\u00f6sterenlerden Avukat Arif Ali Cang\u0131 ise, \u015funlar\u0131 s\u00f6yledi:<\/p>\n<p style=\"text-align: justify;\">&#8220;Allianoi ile asl\u0131nda 2005 y\u0131l\u0131ndan beri y\u00fcr\u00fct\u00fclen hukuksal m\u00fccadelede kaybedilen bir dava olmad\u0131. En son koruma kurulunun alm\u0131\u015f oldu\u011fu kuma g\u00f6mme ve su alt\u0131na b\u0131rakma hakk\u0131ndaki davalar da \u015fu an ola\u011fan s\u00fcre\u00e7te. Mahalde ke\u015fif yap\u0131ld\u0131. Ancak ke\u015fif yap\u0131ld\u0131\u011f\u0131 zaman zaten \u00fczeri kumla \u00f6rt\u00fclm\u00fc\u015f vaziyetteydi. \u015eimdi bilirki\u015fi raporu bekleniyor. Raporun ard\u0131ndan y\u00fcr\u00fctmeyi durdurmayla ilgili bir karar verilecek. Ancak g\u00f6r\u00fcl\u00fcyorki, burada yap\u0131lan bir taraftan tarih katliam\u0131 yapmak, bir taraftan da hukuksal bir mahkeme karar\u0131n\u0131 katletmektir. Bu a\u015famadan sonra mahkemelerce verilecek her karar, su \u00fczerine yaz\u0131lacakt\u0131r. Y\u00fcr\u00fctme karar\u0131n\u0131n durdurulmas\u0131yla ilgili karar beklenmeden yap\u0131ld\u0131\u011f\u0131 i\u00e7in bu i\u015flemler, ciddi anlamda bir su\u00e7u do\u011furuyor. G\u00f6z g\u00f6re g\u00f6re, y\u00f6neticilerin vicdans\u0131zca icraatlar\u0131 bu duruma getirdi&#8221; diye konu\u015ftu, Cang\u0131, &#8220;Biz, suya da g\u00f6m\u00fclse yine de antik kentin tarihi i\u00e7in m\u00fccadelemizi s\u00fcrd\u00fcrece\u011fiz.&#8221;<\/p>\n<p style=\"text-align: center;\"><a href=\"http:\/\/www.korhanyilmaz.com\/wp-content\/uploads\/2011\/02\/508.jpg\"  class=\"lightview\"><img loading=\"lazy\" decoding=\"async\" class=\"aligncenter size-full wp-image-28734\" src=\"http:\/\/www.korhanyilmaz.com\/wp-content\/uploads\/2011\/02\/508.jpg\" alt=\"\" width=\"449\" height=\"231\" \/><\/a><\/p>\n<p style=\"text-align: justify;\"><strong>NELER OLDU?<\/strong><\/p>\n<p style=\"text-align: justify;\">Bergama&#8217;ya yakla\u015f\u0131k 15 kilometre uzakl\u0131kta bulunan, sa\u011fl\u0131k tanr\u0131s\u0131 Asklepion&#8217;a adanan Allianoi adl\u0131 antik tedavi ve sa\u011fl\u0131k merkezi, 1998 y\u0131l\u0131ndaki kaz\u0131 \u00e7al\u0131\u015fmalar\u0131nda ke\u015ffedilmi\u015fti. 2001 y\u0131l\u0131nda birinci derece arkeolojik sit alan\u0131 olarak kabul edilen Alianoi de yap\u0131lan kaz\u0131 \u00e7al\u0131\u015fmalar\u0131nda, `Peri K\u0131z\u0131&#8217; adl\u0131 \u00fcnl\u00fc tarihi heykelin yan\u0131s\u0131ra 11 bin sikke, 400 civar\u0131nda t\u0131bbi alet, y\u00fczlerce kemik, seramik eser, \u00e7e\u015fme, s\u00fctun, hamam ve kemerli k\u00f6pr\u00fc g\u00fcn y\u00fcz\u00fcne \u00e7\u0131kar\u0131lm\u0131\u015ft\u0131. D\u00fcnyan\u0131n en iyi korunan kapl\u0131cas\u0131 oldu\u011fu kaydedilen Allianoi&#8217;yle ilgili \u0130zmir 2 Numaral\u0131 K\u00fclt\u00fcr ve Tabiat Varl\u0131klar\u0131 Koruma Kurulu, sulama ama\u00e7l\u0131 kurulan baraj\u0131n havzas\u0131 i\u00e7inde kald\u0131\u011f\u0131 i\u00e7in \u00fczerinin kumla kapat\u0131l\u0131p su tutacak hale getirilmesine karar verdi. \u00c7e\u015fitli \u00e7evre \u00f6rg\u00fctlerinin tepkisine neden olan, a\u00e7\u0131klamalar\u0131yla \u00c7evre ve Orman Bakan\u0131 Veysel Ero\u011flu ile sanat\u00e7\u0131 Tarkan&#8217;\u0131 da kar\u015f\u0131 kar\u015f\u0131ya getiren i\u015flem uygulamaya konulurken, koruma kurulunun karar\u0131na kar\u015f\u0131, y\u00fcr\u00fctmeyi durdurma istemiyle a\u00e7\u0131lan \u0130zmir 4&#8217;\u00fcnc\u00fc \u0130dare Mahkemesi&#8217;ndeki dava da ke\u015fif heyeti ge\u00e7en ay incelemelerde bulunmu\u015f, raporunu halen a\u00e7\u0131klamam\u0131\u015ft\u0131.<\/p>\n<p style=\"text-align: justify;\"><a href=\"http:\/\/www.gazeteport.com.tr\/GUNCEL\/NEWS\/GP_856764\" target=\"_blank\"><span style=\"color: #888888;\">Kaynak : GAZETEPORT<\/span><\/a><\/p>\n","protected":false},"excerpt":{"rendered":"<p style=\"text-align: justify;\">\n<p style=\"text-align: justify;\">Yakla\u015f\u0131k 2 bin y\u0131ll\u0131k tarihe sahip, hidroterapiyle tedavi uyguland\u0131\u011f\u0131na inan\u0131lan, \u00fczerinin kapanmas\u0131 tart\u0131\u015fma konusu ve mahkemelik olan \u0130zmir&#8217;in Bergama \u0130l\u00e7esi&#8217;ndeki Allianoi Antik kenti, Yortanl\u0131 Baraj\u0131&#8217;n\u0131n kapaklar\u0131n\u0131n kapanmas\u0131yla suya g\u00f6m\u00fcld\u00fc.<\/p>\n","protected":false},"author":1,"featured_media":0,"comment_status":"open","ping_status":"closed","sticky":false,"template":"","format":"standard","meta":{"footnotes":""},"categories":[105],"tags":[],"class_list":["post-28731","post","type-post","status-publish","format-standard","hentry","category-gundem","odd"],"_links":{"self":[{"href":"http:\/\/www.korhanyilmaz.com\/index.php?rest_route=\/wp\/v2\/posts\/28731","targetHints":{"allow":["GET"]}}],"collection":[{"href":"http:\/\/www.korhanyilmaz.com\/index.php?rest_route=\/wp\/v2\/posts"}],"about":[{"href":"http:\/\/www.korhanyilmaz.com\/index.php?rest_route=\/wp\/v2\/types\/post"}],"author":[{"embeddable":true,"href":"http:\/\/www.korhanyilmaz.com\/index.php?rest_route=\/wp\/v2\/users\/1"}],"replies":[{"embeddable":true,"href":"http:\/\/www.korhanyilmaz.com\/index.php?rest_route=%2Fwp%2Fv2%2Fcomments&post=28731"}],"version-history":[{"count":0,"href":"http:\/\/www.korhanyilmaz.com\/index.php?rest_route=\/wp\/v2\/posts\/28731\/revisions"}],"wp:attachment":[{"href":"http:\/\/www.korhanyilmaz.com\/index.php?rest_route=%2Fwp%2Fv2%2Fmedia&parent=28731"}],"wp:term":[{"taxonomy":"category","embeddable":true,"href":"http:\/\/www.korhanyilmaz.com\/index.php?rest_route=%2Fwp%2Fv2%2Fcategories&post=28731"},{"taxonomy":"post_tag","embeddable":true,"href":"http:\/\/www.korhanyilmaz.com\/index.php?rest_route=%2Fwp%2Fv2%2Ftags&post=28731"}],"curies":[{"name":"wp","href":"https:\/\/api.w.org\/{rel}","templated":true}]}}